{"id":23020,"date":"2022-11-21T19:41:11","date_gmt":"2022-11-21T19:41:11","guid":{"rendered":"http:\/\/www.iceagetv.com\/radiosite\/?p=23020"},"modified":"2022-11-21T19:41:47","modified_gmt":"2022-11-21T19:41:47","slug":"avez-vous-vu-cet-homme-principal-suspect-du-meurtre-dun-agent-de-la-baie-de-somme-tue-par-balle-mercredi-a-abbeville-la-police-lance-un-appel-a-temoins","status":"publish","type":"post","link":"https:\/\/www.iceagetv.com\/radiosite\/avez-vous-vu-cet-homme-principal-suspect-du-meurtre-dun-agent-de-la-baie-de-somme-tue-par-balle-mercredi-a-abbeville-la-police-lance-un-appel-a-temoins\/","title":{"rendered":"Avez-vous vu cet homme, principal suspect du meurtre d&rsquo;un agent de la Baie de Somme, tu\u00e9 par balle mercredi \u00e0 Abbeville ? La police lance un appel \u00e0 t\u00e9moins"},"content":{"rendered":"\n<p>Le parquet d&rsquo;Amiens lance ce soir un appel \u00e0 t\u00e9moin et diffus\u00e9 la photo du principal suspect du meurtre d&rsquo;un agent de la communaut\u00e9 d&rsquo;agglom\u00e9ration de la Baie de Somme, tu\u00e9 par balle mercredi \u00e0 Abbeville.<\/p>\n\n\n\n<p>\u00abLe service de la police judiciaire d&rsquo;Amiens r\u00e9alise de nombreuses investigations pour localiser et interpeller la derni\u00e8re personne ayant vu la victime en vie, qui est le principal suspect des faits\u00bb, \u00e9crit le procureur de la R\u00e9publique d&rsquo;Amiens dans un communiqu\u00e9.<\/p>\n\n\n\n<p>Il diffuse un appel \u00e0 t\u00e9moin comportant une photographie de l&rsquo;int\u00e9ress\u00e9, un homme de 47 ans de type \u00abcaucasien\u00bb d\u00e9nomm\u00e9 \u00abVincent M.\u00bb.<\/p>\n\n\n\n<p>\u00abCet individu \u00e9tant susceptible d&rsquo;\u00eatre dangereux et arm\u00e9, aucune intervention directe ne doit \u00eatre tent\u00e9e par un t\u00e9moin\u00bb, met en garde la procureur.<\/p>\n\n\n\n<p>\u00c2g\u00e9 de 28 ans et connu des services de police pour des d\u00e9lits de droit commun, selon une source polici\u00e8re le jour du drame, Steven D. \u00e9tait d\u00e9c\u00e9d\u00e9 en fin de matin\u00e9e, touch\u00e9 alors qu&rsquo;il se trouvait dans une barque, o\u00f9 il participait \u00e0 une op\u00e9ration d&rsquo;\u00e9lagage.<\/p>\n\n\n\n<p><strong>Toute personne disposant d\u2019informations r\u00e9centes concernant cet individu, qui est recherch\u00e9 depuis le 16 novembre 2022, est invit\u00e9e \u00e0 contacter le num\u00e9ro suivant : 06 85 33 43 54. En cas d\u2019urgence, il est possible de contacter le 17 et le 112 (police secours)<\/strong><\/p>\n","protected":false},"excerpt":{"rendered":"<p>Le parquet d&rsquo;Amiens lance ce soir un appel \u00e0 t\u00e9moin et diffus\u00e9 la photo du principal suspect du meurtre d&rsquo;un agent de la communaut\u00e9 d&rsquo;agglom\u00e9ration de la Baie de Somme, tu\u00e9 par balle mercredi \u00e0 Abbeville. \u00abLe service de la police judiciaire d&rsquo;Amiens r\u00e9alise de nombreuses investigations pour localiser et interpeller la derni\u00e8re personne ayant [&hellip;]<\/p>\n","protected":false},"author":2,"featured_media":23021,"comment_status":"open","ping_status":"open","sticky":false,"template":"","format":"standard","meta":{"_jetpack_memberships_contains_paid_content":false,"footnotes":"","jetpack_publicize_message":"","jetpack_publicize_feature_enabled":true,"jetpack_social_post_already_shared":true,"jetpack_social_options":{"image_generator_settings":{"template":"highway","default_image_id":0,"font":"","enabled":false},"version":2},"_wpas_customize_per_network":false},"categories":[405],"tags":[],"class_list":["post-23020","post","type-post","status-publish","format-standard","has-post-thumbnail","hentry","category-actu-france-monde"],"jetpack_publicize_connections":[],"jetpack_featured_media_url":"https:\/\/i0.wp.com\/www.iceagetv.com\/radiosite\/wp-content\/uploads\/2022\/11\/principal-suspect-du-meurtre-dun-agent-de-la-Baie-de-Somme.jpg?fit=679%2C293&ssl=1","jetpack_sharing_enabled":true,"_links":{"self":[{"href":"https:\/\/www.iceagetv.com\/radiosite\/wp-json\/wp\/v2\/posts\/23020","targetHints":{"allow":["GET"]}}],"collection":[{"href":"https:\/\/www.iceagetv.com\/radiosite\/wp-json\/wp\/v2\/posts"}],"about":[{"href":"https:\/\/www.iceagetv.com\/radiosite\/wp-json\/wp\/v2\/types\/post"}],"author":[{"embeddable":true,"href":"https:\/\/www.iceagetv.com\/radiosite\/wp-json\/wp\/v2\/users\/2"}],"replies":[{"embeddable":true,"href":"https:\/\/www.iceagetv.com\/radiosite\/wp-json\/wp\/v2\/comments?post=23020"}],"version-history":[{"count":1,"href":"https:\/\/www.iceagetv.com\/radiosite\/wp-json\/wp\/v2\/posts\/23020\/revisions"}],"predecessor-version":[{"id":23022,"href":"https:\/\/www.iceagetv.com\/radiosite\/wp-json\/wp\/v2\/posts\/23020\/revisions\/23022"}],"wp:featuredmedia":[{"embeddable":true,"href":"https:\/\/www.iceagetv.com\/radiosite\/wp-json\/wp\/v2\/media\/23021"}],"wp:attachment":[{"href":"https:\/\/www.iceagetv.com\/radiosite\/wp-json\/wp\/v2\/media?parent=23020"}],"wp:term":[{"taxonomy":"category","embeddable":true,"href":"https:\/\/www.iceagetv.com\/radiosite\/wp-json\/wp\/v2\/categories?post=23020"},{"taxonomy":"post_tag","embeddable":true,"href":"https:\/\/www.iceagetv.com\/radiosite\/wp-json\/wp\/v2\/tags?post=23020"}],"curies":[{"name":"wp","href":"https:\/\/api.w.org\/{rel}","templated":true}]}}