{"id":23032,"date":"2022-11-22T17:12:12","date_gmt":"2022-11-22T17:12:12","guid":{"rendered":"http:\/\/www.iceagetv.com\/radiosite\/?p=23032"},"modified":"2022-11-22T17:13:05","modified_gmt":"2022-11-22T17:13:05","slug":"agent-du-fisc-tue-dans-le-pas-de-calais-le-procureur-indique-que-les-premiers-elements-de-lenquete-semblent-se-diriger-vers-un-acte-premedite-avec-des-liens-achetes-avant-les-faits","status":"publish","type":"post","link":"https:\/\/www.iceagetv.com\/radiosite\/agent-du-fisc-tue-dans-le-pas-de-calais-le-procureur-indique-que-les-premiers-elements-de-lenquete-semblent-se-diriger-vers-un-acte-premedite-avec-des-liens-achetes-avant-les-faits\/","title":{"rendered":"Agent du fisc tu\u00e9 dans le Pas-de-Calais &#8211; Le procureur indique que \u00ab\u00a0les premiers \u00e9l\u00e9ments de l&rsquo;enqu\u00eate semblent se diriger vers un acte pr\u00e9m\u00e9dit\u00e9, avec des liens achet\u00e9s avant les faits"},"content":{"rendered":"\n<p><strong>Les premiers \u00e9l\u00e9ments de l&rsquo;enqu\u00eate\u00bb sur la mort lundi d&rsquo;un agent du fisc lors d&rsquo;un contr\u00f4le chez un brocanteur du Pas-de-Calais \u00absemblent se diriger vers un acte pr\u00e9m\u00e9dit\u00e9\u00bb, a indiqu\u00e9 le procureur de la R\u00e9publique d&rsquo;Arras, Sylvain Barbier Sainte-Marie.<\/strong><\/p>\n\n\n\n<p>\u00abNous avons retrouv\u00e9 sur place des colliers de serrage\u00bb avec lesquels l&rsquo;inspecteur principal tu\u00e9 et une coll\u00e8gue ont \u00e9t\u00e9 attach\u00e9s, et \u00abces liens avaient \u00e9t\u00e9 probablement achet\u00e9s avant les faits\u00bb, sachant qu&rsquo;un rendez-vous avait \u00e9t\u00e9 fix\u00e9 pour le contr\u00f4le, a mis en avant le procureur lors d&rsquo;un point de presse \u00e0 l&rsquo;appui de cette th\u00e8se.<\/p>\n\n\n\n<p>L&rsquo;enqu\u00eate, men\u00e9e par la section de recherche de la gendarmerie des Hauts-de-France, est ouverte des chefs d&rsquo;assassinat et de s\u00e9questration. Selon le procureur, le brocanteur, 46 ans, a s\u00e9questr\u00e9 les deux agents avant de tuer l&rsquo;inspecteur puis de se donner la mort par arme \u00e0 feu \u00ab\u00e0 bout touchant dans la poitrine\u00bb.<\/p>\n\n\n\n<p>Un pistolet \u00abde type Luger\u00bb a \u00e9t\u00e9 trouv\u00e9 \u00e0 c\u00f4t\u00e9 de son corps. L&rsquo;agent du fisc, 43 ans, est d\u00e9c\u00e9d\u00e9 \u00abde plusieurs coups de couteau port\u00e9s dans le dos et au thorax\u00bb, a soulign\u00e9 M. Barbier Sainte Marie. \u00abIl pr\u00e9sentait \u00e9galement une trace d&rsquo;auto-d\u00e9fense.\u00bb Sa coll\u00e8gue, 39 ans, est fortement choqu\u00e9e<\/p>\n\n\n\n<p><strong>Un agent du fisc a \u00e9t\u00e9 tu\u00e9&nbsp;lors d\u2019un contr\u00f4le fiscal dans le Pas-de-Calais&nbsp;apr\u00e8s avoir \u00e9t\u00e9 s\u00e9questr\u00e9 avec une coll\u00e8gue chez un brocanteur de Bullecourt qui s\u2019est ensuite donn\u00e9 la mort. La victime, inspecteur principal des finances publiques, a \u00e9t\u00e9 retrouv\u00e9e morte \u00ab&nbsp;probablement \u00e0 la suite de coups de couteau&nbsp;\u00bb, a affirm\u00e9 le parquet d\u2019Arras dans un communiqu\u00e9.<\/strong><\/p>\n\n\n\n<p>L\u2019inspectrice \u00ab&nbsp;qui l\u2019accompagnait, tr\u00e8s choqu\u00e9e, a \u00e9t\u00e9 prise en charge par les secours. Ses jours ne sont pas en danger&nbsp;\u00bb, a-t-il ajout\u00e9. Tous deux \u00ab&nbsp;proc\u00e9daient \u00e0 une intervention \u00e0 domicile pour effectuer une v\u00e9rification de la comptabilit\u00e9&nbsp;\u00bb de l\u2019entreprise d\u2019un homme de 46&nbsp;ans, qui les auraient alors s\u00e9questr\u00e9s et ligot\u00e9s, explique le communiqu\u00e9.<\/p>\n\n\n\n<p>\u00ab&nbsp;Le mis en cause se serait donn\u00e9 la mort par arme \u00e0 feu&nbsp;\u00bb, selon le parquet.<\/p>\n\n\n\n<p>L\u2019agent des finances publiques \u00ab&nbsp;faisait simplement son travail. (\u2026) Aujourd\u2019hui, il n\u2019est pas revenu.&nbsp;Il a \u00e9t\u00e9 tu\u00e9 dans le cadre de ce contr\u00f4le fiscal&nbsp;\u00bb, a affirm\u00e9 le ministre des comptes publics, Gabriel Attal, qui s\u2019est exprim\u00e9 en milieu de soir\u00e9e devant le S\u00e9nat. Il a \u00e9voqu\u00e9 \u00ab&nbsp;un drame innommable&nbsp;\u00bb. Selon une source proche de l\u2019enqu\u00eate, l\u2019inspectrice qui l\u2019accompagnait a \u00e9t\u00e9 retrouv\u00e9e au domicile du brocanteur \u00ab&nbsp;ligot\u00e9e sur une chaise et profond\u00e9ment choqu\u00e9e&nbsp;\u00bb.<\/p>\n\n\n\n<p>\u00ab&nbsp;Au moment de l\u2019arriv\u00e9e des gendarmes, les deux hommes \u00e9taient morts&nbsp;\u00bb, a pr\u00e9cis\u00e9 une deuxi\u00e8me source proche de l\u2019enqu\u00eate, soulignant que la gendarmerie avait \u00e9t\u00e9 alert\u00e9e peu apr\u00e8s 18&nbsp;heures \u00ab&nbsp;par un t\u00e9moin&nbsp;\u00bb. Le brocanteur, divorc\u00e9 et p\u00e8re de deux enfants, \u00ab&nbsp;\u00e9tait arriv\u00e9 dans le village il y a quatre ans&nbsp;\u00bb, a affirm\u00e9 \u00e0 l\u2019AFP, Eric Bianchin, le maire de Bullecourt, un village de 250&nbsp;habitants situ\u00e9 au sud d\u2019Arras.<\/p>\n\n\n\n<p>\u00ab&nbsp;Il avait achet\u00e9 une ferme o\u00f9 il faisait des ventes chez lui. Il vidait les maisons, les vide-greniers et revendait chez lui&nbsp;\u00bb, a-t-il ajout\u00e9. \u00ab&nbsp;C\u2019est un petit village, tout le monde se conna\u00eet. Je n\u2019ai jamais eu de probl\u00e8me avec lui, il \u00e9tait serviable, c\u2019\u00e9tait une personne lambda. Il \u00e9tait int\u00e9gr\u00e9 dans le village&nbsp;\u00bb, a poursuivi le maire.<\/p>\n\n\n\n<p>Selon lui, les habitants \u00ab&nbsp;le voyaient tr\u00e8s peu&nbsp;\u00bb, car \u00ab&nbsp;il partait tr\u00e8s t\u00f4t le matin pour son activit\u00e9&nbsp;\u00bb. Les coll\u00e8gues de la victime, qui travaillait pour \u00ab&nbsp;la direction d\u00e9partementale des finances publiques [DDFIP] du Pas-de-Calais et plus largement tous les agents des finances publiques sont ce soir boulevers\u00e9s et en deuil&nbsp;\u00bb, a d\u00e9clar\u00e9 M. Attal qui a pr\u00e9cis\u00e9 qu\u2019il se rendrait \u00e0 la DDFIP d\u2019Arras mardi matin.<\/p>\n\n\n\n<p>\u00ab&nbsp;Ce soir, le service public a le visage de ce chef de brigade&nbsp;\u00bb, a-t-il insist\u00e9, avant d\u2019inviter \u00e0 un moment de recueillement \u00ab&nbsp;en son hommage&nbsp;\u00bb.<\/p>\n","protected":false},"excerpt":{"rendered":"<p>Les premiers \u00e9l\u00e9ments de l&rsquo;enqu\u00eate\u00bb sur la mort lundi d&rsquo;un agent du fisc lors d&rsquo;un contr\u00f4le chez un brocanteur du Pas-de-Calais \u00absemblent se diriger vers un acte pr\u00e9m\u00e9dit\u00e9\u00bb, a indiqu\u00e9 le procureur de la R\u00e9publique d&rsquo;Arras, Sylvain Barbier Sainte-Marie. \u00abNous avons retrouv\u00e9 sur place des colliers de serrage\u00bb avec lesquels l&rsquo;inspecteur principal tu\u00e9 et une [&hellip;]<\/p>\n","protected":false},"author":2,"featured_media":23033,"comment_status":"open","ping_status":"open","sticky":false,"template":"","format":"standard","meta":{"_jetpack_memberships_contains_paid_content":false,"footnotes":"","jetpack_publicize_message":"","jetpack_publicize_feature_enabled":true,"jetpack_social_post_already_shared":true,"jetpack_social_options":{"image_generator_settings":{"template":"highway","default_image_id":0,"font":"","enabled":false},"version":2},"_wpas_customize_per_network":false},"categories":[405],"tags":[],"class_list":["post-23032","post","type-post","status-publish","format-standard","has-post-thumbnail","hentry","category-actu-france-monde"],"jetpack_publicize_connections":[],"jetpack_featured_media_url":"https:\/\/i0.wp.com\/www.iceagetv.com\/radiosite\/wp-content\/uploads\/2022\/11\/Agent-du-fisc-tue-dans-le-Pas-de-Calais.jpg?fit=679%2C293&ssl=1","jetpack_sharing_enabled":true,"_links":{"self":[{"href":"https:\/\/www.iceagetv.com\/radiosite\/wp-json\/wp\/v2\/posts\/23032","targetHints":{"allow":["GET"]}}],"collection":[{"href":"https:\/\/www.iceagetv.com\/radiosite\/wp-json\/wp\/v2\/posts"}],"about":[{"href":"https:\/\/www.iceagetv.com\/radiosite\/wp-json\/wp\/v2\/types\/post"}],"author":[{"embeddable":true,"href":"https:\/\/www.iceagetv.com\/radiosite\/wp-json\/wp\/v2\/users\/2"}],"replies":[{"embeddable":true,"href":"https:\/\/www.iceagetv.com\/radiosite\/wp-json\/wp\/v2\/comments?post=23032"}],"version-history":[{"count":1,"href":"https:\/\/www.iceagetv.com\/radiosite\/wp-json\/wp\/v2\/posts\/23032\/revisions"}],"predecessor-version":[{"id":23034,"href":"https:\/\/www.iceagetv.com\/radiosite\/wp-json\/wp\/v2\/posts\/23032\/revisions\/23034"}],"wp:featuredmedia":[{"embeddable":true,"href":"https:\/\/www.iceagetv.com\/radiosite\/wp-json\/wp\/v2\/media\/23033"}],"wp:attachment":[{"href":"https:\/\/www.iceagetv.com\/radiosite\/wp-json\/wp\/v2\/media?parent=23032"}],"wp:term":[{"taxonomy":"category","embeddable":true,"href":"https:\/\/www.iceagetv.com\/radiosite\/wp-json\/wp\/v2\/categories?post=23032"},{"taxonomy":"post_tag","embeddable":true,"href":"https:\/\/www.iceagetv.com\/radiosite\/wp-json\/wp\/v2\/tags?post=23032"}],"curies":[{"name":"wp","href":"https:\/\/api.w.org\/{rel}","templated":true}]}}