{"id":23035,"date":"2022-11-22T19:02:12","date_gmt":"2022-11-22T19:02:12","guid":{"rendered":"http:\/\/www.iceagetv.com\/radiosite\/?p=23035"},"modified":"2022-11-22T19:02:16","modified_gmt":"2022-11-22T19:02:16","slug":"vents-forts-la-corse-du-sud-toujours-en-vigilance-orange-900-foyers-prives-delectricite","status":"publish","type":"post","link":"https:\/\/www.iceagetv.com\/radiosite\/vents-forts-la-corse-du-sud-toujours-en-vigilance-orange-900-foyers-prives-delectricite\/","title":{"rendered":"VENTS FORTS: LA CORSE-DU-SUD TOUJOURS EN VIGILANCE ORANGE, 900 FOYERS PRIV\u00c9S D&rsquo;\u00c9LECTRICIT\u00c9"},"content":{"rendered":"\n<p>Au plus fort de la temp\u00eate, 2000 clients corses \u00e9taient sans courant mardi matin. Ils ne sont plus que 900.<\/p>\n\n\n\n<p>Seul le d\u00e9partement de Corse-du-Sud \u00e9tait maintenu mardi en vigilance orange \u00ab\u00a0vent fort\u00a0\u00bb jusqu&rsquo;\u00e0 minuit par M\u00e9t\u00e9o-France, tandis que 900 foyers restaient priv\u00e9s d&rsquo;\u00e9lectricit\u00e9 \u00e0 17h dans l&rsquo;\u00eele de Beaut\u00e9, selon EDF en Corse.Sur la Haute-Corse, en fin de matin\u00e9e de mardi, le vent avait \u00ab\u00a0d\u00e9j\u00e0 bien faibli et ne n\u00e9cessit(ait) plus un suivi particulier\u00a0\u00bb, a indiqu\u00e9\u00a0<a rel=\"noreferrer noopener\" href=\"https:\/\/vigilance.meteofrance.fr\/fr\" target=\"_blank\">\u00e0 la mi-journ\u00e9e M\u00e9t\u00e9o-France<\/a>, qui ajoutait qu&rsquo;en revanche, \u00ab\u00a0sur le d\u00e9partement de la Corse-du-sud, le vent d&rsquo;ouest nord-ouest continu(ait) de souffler en rafales avec temporairement\u00a0<a href=\"https:\/\/www.bfmtv.com\/meteo\/vents-violents-la-depression-denise-va-s-abattre-sur-la-corse_AN-202211210674.html\">des pointes entre 120 \u00e0 140 km\/h sur les cr\u00eates, cols et cap expos\u00e9s<\/a>\u00a0ainsi que dans les Bouches de Bonifacio\u00a0\u00bb.<\/p>\n\n\n\n<p>L&rsquo;institut, qui pr\u00e9cise que le vent engendr\u00e9 par cette \u00ab\u00a0temp\u00eate automnale\u00a0\u00bb va diminuer \u00ab\u00a0progressivement la nuit prochaine\u00a0\u00bb, a ainsi enregistr\u00e9 des rafales allant jusqu&rsquo;\u00e0 141 km\/h au Cap Pertusato, au sud de Bonifacio ou encore jusqu&rsquo;\u00e0 131 km\/h \u00e0 La Parata, \u00e0 Ajaccio.<\/p>\n\n\n\n<p>\u00ab\u00a0A 17h, 900 clients restent priv\u00e9s d&rsquo;\u00e9lectricit\u00e9, principalement dans les r\u00e9gions: sud de Sart\u00e8ne, Casinca et plaine de Sarrola\u00a0\u00bb, en p\u00e9riph\u00e9rie d&rsquo;Ajaccio, a indiqu\u00e9 EDF en Corse en pr\u00e9cisant que les \u00ab\u00a0interventions se sont poursuivies toute l&rsquo;apr\u00e8s-midi dans des conditions difficiles\u00a0\u00bb.<\/p>\n\n\n\n<h2 class=\"wp-block-heading\">Une vingtaine d&rsquo;interventions des pompiersAu plus fort de la temp\u00eate, 2000 clients \u00e9taient sans courant mardi matin. EDF, qui esp\u00e8re un retour \u00e0 la normale en soir\u00e9e, rappelle qu&rsquo;il ne faut pas s&rsquo;approcher d&rsquo;un c\u00e2ble \u00e9lectrique tomb\u00e9 \u00e0 terre, en raison des risques d&rsquo;\u00e9lectrocution.<\/h2>\n\n\n\n<p>Les pompiers de Corse du Sud ont indiqu\u00e9 avoir effectu\u00e9 mardi \u00ab\u00a0une vingtaine d&rsquo;interventions li\u00e9es \u00e0 l&rsquo;\u00e9v\u00e9nement m\u00e9t\u00e9orologique\u00a0\u00bb pour des inondations, des chutes de branches ou d&rsquo;objets, mais aucun bless\u00e9 n&rsquo;\u00e9tait recens\u00e9 \u00e0 19h.<\/p>\n\n\n\n<p>Du c\u00f4t\u00e9 des transports, tous les vols au d\u00e9part et \u00e0 l&rsquo;arriv\u00e9e d&rsquo;Ajaccio ont \u00e9t\u00e9 annul\u00e9s mardi, selon le site internet de l&rsquo;a\u00e9roport.<\/p>\n","protected":false},"excerpt":{"rendered":"<p>Au plus fort de la temp\u00eate, 2000 clients corses \u00e9taient sans courant mardi matin. Ils ne sont plus que 900. Seul le d\u00e9partement de Corse-du-Sud \u00e9tait maintenu mardi en vigilance orange \u00ab\u00a0vent fort\u00a0\u00bb jusqu&rsquo;\u00e0 minuit par M\u00e9t\u00e9o-France, tandis que 900 foyers restaient priv\u00e9s d&rsquo;\u00e9lectricit\u00e9 \u00e0 17h dans l&rsquo;\u00eele de Beaut\u00e9, selon EDF en Corse.Sur la [&hellip;]<\/p>\n","protected":false},"author":2,"featured_media":23036,"comment_status":"open","ping_status":"open","sticky":false,"template":"","format":"standard","meta":{"_jetpack_memberships_contains_paid_content":false,"footnotes":"","jetpack_publicize_message":"","jetpack_publicize_feature_enabled":true,"jetpack_social_post_already_shared":true,"jetpack_social_options":{"image_generator_settings":{"template":"highway","default_image_id":0,"font":"","enabled":false},"version":2},"_wpas_customize_per_network":false},"categories":[405],"tags":[],"class_list":["post-23035","post","type-post","status-publish","format-standard","has-post-thumbnail","hentry","category-actu-france-monde"],"jetpack_publicize_connections":[],"jetpack_featured_media_url":"https:\/\/i0.wp.com\/www.iceagetv.com\/radiosite\/wp-content\/uploads\/2022\/11\/LA-CORSE-DU-SUD-TOUJOURS-EN-VIGILANCE-ORANGE.jpg?fit=680%2C383&ssl=1","jetpack_sharing_enabled":true,"_links":{"self":[{"href":"https:\/\/www.iceagetv.com\/radiosite\/wp-json\/wp\/v2\/posts\/23035","targetHints":{"allow":["GET"]}}],"collection":[{"href":"https:\/\/www.iceagetv.com\/radiosite\/wp-json\/wp\/v2\/posts"}],"about":[{"href":"https:\/\/www.iceagetv.com\/radiosite\/wp-json\/wp\/v2\/types\/post"}],"author":[{"embeddable":true,"href":"https:\/\/www.iceagetv.com\/radiosite\/wp-json\/wp\/v2\/users\/2"}],"replies":[{"embeddable":true,"href":"https:\/\/www.iceagetv.com\/radiosite\/wp-json\/wp\/v2\/comments?post=23035"}],"version-history":[{"count":1,"href":"https:\/\/www.iceagetv.com\/radiosite\/wp-json\/wp\/v2\/posts\/23035\/revisions"}],"predecessor-version":[{"id":23037,"href":"https:\/\/www.iceagetv.com\/radiosite\/wp-json\/wp\/v2\/posts\/23035\/revisions\/23037"}],"wp:featuredmedia":[{"embeddable":true,"href":"https:\/\/www.iceagetv.com\/radiosite\/wp-json\/wp\/v2\/media\/23036"}],"wp:attachment":[{"href":"https:\/\/www.iceagetv.com\/radiosite\/wp-json\/wp\/v2\/media?parent=23035"}],"wp:term":[{"taxonomy":"category","embeddable":true,"href":"https:\/\/www.iceagetv.com\/radiosite\/wp-json\/wp\/v2\/categories?post=23035"},{"taxonomy":"post_tag","embeddable":true,"href":"https:\/\/www.iceagetv.com\/radiosite\/wp-json\/wp\/v2\/tags?post=23035"}],"curies":[{"name":"wp","href":"https:\/\/api.w.org\/{rel}","templated":true}]}}