{"id":23042,"date":"2022-11-23T13:46:48","date_gmt":"2022-11-23T13:46:48","guid":{"rendered":"http:\/\/www.iceagetv.com\/radiosite\/?p=23042"},"modified":"2022-11-23T13:46:52","modified_gmt":"2022-11-23T13:46:52","slug":"opera-de-paris-annonce-le-depart-surprise-du-danseur-etoile-francois-alu-egalement-jure-de-danse-avec-les-stars-sur-tf1-seulement-sept-mois-apres-sa-nomination","status":"publish","type":"post","link":"https:\/\/www.iceagetv.com\/radiosite\/opera-de-paris-annonce-le-depart-surprise-du-danseur-etoile-francois-alu-egalement-jure-de-danse-avec-les-stars-sur-tf1-seulement-sept-mois-apres-sa-nomination\/","title":{"rendered":"Op\u00e9ra de Paris annonce le d\u00e9part surprise du danseur \u00e9toile Fran\u00e7ois Alu, \u00e9galement jur\u00e9 de \u00ab\u00a0Danse avec les stars\u00a0\u00bb sur TF1, seulement sept mois apr\u00e8s sa nomination"},"content":{"rendered":"\n<p>L&rsquo;Op\u00e9ra de Paris a annonc\u00e9 mercredi le d\u00e9part surprise d&rsquo;un de ses danseurs stars, l&rsquo;\u00e9toile Fran\u00e7ois Alu, qui affirme dans un communiqu\u00e9 conjoint avoir d\u00e9cid\u00e9 de reprendre son \u00ab\u00a0enti\u00e8re libert\u00e9 professionnelle\u00a0\u00bb. A peine sept mois apr\u00e8s sa nomination au titre supr\u00eame d&rsquo;\u00e9toile, Fran\u00e7ois Alu, qui est \u00e9galement jur\u00e9 dans l&rsquo;\u00e9mission \u00ab\u00a0Danse avec les stars\u00a0\u00bb, \u00ab\u00a0quittera prochainement le Ballet\u00a0\u00bb de l&rsquo;Op\u00e9ra, a indiqu\u00e9 pour sa part le directeur g\u00e9n\u00e9ral de l&rsquo;institution Alexander Neef, pr\u00e9cisant qu&rsquo;il s&rsquo;agissait de \u00ab\u00a0l&rsquo;aboutissement (d&rsquo;un) dialogue \u00e9troit\u00a0\u00bb.<\/p>\n\n\n\n<p>\u00ab\u00a0J&rsquo;ai d\u00e9cid\u00e9 de reprendre mon enti\u00e8re libert\u00e9 professionnelle afin de pouvoir r\u00e9aliser pleinement mes aspirations artistiques\u00a0\u00bb, indique le danseur, souvent qualifi\u00e9 de \u00ab\u00a0rebelle\u00a0\u00bb dans la compagnie, dans le communiqu\u00e9. Aux abonn\u00e9s absents malgr\u00e9 sa nomination en avril, le danseur de 28 ans &#8211;un des rares \u00e0 \u00eatre connu du grand public gr\u00e2ce \u00e0 DALS&#8211; avait fait l&rsquo;objet de nombreuses rumeurs li\u00e9es \u00e0 son absence sur sc\u00e8ne en cette rentr\u00e9e. Il a rat\u00e9 r\u00e9cemment l&rsquo;occasion de danser dans le ballet \u00ab\u00a0Mayerling\u00a0\u00bb qui fait la part belle au danseur principal.<\/p>\n\n\n\n<p>Dans le communiqu\u00e9, l&rsquo;Op\u00e9ra pr\u00e9cise qu&rsquo;il a \u00e9t\u00e9 retir\u00e9 des distributions du Lac des Cygnes en d\u00e9cembre. C&rsquo;est la premi\u00e8re fois qu&rsquo;une \u00e9toile quitte la prestigieuse compagnie sans avoir dans\u00e9 le moindre r\u00f4le apr\u00e8s avoir acc\u00e9d\u00e9 au titre supr\u00eame. Le nombre d&rsquo;\u00e9toiles masculines \u00e0 l&rsquo;Op\u00e9ra, qui accuse d\u00e9j\u00e0 un d\u00e9s\u00e9quilibre avec les \u00e9toiles f\u00e9minines, se retrouve r\u00e9duit \u00e0 cinq, pour une compagnie de 154 danseurs. Les deux parties n&rsquo;ont pas \u00e9cart\u00e9 d&rsquo;\u00e9ventuelles \u00ab\u00a0futures collaborations\u00a0\u00bb, M. Neef pr\u00e9cisant qu&rsquo;il appartiendra au nouveau directeur de la Danse, Jos\u00e9 Martinez, qui prendra ses fonctions le 5 d\u00e9cembre 2022, de discuter avec le danseur.<\/p>\n\n\n\n<p>Virtuose, chouchou du public du Ballet de l&rsquo;Op\u00e9ra qui le surnomme \u00ab\u00a0alu-cinant&#8211;, Fran\u00e7ois Alu, 28 ans, avait rejoint la compagnie en 2010 et, en quatre ans a connu une ascension fulgurante, se hissant au grade de \u00ab\u00a0premier danseur\u00a0\u00bb, pr\u00e9c\u00e9dant le titre d&rsquo;\u00e9toile. Ses fans s&rsquo;\u00e9taient indign\u00e9s pendant de longues ann\u00e9es de ne pas le voir acc\u00e9der au titre supr\u00eame et d&rsquo;\u00eatre peu distribu\u00e9.<\/p>\n\n\n\n<p>Mercredi, certains \u00e9voquaient un sentiment de \u00ab\u00a0g\u00e2chis\u00a0\u00bb. La derni\u00e8re fois qu&rsquo;une \u00e9toile a quitt\u00e9 la compagnie avec \u00e9clat remonte \u00e0 1989, lorsque la l\u00e9gendaire Sylvie Guillem avait claqu\u00e9 la porte pour se consacrer \u00e0 une carri\u00e8re internationale.<\/p>\n","protected":false},"excerpt":{"rendered":"<p>L&rsquo;Op\u00e9ra de Paris a annonc\u00e9 mercredi le d\u00e9part surprise d&rsquo;un de ses danseurs stars, l&rsquo;\u00e9toile Fran\u00e7ois Alu, qui affirme dans un communiqu\u00e9 conjoint avoir d\u00e9cid\u00e9 de reprendre son \u00ab\u00a0enti\u00e8re libert\u00e9 professionnelle\u00a0\u00bb. A peine sept mois apr\u00e8s sa nomination au titre supr\u00eame d&rsquo;\u00e9toile, Fran\u00e7ois Alu, qui est \u00e9galement jur\u00e9 dans l&rsquo;\u00e9mission \u00ab\u00a0Danse avec les stars\u00a0\u00bb, \u00ab\u00a0quittera [&hellip;]<\/p>\n","protected":false},"author":2,"featured_media":23043,"comment_status":"open","ping_status":"open","sticky":false,"template":"","format":"standard","meta":{"_jetpack_memberships_contains_paid_content":false,"footnotes":"","jetpack_publicize_message":"","jetpack_publicize_feature_enabled":true,"jetpack_social_post_already_shared":true,"jetpack_social_options":{"image_generator_settings":{"template":"highway","default_image_id":0,"font":"","enabled":false},"version":2},"_wpas_customize_per_network":false},"categories":[68],"tags":[],"class_list":["post-23042","post","type-post","status-publish","format-standard","has-post-thumbnail","hentry","category-actu-culturelle"],"jetpack_publicize_connections":[],"jetpack_featured_media_url":"https:\/\/i0.wp.com\/www.iceagetv.com\/radiosite\/wp-content\/uploads\/2022\/11\/Opera-de-Paris-annonce-le-depart-surprise-du-danseur-etoile-Francois-Alu.jpg?fit=679%2C293&ssl=1","jetpack_sharing_enabled":true,"_links":{"self":[{"href":"https:\/\/www.iceagetv.com\/radiosite\/wp-json\/wp\/v2\/posts\/23042","targetHints":{"allow":["GET"]}}],"collection":[{"href":"https:\/\/www.iceagetv.com\/radiosite\/wp-json\/wp\/v2\/posts"}],"about":[{"href":"https:\/\/www.iceagetv.com\/radiosite\/wp-json\/wp\/v2\/types\/post"}],"author":[{"embeddable":true,"href":"https:\/\/www.iceagetv.com\/radiosite\/wp-json\/wp\/v2\/users\/2"}],"replies":[{"embeddable":true,"href":"https:\/\/www.iceagetv.com\/radiosite\/wp-json\/wp\/v2\/comments?post=23042"}],"version-history":[{"count":1,"href":"https:\/\/www.iceagetv.com\/radiosite\/wp-json\/wp\/v2\/posts\/23042\/revisions"}],"predecessor-version":[{"id":23044,"href":"https:\/\/www.iceagetv.com\/radiosite\/wp-json\/wp\/v2\/posts\/23042\/revisions\/23044"}],"wp:featuredmedia":[{"embeddable":true,"href":"https:\/\/www.iceagetv.com\/radiosite\/wp-json\/wp\/v2\/media\/23043"}],"wp:attachment":[{"href":"https:\/\/www.iceagetv.com\/radiosite\/wp-json\/wp\/v2\/media?parent=23042"}],"wp:term":[{"taxonomy":"category","embeddable":true,"href":"https:\/\/www.iceagetv.com\/radiosite\/wp-json\/wp\/v2\/categories?post=23042"},{"taxonomy":"post_tag","embeddable":true,"href":"https:\/\/www.iceagetv.com\/radiosite\/wp-json\/wp\/v2\/tags?post=23042"}],"curies":[{"name":"wp","href":"https:\/\/api.w.org\/{rel}","templated":true}]}}