{"id":23045,"date":"2022-11-23T15:51:28","date_gmt":"2022-11-23T15:51:28","guid":{"rendered":"http:\/\/www.iceagetv.com\/radiosite\/?p=23045"},"modified":"2022-11-23T15:51:38","modified_gmt":"2022-11-23T15:51:38","slug":"espace-sophie-adenot-devient-la-deuxieme-astronaute-francaise-plus-de-vingt-ans-apres-claudie-haignere","status":"publish","type":"post","link":"https:\/\/www.iceagetv.com\/radiosite\/espace-sophie-adenot-devient-la-deuxieme-astronaute-francaise-plus-de-vingt-ans-apres-claudie-haignere\/","title":{"rendered":"Espace : Sophie Adenot devient la deuxi\u00e8me astronaute fran\u00e7aise, plus de vingt ans apr\u00e8s Claudie Haigner\u00e9"},"content":{"rendered":"\n<p><a href=\"https:\/\/www.francetvinfo.fr\/sciences\/espace\/thomas-pesquet\/depart-de-thomas-pesquet-c-[%E2%80%A6]claudie-haignere-premiere-astronaute-francaise_4383837.html\">Plus de vingt ans apr\u00e8s Claudie Haigner\u00e9<\/a>, la France compte une nouvelle voyageuse de l&rsquo;espace.&nbsp;Sophie Adenot fait partie de&nbsp;la nouvelle promotion d&rsquo;astronautes europ\u00e9ens. La liste a \u00e9t\u00e9 d\u00e9voil\u00e9e par l&rsquo;Agence spatiale europ\u00e9enne (ESA) mercredi 23 novembre.&nbsp;Les cinq personnes s\u00e9lectionn\u00e9es ont \u00e9t\u00e9 choisies parmi les 22&nbsp;523 candidats&nbsp;europ\u00e9ens au cours d&rsquo;une&nbsp;<a href=\"https:\/\/www.francetvinfo.fr\/sciences\/espace\/l-agence-spatiale-europeenne-recrute-tout-ce-qu-il-faut-savoir-pour-devenir-astronaute_4298913.html\">campagne de recrutement lanc\u00e9e en f\u00e9vrier 2021<\/a>.<\/p>\n\n\n\n<p>Sophie Adenot,&nbsp;40 ans, a obtenu&nbsp;en 2004 le dipl\u00f4me d&rsquo;ing\u00e9nieur de l&rsquo;Ecole nationale sup\u00e9rieure de l&rsquo;a\u00e9ronautique et de l&rsquo;espace (Isae Supaero), la m\u00eame \u00e9cole que Thomas Pesquet. Elle est ensuite recrut\u00e9e par la&nbsp;soci\u00e9t\u00e9 Airbus Helicopters pour travailler au sein du bureau d&rsquo;\u00e9tudes qui con\u00e7oit les cockpits des h\u00e9licopt\u00e8res.<\/p>\n\n\n\n<h2 class=\"wp-block-heading\">Charg\u00e9e de tester des prototypes<\/h2>\n\n\n\n<p>A 23 ans, elle int\u00e8gre l&rsquo;arm\u00e9e, o\u00f9 elle pilote un Caracal,&nbsp;<em>\u00ab\u00a0un bijou de technologie\u00a0\u00bb<\/em>, sur lequel elle avait travaill\u00e9 plus t\u00f4t, comme ing\u00e9nieure, quand elle songeait \u00e0 quel \u00e9quipement placer \u00e0 quel endroit du cockpit.&nbsp;<em>\u00ab\u00a0Je le revois&nbsp;<\/em>[l&rsquo;h\u00e9licopt\u00e8re]<em>&nbsp;arriver avec ce que j&rsquo;ai con\u00e7u en tant qu&rsquo;ing\u00e9nieure, c&rsquo;est juste hyper \u00e9mouvant pour moi\u00a0\u00bb<\/em>, relate&nbsp;cette m\u00e8re d&rsquo;un petit gar\u00e7on, dans une vid\u00e9o publi\u00e9e par le minist\u00e8re des Affaires \u00e9trang\u00e8res publi\u00e9 mi-novembre.<\/p>\n","protected":false},"excerpt":{"rendered":"<p>Plus de vingt ans apr\u00e8s Claudie Haigner\u00e9, la France compte une nouvelle voyageuse de l&rsquo;espace.&nbsp;Sophie Adenot fait partie de&nbsp;la nouvelle promotion d&rsquo;astronautes europ\u00e9ens. La liste a \u00e9t\u00e9 d\u00e9voil\u00e9e par l&rsquo;Agence spatiale europ\u00e9enne (ESA) mercredi 23 novembre.&nbsp;Les cinq personnes s\u00e9lectionn\u00e9es ont \u00e9t\u00e9 choisies parmi les 22&nbsp;523 candidats&nbsp;europ\u00e9ens au cours d&rsquo;une&nbsp;campagne de recrutement lanc\u00e9e en f\u00e9vrier 2021. [&hellip;]<\/p>\n","protected":false},"author":2,"featured_media":23046,"comment_status":"open","ping_status":"open","sticky":false,"template":"","format":"standard","meta":{"_jetpack_memberships_contains_paid_content":false,"footnotes":"","jetpack_publicize_message":"","jetpack_publicize_feature_enabled":true,"jetpack_social_post_already_shared":true,"jetpack_social_options":{"image_generator_settings":{"template":"highway","default_image_id":0,"font":"","enabled":false},"version":2},"_wpas_customize_per_network":false},"categories":[405],"tags":[],"class_list":["post-23045","post","type-post","status-publish","format-standard","has-post-thumbnail","hentry","category-actu-france-monde"],"jetpack_publicize_connections":[],"jetpack_featured_media_url":"https:\/\/i0.wp.com\/www.iceagetv.com\/radiosite\/wp-content\/uploads\/2022\/11\/Sophie-Adenot.jpg?fit=739%2C470&ssl=1","jetpack_sharing_enabled":true,"_links":{"self":[{"href":"https:\/\/www.iceagetv.com\/radiosite\/wp-json\/wp\/v2\/posts\/23045","targetHints":{"allow":["GET"]}}],"collection":[{"href":"https:\/\/www.iceagetv.com\/radiosite\/wp-json\/wp\/v2\/posts"}],"about":[{"href":"https:\/\/www.iceagetv.com\/radiosite\/wp-json\/wp\/v2\/types\/post"}],"author":[{"embeddable":true,"href":"https:\/\/www.iceagetv.com\/radiosite\/wp-json\/wp\/v2\/users\/2"}],"replies":[{"embeddable":true,"href":"https:\/\/www.iceagetv.com\/radiosite\/wp-json\/wp\/v2\/comments?post=23045"}],"version-history":[{"count":1,"href":"https:\/\/www.iceagetv.com\/radiosite\/wp-json\/wp\/v2\/posts\/23045\/revisions"}],"predecessor-version":[{"id":23047,"href":"https:\/\/www.iceagetv.com\/radiosite\/wp-json\/wp\/v2\/posts\/23045\/revisions\/23047"}],"wp:featuredmedia":[{"embeddable":true,"href":"https:\/\/www.iceagetv.com\/radiosite\/wp-json\/wp\/v2\/media\/23046"}],"wp:attachment":[{"href":"https:\/\/www.iceagetv.com\/radiosite\/wp-json\/wp\/v2\/media?parent=23045"}],"wp:term":[{"taxonomy":"category","embeddable":true,"href":"https:\/\/www.iceagetv.com\/radiosite\/wp-json\/wp\/v2\/categories?post=23045"},{"taxonomy":"post_tag","embeddable":true,"href":"https:\/\/www.iceagetv.com\/radiosite\/wp-json\/wp\/v2\/tags?post=23045"}],"curies":[{"name":"wp","href":"https:\/\/api.w.org\/{rel}","templated":true}]}}