{"id":23051,"date":"2022-11-24T17:25:31","date_gmt":"2022-11-24T17:25:31","guid":{"rendered":"http:\/\/www.iceagetv.com\/radiosite\/?p=23051"},"modified":"2022-11-24T17:25:35","modified_gmt":"2022-11-24T17:25:35","slug":"aymeric-caron-annonce-dans-lhemicycle-a-la-surprise-generale-retirer-sa-proposition-de-loi-qui-visait-a-interdire-la-corrida-je-regrette-de-ne-pas-voir-beaucoup-de-courage-parmi-les-deputes","status":"publish","type":"post","link":"https:\/\/www.iceagetv.com\/radiosite\/aymeric-caron-annonce-dans-lhemicycle-a-la-surprise-generale-retirer-sa-proposition-de-loi-qui-visait-a-interdire-la-corrida-je-regrette-de-ne-pas-voir-beaucoup-de-courage-parmi-les-deputes\/","title":{"rendered":"Aymeric Caron annonce dans l&rsquo;h\u00e9micycle, \u00e0 la surprise g\u00e9n\u00e9rale, retirer sa proposition de loi qui visait \u00e0 interdire la corrida : \u00ab\u00a0Je regrette de ne pas voir beaucoup de courage parmi les d\u00e9put\u00e9s\u00a0\u00bb"},"content":{"rendered":"\n<p><strong>Christophe Marie, porte-parole de la Fondation Brigitte Bardot<\/strong>&nbsp;:&nbsp; \u00ab Ce qui s\u2019est pass\u00e9 aujourd\u2019hui \u00e0 l\u2019Assembl\u00e9e nationale est une honte profonde pour les \u00e9lus, totalement d\u00e9connect\u00e9s de l\u2019attente soci\u00e9tale et de la profonde \u00e9volution de notre rapport \u00e0 l\u2019animal. Ce d\u00e9ni de d\u00e9mocratie est d\u2019autant plus scandaleux qu\u2019il a \u00e9t\u00e9, en partie, guid\u00e9 par le pouvoir ex\u00e9cutif qui a exerc\u00e9 une forte pression sur les d\u00e9put\u00e9s Renaissance et a fait obstruction \u00e0 l\u2019action du l\u00e9gislateur, c\u2019est tr\u00e8s grave.<\/p>\n\n\n\n<p>Mais l\u2019obstruction c\u2019est aussi de d\u00e9poser des centaines d\u2019amendements, plus ridicules les uns que les autres, pour emp\u00eacher le vote, c\u2019est une insulte et un m\u00e9pris envers les citoyens. D\u2019autres \u00e9lus d\u00e9poseront dans les prochains jours de nouvelles initiatives. L\u2019action d\u2019Aymeric Caron aura permis de mobiliser des opposants aux corridas au sein de tous les groupes politiques, et notre Fondation veillera \u00e0 ce que l\u2019action politique se poursuive jusqu\u2019\u00e0 l\u2019abolition de cette barbarie anachronique \u00bb<\/p>\n\n\n\n<p><strong>La France insoumise a finalement d\u00e9cid\u00e9 de retirer sa proposition de loi (PPL) visant \u00e0 abolir la corrida sur tout le territoire fran\u00e7ais.<\/strong>&nbsp;Le d\u00e9bat devait se tenir au cours de la niche parlementaire LFI, ce jeudi. Il a finalement \u00e9t\u00e9 interrompu au cours de la discussion g\u00e9n\u00e9rale. D\u00e8s le d\u00e9but de celle-ci, Aymeric Caron avait demand\u00e9 aux parlementaires de retirer leurs \u00abamendements d&rsquo;obstruction\u00bb. Avant d&rsquo;annoncer, quelques minutes plus tard, en plein milieu de la discussion g\u00e9n\u00e9rale, qu&rsquo;il retirait finalement sa PPL.<\/p>\n\n\n\n<p>Hier, les Insoumis avaient d\u00e9j\u00e0 d\u00e9cid\u00e9 de retirer les deux premiers textes de leur niche, sur les \u00abUber files\u00bb et le montant du Smic. Apr\u00e8s l&rsquo;adoption de la PPL de Mathilde Panot sur la constitutionnalisation de l&rsquo;IVG, ils d\u00e9cident donc directement de passer \u00e0 l&rsquo;examen du texte sur la r\u00e9int\u00e9gration des soignants non-vaccin\u00e9s. Le nombre d&rsquo;amendements d\u00e9pos\u00e9s sur la PPL d&rsquo;Aymeric Caron, qui avait \u00e9t\u00e9 l&rsquo;objet de vifs d\u00e9bats ces derniers jours, a largement pes\u00e9 dans la balance.<\/p>\n\n\n\n<p><strong>17h54:<\/strong>\u00a0Alors que l\u2019examen de leur proposition de loi pour abolir la corrida d\u00e9marrait cet apr\u00e8s-midi, les insoumis ont finalement d\u00e9cid\u00e9 de retirer leur texte de l\u2019ordre du jour face \u00e0 l\u2019obstruction organis\u00e9e par plusieurs d\u00e9put\u00e9s du Rassemblement national, des R\u00e9publicains, de Renaissance et du Modem. Au total, 566 amendements avaient \u00e9t\u00e9 d\u00e9pos\u00e9s sur ce seul texte.<\/p>\n\n\n\n<p><strong>Aymeric Caron annonce dans l&rsquo;h\u00e9micycle retirer sa proposition de loi qui visait \u00e0 interdire la corrida : \u00ab\u00a0Je regrette de ne pas voir beaucoup de courage parmi les d\u00e9put\u00e9s.&nbsp;Je dois bien me rendre \u00e0 l&rsquo;\u00e9vidence, nous ne pourrons pas abolir la corrida aujourd&rsquo;hui\u00a0\u00bb<\/strong>, annonce Aymeric Caron.&nbsp;Des \u00e9lus de droite et d&rsquo;extr\u00eame droite ont d\u00e9pos\u00e9&nbsp;plusieurs centaines d&rsquo;amendements&nbsp;pour faire tra\u00eener les d\u00e9bats contre la corrida.<\/p>\n\n\n\n<p>\u00ab\u00a0Ce qui se passe aujourd&rsquo;hui n&rsquo;est pas une fin, mais ce n&rsquo;est qu&rsquo;un d\u00e9but.\u00a0\u00bb Le d\u00e9put\u00e9 LFI annonce un nouveau texte transpartisan \u00e0 venir. \u00ab\u00a0La corrida sera bient\u00f4t abolie dans ce pays, je le promets.\u00a0\u00bb<\/p>\n","protected":false},"excerpt":{"rendered":"<p>Christophe Marie, porte-parole de la Fondation Brigitte Bardot&nbsp;:&nbsp; \u00ab Ce qui s\u2019est pass\u00e9 aujourd\u2019hui \u00e0 l\u2019Assembl\u00e9e nationale est une honte profonde pour les \u00e9lus, totalement d\u00e9connect\u00e9s de l\u2019attente soci\u00e9tale et de la profonde \u00e9volution de notre rapport \u00e0 l\u2019animal. Ce d\u00e9ni de d\u00e9mocratie est d\u2019autant plus scandaleux qu\u2019il a \u00e9t\u00e9, en partie, guid\u00e9 par le [&hellip;]<\/p>\n","protected":false},"author":2,"featured_media":23052,"comment_status":"open","ping_status":"open","sticky":false,"template":"","format":"standard","meta":{"_jetpack_memberships_contains_paid_content":false,"footnotes":"","jetpack_publicize_message":"","jetpack_publicize_feature_enabled":true,"jetpack_social_post_already_shared":true,"jetpack_social_options":{"image_generator_settings":{"template":"highway","default_image_id":0,"font":"","enabled":false},"version":2},"_wpas_customize_per_network":false},"categories":[405],"tags":[],"class_list":["post-23051","post","type-post","status-publish","format-standard","has-post-thumbnail","hentry","category-actu-france-monde"],"jetpack_publicize_connections":[],"jetpack_featured_media_url":"https:\/\/i0.wp.com\/www.iceagetv.com\/radiosite\/wp-content\/uploads\/2022\/11\/Aymeric-Caron-annonce-dans-lhemicycle.jpg?fit=679%2C293&ssl=1","jetpack_sharing_enabled":true,"_links":{"self":[{"href":"https:\/\/www.iceagetv.com\/radiosite\/wp-json\/wp\/v2\/posts\/23051","targetHints":{"allow":["GET"]}}],"collection":[{"href":"https:\/\/www.iceagetv.com\/radiosite\/wp-json\/wp\/v2\/posts"}],"about":[{"href":"https:\/\/www.iceagetv.com\/radiosite\/wp-json\/wp\/v2\/types\/post"}],"author":[{"embeddable":true,"href":"https:\/\/www.iceagetv.com\/radiosite\/wp-json\/wp\/v2\/users\/2"}],"replies":[{"embeddable":true,"href":"https:\/\/www.iceagetv.com\/radiosite\/wp-json\/wp\/v2\/comments?post=23051"}],"version-history":[{"count":1,"href":"https:\/\/www.iceagetv.com\/radiosite\/wp-json\/wp\/v2\/posts\/23051\/revisions"}],"predecessor-version":[{"id":23053,"href":"https:\/\/www.iceagetv.com\/radiosite\/wp-json\/wp\/v2\/posts\/23051\/revisions\/23053"}],"wp:featuredmedia":[{"embeddable":true,"href":"https:\/\/www.iceagetv.com\/radiosite\/wp-json\/wp\/v2\/media\/23052"}],"wp:attachment":[{"href":"https:\/\/www.iceagetv.com\/radiosite\/wp-json\/wp\/v2\/media?parent=23051"}],"wp:term":[{"taxonomy":"category","embeddable":true,"href":"https:\/\/www.iceagetv.com\/radiosite\/wp-json\/wp\/v2\/categories?post=23051"},{"taxonomy":"post_tag","embeddable":true,"href":"https:\/\/www.iceagetv.com\/radiosite\/wp-json\/wp\/v2\/tags?post=23051"}],"curies":[{"name":"wp","href":"https:\/\/api.w.org\/{rel}","templated":true}]}}