{"id":23054,"date":"2022-11-24T19:48:30","date_gmt":"2022-11-24T19:48:30","guid":{"rendered":"http:\/\/www.iceagetv.com\/radiosite\/?p=23054"},"modified":"2022-11-24T19:48:30","modified_gmt":"2022-11-24T19:48:30","slug":"le-prix-du-pass-navigo-va-monter","status":"publish","type":"post","link":"https:\/\/www.iceagetv.com\/radiosite\/le-prix-du-pass-navigo-va-monter\/","title":{"rendered":"Le prix du pass Navigo va monter"},"content":{"rendered":"\n<h2 class=\"wp-block-heading\">Le prix du pass Navigo va monter d\u2019environ 15 euros. L\u2019augmentation est pr\u00e9vue pour le d\u00e9but de l\u2019ann\u00e9e 2023.<\/h2>\n\n\n\n<p>Actuellement, en \u00cele-de-France, le prix d\u2019un pass Navigo s\u2019\u00e9l\u00e8ve \u00e0 75,20 euros par mois. Toutefois, ce prix ne restera pas comme tel :<strong>\u00a0il va monter d\u2019environ 15 euros et devrait co\u00fbter 90 euros<\/strong>. C\u2019est le 7 d\u00e9cembre prochain, que nous serons fix\u00e9s concernant le nouveau prix, lors d\u2019un conseil d\u2019administration d\u2019\u00cele-de-France Mobilit\u00e9s (IDFM), qui devrait sans surprise augmenter au prix indiqu\u00e9. Et ce malgr\u00e9 la difficult\u00e9 que rencontre l\u2019IDFM.<\/p>\n\n\n\n<p>En effet, \u00e0 gauche, le s\u00e9nateur Philippe Tabarot (Les R\u00e9publicains), a propos\u00e9 mercredi soir&nbsp;<strong>l\u2019augmentation du versement mobilit\u00e9, une taxe qui p\u00e8sera sur les entreprises de plus de 11 salari\u00e9s pour financer les transports<\/strong>. Gr\u00e2ce \u00e0 cela, le prix de pass Navigo ne passerait pas la barre des 80 euros, d\u2019apr\u00e8s Val\u00e9rie P\u00e9cresse. Cependant, la proposition de Philippe Tabarot, n\u2019a pas du tout fait l\u2019unanimit\u00e9, cela a m\u00eame \u00ab<em>&nbsp;divis\u00e9 la majorit\u00e9 s\u00e9natoriale de droite<\/em>&nbsp;\u00bb, d\u2018apr\u00e8s les informations du&nbsp;<em>Parisien<\/em>. Ainsi, la majorit\u00e9 l\u2019a emport\u00e9 avec<strong>&nbsp;116 votes contre et 28 pour<\/strong>.<\/p>\n\n\n\n<p>Mardi dernier, sur les sites d\u2019Alstom et Petite-For\u00eat, lors d\u2019une visite pour d\u00e9couvrir le mat\u00e9riel roulant command\u00e9 par IDFM, la pr\u00e9sidente de la r\u00e9gion, Val\u00e9rie P\u00e9cresse, a lanc\u00e9 un petit tacle au ministre de l\u2019\u00c9conomie :<\/p>\n\n\n\n<blockquote class=\"wp-block-quote is-layout-flow wp-block-quote-is-layout-flow\"><p>\u00ab&nbsp;<em>Bruno Le Maire a dit qu\u2019il ne fallait pas que la baguette de pain augmente trop, eh bien \u00e7a doit \u00eatre la m\u00eame chose pour le m\u00e9tro<\/em>&nbsp;\u00bb, a-t-elle dit.<\/p><\/blockquote>\n\n\n\n<h3 class=\"wp-block-heading\">Val\u00e9rie P\u00e9cresse perd contre son propre parti<\/h3>\n\n\n\n<p>Ainsi, mercredi soir, la majorit\u00e9 des s\u00e9nateurs qui ont vot\u00e9 contre sont\u00a0<strong>du parti de la pr\u00e9sidente de la r\u00e9gion<\/strong>. Mais aussi, des \u00e9lus locaux d\u2019\u00cele-de-France, tels que\u00a0Christine Lavarde (LR) ou Philippe Pemezec (LR) des Hauts-de-Seine, Daphn\u00e9 Ract-Madoux (LR) de l\u2019Essonne, Philippe Dominati (LR) de Paris, rapporte\u00a0<em>Le Parisien<\/em>. S\u2019ajoutent les centristes avec notamment Herv\u00e9 Marseille, maire de la commune de Meudon, au premier chef.<\/p>\n\n\n\n<blockquote class=\"wp-block-quote is-layout-flow wp-block-quote-is-layout-flow\"><p><em>Ce que je regrette dans tout \u00e7a, c\u2019est qu\u2019on a l\u2019impression que l\u2019\u00c9tat est ailleurs<\/em>&nbsp;\u00bb, a indiqu\u00e9 Roger Karoutchi, s\u00e9nateur LR, qui a vot\u00e9 pour.<\/p><\/blockquote>\n\n\n\n<p>Ce dernier veut qu\u2019 \u00ab&nbsp;<em>une partie des avances remboursables consenties face au Covid-19 \u00e0 IDFM se transforment en dotations<\/em>&nbsp;\u00bb, d\u2019apr\u00e8s le journal parisien. Le ministre des Comptes publics, Gabriel Attal, a quant \u00e0 lui d\u00e9clar\u00e9 : \u00ab g<em>ardons-nous des solutions simplistes<\/em>&nbsp;\u00bb, et il a ajout\u00e9 qu\u2019il \u00ab&nbsp;<em>n\u2019y a pas de solution magique<\/em>&nbsp;\u00bb.<\/p>\n\n\n\n<blockquote class=\"wp-block-quote is-layout-flow wp-block-quote-is-layout-flow\"><p>\u00ab<em>&nbsp;Les discussions vont se poursuivre au niveau de la Premi\u00e8re ministre et des ministres<\/em>&nbsp;\u00bb, a pr\u00e9cis\u00e9 Gabriel Attal.<\/p><\/blockquote>\n\n\n\n<h2 class=\"wp-block-heading\"><a rel=\"noreferrer noopener\" href=\"https:\/\/cat.nl.eu.criteo.com\/delivery\/ckn.php?cppv=3&amp;cpp=8AoKyODTUFPxPHYnF2NxVsH9RdP9hwkQ-AZeetmh3FgZ5y0ucvHhSx9w9fBzkoKhDkLiYei2eEr_5X8EhaFAKqtTho8mSAayWyYh2O0dCctyvOkYRlff5QPkIF_PP58IqPMzChA8-ei-qCCLGNiK8DR__sXNuhvRHjk3CjUL2DMJbfFzYXODYR-uKSPbV13D8AmYbkuMqe2JcyxRDRi-vwjKAQoZQjCcARgJFXDtnA8-W2Z-QsX6HYq4qQrQ8ywLtJkXofcS0ecCT_OF9vJC3YZB_XRHQTP8zK404KYkZ2nnC0GEvOSDkZHdK9I0M7vSK9PiZfXJGoOvE0JbExDrrwyWRYQq_Waeuf9OhkmGtFf1cTRUg3a5-CWlhAUblBCoXHYZAN-H8ay1nCBw8tT-0xg0fL_XQouBBeoDApKJx23ZJnEMyeABVxy_kSjSZpQLa4qI0tkFsivEqg0F0elacEJhfnx54lwu8Ih_soRUMmTmRQIHaURZPxG8UPGK_BGiHcDcmA&amp;maxdest=https%3A%2F%2Fad.doubleclick.net%2Fddm%2Ftrackclk%2FN303801.154378CRITEO%2FB27050686.325212450%3Bdc_trk_aid%3D517262915%3Bdc_trk_cid%3D164233211%3Bdc_lat%3D%3Bdc_rdid%3D%3Btag_for_child_directed_treatment%3D%3Btfua%3D%3Bgdpr%3D1%3Bgdpr_consent%3DCPgvCMAPgvCMABcAIEFRCkCgAP_AAH_AAAqIIyQJwABQAKAAsACoAGQAQAAqABbADQANQAigBNAC3AGEAYgA5QCDAIQATAAnQBSAC4AHoAQgAjoBdQDOgGiANeAbQBHYCPQEvAJ_AXmAxcBjIDJAHJgOoAekBAcCMgIyQFgAFgAVAAyACCAGgAagBFADEAH4AQgAmACEAEWAI6AXUA0QBrwDaAI9AXmAwQBkkDkwOUAA%3Fhttps%3A%2F%2Fwww.carrefour.fr%2Fp%2Fgel-douche-coco-ushuaia-3600551053721%3Futm_medium%3Ddisplay_retargeting%26utm_source%3Dcriteo%26utm_campaign%3DEcommerce_Display-Retargeting_Prospect_Alimentaire_criteo_052022%7CSimplifier-les-courses_Food_Drive_and_CLCV_Unified-PV%26utm_storetype%3D%26_SID_storeTracking%3D_SID_%26_ST_storeTypeTracking%3D_ST_%26utm_deliverymethod%3D%26utm_envbasket%3D\" target=\"_blank\"><\/a><\/h2>\n\n\n\n<p><a href=\"https:\/\/www.criteo.com\/privacy\/\"><\/a><\/p>\n","protected":false},"excerpt":{"rendered":"<p>Le prix du pass Navigo va monter d\u2019environ 15 euros. L\u2019augmentation est pr\u00e9vue pour le d\u00e9but de l\u2019ann\u00e9e 2023. Actuellement, en \u00cele-de-France, le prix d\u2019un pass Navigo s\u2019\u00e9l\u00e8ve \u00e0 75,20 euros par mois. Toutefois, ce prix ne restera pas comme tel :\u00a0il va monter d\u2019environ 15 euros et devrait co\u00fbter 90 euros. C\u2019est le 7 [&hellip;]<\/p>\n","protected":false},"author":2,"featured_media":23055,"comment_status":"open","ping_status":"open","sticky":false,"template":"","format":"standard","meta":{"_jetpack_memberships_contains_paid_content":false,"footnotes":"","jetpack_publicize_message":"","jetpack_publicize_feature_enabled":true,"jetpack_social_post_already_shared":true,"jetpack_social_options":{"image_generator_settings":{"template":"highway","default_image_id":0,"font":"","enabled":false},"version":2},"_wpas_customize_per_network":false},"categories":[405],"tags":[],"class_list":["post-23054","post","type-post","status-publish","format-standard","has-post-thumbnail","hentry","category-actu-france-monde"],"jetpack_publicize_connections":[],"jetpack_featured_media_url":"https:\/\/i0.wp.com\/www.iceagetv.com\/radiosite\/wp-content\/uploads\/2022\/11\/Le-prix-du-pass-Navigo-va-monter.jpg?fit=680%2C453&ssl=1","jetpack_sharing_enabled":true,"_links":{"self":[{"href":"https:\/\/www.iceagetv.com\/radiosite\/wp-json\/wp\/v2\/posts\/23054","targetHints":{"allow":["GET"]}}],"collection":[{"href":"https:\/\/www.iceagetv.com\/radiosite\/wp-json\/wp\/v2\/posts"}],"about":[{"href":"https:\/\/www.iceagetv.com\/radiosite\/wp-json\/wp\/v2\/types\/post"}],"author":[{"embeddable":true,"href":"https:\/\/www.iceagetv.com\/radiosite\/wp-json\/wp\/v2\/users\/2"}],"replies":[{"embeddable":true,"href":"https:\/\/www.iceagetv.com\/radiosite\/wp-json\/wp\/v2\/comments?post=23054"}],"version-history":[{"count":1,"href":"https:\/\/www.iceagetv.com\/radiosite\/wp-json\/wp\/v2\/posts\/23054\/revisions"}],"predecessor-version":[{"id":23056,"href":"https:\/\/www.iceagetv.com\/radiosite\/wp-json\/wp\/v2\/posts\/23054\/revisions\/23056"}],"wp:featuredmedia":[{"embeddable":true,"href":"https:\/\/www.iceagetv.com\/radiosite\/wp-json\/wp\/v2\/media\/23055"}],"wp:attachment":[{"href":"https:\/\/www.iceagetv.com\/radiosite\/wp-json\/wp\/v2\/media?parent=23054"}],"wp:term":[{"taxonomy":"category","embeddable":true,"href":"https:\/\/www.iceagetv.com\/radiosite\/wp-json\/wp\/v2\/categories?post=23054"},{"taxonomy":"post_tag","embeddable":true,"href":"https:\/\/www.iceagetv.com\/radiosite\/wp-json\/wp\/v2\/tags?post=23054"}],"curies":[{"name":"wp","href":"https:\/\/api.w.org\/{rel}","templated":true}]}}