{"id":23081,"date":"2022-11-27T13:05:00","date_gmt":"2022-11-27T13:05:00","guid":{"rendered":"http:\/\/www.iceagetv.com\/radiosite\/?p=23081"},"modified":"2022-11-27T13:05:05","modified_gmt":"2022-11-27T13:05:05","slug":"yvelines-un-adolescent-de-14-ans-a-ete-tue-a-coups-de-marteau-sur-la-tete-dans-un-affrontement-entre-bandes-rivales-la-nuit-derniere-a-coignieres-en-marge-dune-competition-de-mma","status":"publish","type":"post","link":"https:\/\/www.iceagetv.com\/radiosite\/yvelines-un-adolescent-de-14-ans-a-ete-tue-a-coups-de-marteau-sur-la-tete-dans-un-affrontement-entre-bandes-rivales-la-nuit-derniere-a-coignieres-en-marge-dune-competition-de-mma\/","title":{"rendered":"Yvelines : Un adolescent de 14 ans a \u00e9t\u00e9 tu\u00e9 \u00e0 coups de marteau sur la t\u00eate dans un affrontement entre bandes rivales la nuit derni\u00e8re \u00e0 Coigni\u00e8res en marge d&rsquo;une comp\u00e9tition de MMA"},"content":{"rendered":"\n<p>Un adolescent de 14 ans a \u00e9t\u00e9 tu\u00e9 dans un affrontement entre bandes rivales la nuit derni\u00e8re, \u00e0 Coigni\u00e8res, dans les Yvelines, a annonc\u00e9 le parquet de Versailles. D&rsquo;apr\u00e8s une source polici\u00e8re \u00e0 l&rsquo;AFP, le jeune homme aurait re\u00e7u plusieurs coups de marteau \u00e0 la t\u00eate. La victime serait originaire de Maurepas, une commune voisine de Coigni\u00e8res.&nbsp;<\/p>\n\n\n\n<p>Le jeune Djibril d\u00e9c\u00e8de de ses blessures, sans doute en raison de celle qui lui a \u00e9t\u00e9 inflig\u00e9e au niveau de la t\u00eate. \u00ab&nbsp;Mais l\u2019autopsie que nous avons demand\u00e9e permettra d\u2019en \u00eatre s\u00fbr&nbsp;\u00bb, pr\u00e9cise la procureure. L\u2019un des amis de Djibril, \u00e2g\u00e9 lui de 16 ans, a \u00e9t\u00e9 l\u00e9g\u00e8rement bless\u00e9. Il aurait \u00e9t\u00e9 pris en charge par ses proches<\/p>\n\n\n\n<p>Une rixe aurait \u00e9clat\u00e9 hier soir vers minuit, entre deux membres de bandes rivales, suite \u00e0 un combat de MMA.&nbsp;&nbsp;<\/p>\n\n\n\n<p>La rixe a lieu juste devant un gymnase, rue du Moulin-\u00e0-vent, o\u00f9 une comp\u00e9tition de MMA, un art martial, se termine. Pr\u00e8s de 300 personnes s\u2019\u00e9taient rendues \u00e0 cette exhibition o\u00f9 aucun incident n\u2019a \u00e9t\u00e9 relev\u00e9. \u00ab&nbsp;Il y avait m\u00eame des familles&nbsp;\u00bb, souligne la procureure au Parisien.<\/p>\n\n\n\n<p>Une autre personne originaire de Maurepas a \u00e9t\u00e9 conduite \u00e0 l&rsquo;h\u00f4pital pour faire soigner ses blessures. Si, dans un premier temps, des t\u00e9moins avaient pu enfermer l&rsquo;auteur pr\u00e9sum\u00e9 des coups de marteau dans un gymnase, ce dernier a r\u00e9ussi \u00e0 s&rsquo;enfuir en passant par une fen\u00eatre. Ce dimanche matin, aucun suspect n&rsquo;a \u00e9t\u00e9 interpell\u00e9.<\/p>\n","protected":false},"excerpt":{"rendered":"<p>Un adolescent de 14 ans a \u00e9t\u00e9 tu\u00e9 dans un affrontement entre bandes rivales la nuit derni\u00e8re, \u00e0 Coigni\u00e8res, dans les Yvelines, a annonc\u00e9 le parquet de Versailles. D&rsquo;apr\u00e8s une source polici\u00e8re \u00e0 l&rsquo;AFP, le jeune homme aurait re\u00e7u plusieurs coups de marteau \u00e0 la t\u00eate. La victime serait originaire de Maurepas, une commune voisine [&hellip;]<\/p>\n","protected":false},"author":2,"featured_media":23082,"comment_status":"open","ping_status":"open","sticky":false,"template":"","format":"standard","meta":{"_jetpack_memberships_contains_paid_content":false,"footnotes":"","jetpack_publicize_message":"","jetpack_publicize_feature_enabled":true,"jetpack_social_post_already_shared":true,"jetpack_social_options":{"image_generator_settings":{"template":"highway","default_image_id":0,"font":"","enabled":false},"version":2},"_wpas_customize_per_network":false},"categories":[405],"tags":[],"class_list":["post-23081","post","type-post","status-publish","format-standard","has-post-thumbnail","hentry","category-actu-france-monde"],"jetpack_publicize_connections":[],"jetpack_featured_media_url":"https:\/\/i0.wp.com\/www.iceagetv.com\/radiosite\/wp-content\/uploads\/2022\/11\/Un-adolescent-de-14-ans-a-ete-tue-a-coups-de-marteau-sur-la-tete-dans-un-affrontement-entre-bandes-rivales-la-nuit-derniere-a-Coignieres.jpg?fit=679%2C293&ssl=1","jetpack_sharing_enabled":true,"_links":{"self":[{"href":"https:\/\/www.iceagetv.com\/radiosite\/wp-json\/wp\/v2\/posts\/23081","targetHints":{"allow":["GET"]}}],"collection":[{"href":"https:\/\/www.iceagetv.com\/radiosite\/wp-json\/wp\/v2\/posts"}],"about":[{"href":"https:\/\/www.iceagetv.com\/radiosite\/wp-json\/wp\/v2\/types\/post"}],"author":[{"embeddable":true,"href":"https:\/\/www.iceagetv.com\/radiosite\/wp-json\/wp\/v2\/users\/2"}],"replies":[{"embeddable":true,"href":"https:\/\/www.iceagetv.com\/radiosite\/wp-json\/wp\/v2\/comments?post=23081"}],"version-history":[{"count":1,"href":"https:\/\/www.iceagetv.com\/radiosite\/wp-json\/wp\/v2\/posts\/23081\/revisions"}],"predecessor-version":[{"id":23083,"href":"https:\/\/www.iceagetv.com\/radiosite\/wp-json\/wp\/v2\/posts\/23081\/revisions\/23083"}],"wp:featuredmedia":[{"embeddable":true,"href":"https:\/\/www.iceagetv.com\/radiosite\/wp-json\/wp\/v2\/media\/23082"}],"wp:attachment":[{"href":"https:\/\/www.iceagetv.com\/radiosite\/wp-json\/wp\/v2\/media?parent=23081"}],"wp:term":[{"taxonomy":"category","embeddable":true,"href":"https:\/\/www.iceagetv.com\/radiosite\/wp-json\/wp\/v2\/categories?post=23081"},{"taxonomy":"post_tag","embeddable":true,"href":"https:\/\/www.iceagetv.com\/radiosite\/wp-json\/wp\/v2\/tags?post=23081"}],"curies":[{"name":"wp","href":"https:\/\/api.w.org\/{rel}","templated":true}]}}