{"id":23084,"date":"2022-11-27T17:11:33","date_gmt":"2022-11-27T17:11:33","guid":{"rendered":"http:\/\/www.iceagetv.com\/radiosite\/?p=23084"},"modified":"2022-11-27T17:11:36","modified_gmt":"2022-11-27T17:11:36","slug":"le-ministre-de-leconomie-bruno-le-maire-reconnait-pour-la-premiere-fois-quil-y-a-eu-des-abus-dans-le-passe-dans-le-recours-aux-cabinets-de-conseil-comme-mckinsey","status":"publish","type":"post","link":"https:\/\/www.iceagetv.com\/radiosite\/le-ministre-de-leconomie-bruno-le-maire-reconnait-pour-la-premiere-fois-quil-y-a-eu-des-abus-dans-le-passe-dans-le-recours-aux-cabinets-de-conseil-comme-mckinsey\/","title":{"rendered":"Le ministre de l&rsquo;\u00c9conomie Bruno Le Maire reconnait pour la premi\u00e8re fois qu&rsquo;il y a eu \u00ab\u00a0des abus&rsquo; dans le pass\u00e9 dans le recours aux cabinets de conseil comme McKinsey\u00a0"},"content":{"rendered":"\n<p>Le ministre de l&rsquo;\u00c9conomie et des Finances Bruno Le Maire a reconnu ce midi qu&rsquo;il y avait eu \u00abdes abus\u00bb dans le pass\u00e9 dans le recours important des minist\u00e8res aux cabinets de conseil comme McKinsey. Deux enqu\u00eates ont \u00e9t\u00e9 ouvertes par la justice sur l&rsquo;intervention des cabinets de conseil dans les campagnes \u00e9lectorales d&rsquo;Emmanuel Macron en 2017 et 2022, pour tenter de savoir si celles-ci n&rsquo;auraient pas ind\u00fbment b\u00e9n\u00e9fici\u00e9 de financements en retour de contrats publics.<\/p>\n\n\n\n<p>\u00abJe ne commente pas les proc\u00e9dures judiciaires en cours\u00bb, a dit Bruno Le Maire sur France 3. \u00abCe qui compte est ce que nous faisons pour r\u00e9pondre aux abus qui ont eu lieu sur le recours \u00e0 des cabinets de conseil ext\u00e9rieurs\u00bb, a-t-il ajout\u00e9.<\/p>\n\n\n\n<p>\u00abJe le reconnais bien volontiers, nous sommes all\u00e9s trop loin, depuis des ann\u00e9es, c&rsquo;est ce gouvernement, les gouvernements pr\u00e9c\u00e9dents, des majorit\u00e9s pr\u00e9c\u00e9dentes&#8230; On avait pris sans doute trop l&rsquo;habitude de dire +l&rsquo;administration n&rsquo;est pas capable de faire ce travail, on va externaliser et demander \u00e0 des cabinets de conseil+\u00bb.<\/p>\n\n\n\n<p>\u00abJe pense qu&rsquo;il y a eu effectivement une d\u00e9rive, que cette d\u00e9rive a \u00e9t\u00e9 corrig\u00e9e\u00bb, notamment par une circulaire de la premi\u00e8re ministre \u00c9lisabeth Borne demandant au gouvernement de r\u00e9duire de 15% le recours aux cabinets de conseil. Selon lui, Bercy a r\u00e9duit de 34% le recours \u00e0 ces soci\u00e9t\u00e9s entre le 1er semestre 2021 et le 1er semestre 2022.<\/p>\n\n\n\n<p>\u00abJe pense que c&rsquo;est la m\u00eame tendance ailleurs\u00bb, a-t-il encore dit, \u00e0 propos des autres minist\u00e8res. \u00abIl y a eu certainement des abus. On doit d&rsquo;abord s&rsquo;appuyer sur son administration, surtout quand on a une administration de la qualit\u00e9 exceptionnelle du minist\u00e8re de l&rsquo;\u00c9conomie et des Finances, r\u00e9duire le recours aux cabinets de conseil\u00bb.<\/p>\n\n\n\n<p>Bruno Le Maire a \u00e9cart\u00e9 toute trace politique que pourrait laisser cette affaire, \u00ab\u00e0 partir du moment o\u00f9 la justice fait son travail, que nous tirons les le\u00e7ons des abus, et je ne crois pas que ce soit le sujet de pr\u00e9occupation majeure des Fran\u00e7ais\u00bb.<\/p>\n","protected":false},"excerpt":{"rendered":"<p>Le ministre de l&rsquo;\u00c9conomie et des Finances Bruno Le Maire a reconnu ce midi qu&rsquo;il y avait eu \u00abdes abus\u00bb dans le pass\u00e9 dans le recours important des minist\u00e8res aux cabinets de conseil comme McKinsey. Deux enqu\u00eates ont \u00e9t\u00e9 ouvertes par la justice sur l&rsquo;intervention des cabinets de conseil dans les campagnes \u00e9lectorales d&rsquo;Emmanuel Macron [&hellip;]<\/p>\n","protected":false},"author":2,"featured_media":23085,"comment_status":"open","ping_status":"open","sticky":false,"template":"","format":"standard","meta":{"_jetpack_memberships_contains_paid_content":false,"footnotes":"","jetpack_publicize_message":"","jetpack_publicize_feature_enabled":true,"jetpack_social_post_already_shared":true,"jetpack_social_options":{"image_generator_settings":{"template":"highway","default_image_id":0,"font":"","enabled":false},"version":2},"_wpas_customize_per_network":false},"categories":[405],"tags":[],"class_list":["post-23084","post","type-post","status-publish","format-standard","has-post-thumbnail","hentry","category-actu-france-monde"],"jetpack_publicize_connections":[],"jetpack_featured_media_url":"https:\/\/i0.wp.com\/www.iceagetv.com\/radiosite\/wp-content\/uploads\/2022\/11\/Le-ministre-de-lEconomie-Bruno-Le-Maire-reconnait-pour-la-premiere-fois.jpg?fit=679%2C293&ssl=1","jetpack_sharing_enabled":true,"_links":{"self":[{"href":"https:\/\/www.iceagetv.com\/radiosite\/wp-json\/wp\/v2\/posts\/23084","targetHints":{"allow":["GET"]}}],"collection":[{"href":"https:\/\/www.iceagetv.com\/radiosite\/wp-json\/wp\/v2\/posts"}],"about":[{"href":"https:\/\/www.iceagetv.com\/radiosite\/wp-json\/wp\/v2\/types\/post"}],"author":[{"embeddable":true,"href":"https:\/\/www.iceagetv.com\/radiosite\/wp-json\/wp\/v2\/users\/2"}],"replies":[{"embeddable":true,"href":"https:\/\/www.iceagetv.com\/radiosite\/wp-json\/wp\/v2\/comments?post=23084"}],"version-history":[{"count":1,"href":"https:\/\/www.iceagetv.com\/radiosite\/wp-json\/wp\/v2\/posts\/23084\/revisions"}],"predecessor-version":[{"id":23086,"href":"https:\/\/www.iceagetv.com\/radiosite\/wp-json\/wp\/v2\/posts\/23084\/revisions\/23086"}],"wp:featuredmedia":[{"embeddable":true,"href":"https:\/\/www.iceagetv.com\/radiosite\/wp-json\/wp\/v2\/media\/23085"}],"wp:attachment":[{"href":"https:\/\/www.iceagetv.com\/radiosite\/wp-json\/wp\/v2\/media?parent=23084"}],"wp:term":[{"taxonomy":"category","embeddable":true,"href":"https:\/\/www.iceagetv.com\/radiosite\/wp-json\/wp\/v2\/categories?post=23084"},{"taxonomy":"post_tag","embeddable":true,"href":"https:\/\/www.iceagetv.com\/radiosite\/wp-json\/wp\/v2\/tags?post=23084"}],"curies":[{"name":"wp","href":"https:\/\/api.w.org\/{rel}","templated":true}]}}