{"id":23110,"date":"2022-11-30T13:54:43","date_gmt":"2022-11-30T13:54:43","guid":{"rendered":"http:\/\/www.iceagetv.com\/radiosite\/?p=23110"},"modified":"2022-11-30T13:55:30","modified_gmt":"2022-11-30T13:55:30","slug":"lhomme-qui-est-entre-sans-autorisation-a-lelysee-raconte-pour-la-premiere-fois-comment-il-a-trompe-la-securite-cetait-ouvert-il-ny-a-eu-aucun-controle-aucune-demande","status":"publish","type":"post","link":"https:\/\/www.iceagetv.com\/radiosite\/lhomme-qui-est-entre-sans-autorisation-a-lelysee-raconte-pour-la-premiere-fois-comment-il-a-trompe-la-securite-cetait-ouvert-il-ny-a-eu-aucun-controle-aucune-demande\/","title":{"rendered":"L&rsquo;homme qui est entr\u00e9 sans autorisation \u00e0 l&rsquo;Elys\u00e9e raconte pour la premi\u00e8re fois comment il a tromp\u00e9 la s\u00e9curit\u00e9: \u00ab\u00a0C&rsquo;\u00e9tait ouvert. Il n&rsquo;y a eu aucun contr\u00f4le, aucune demande\u00a0\u00bb"},"content":{"rendered":"\n<p>C&rsquo;est une information r\u00e9v\u00e9l\u00e9e aujourd&rsquo;hui dans Le Canard Encha\u00een\u00e9. Le 28 septembre dernier, un homme a pu p\u00e9n\u00e9trer \u00e0 l&rsquo;int\u00e9rieur du palais de l&rsquo;Elys\u00e9e sans \u00eatre rep\u00e9r\u00e9 avant d&rsquo;\u00eatre interpell\u00e9. Selon les informations de&nbsp;<a href=\"https:\/\/www.rtl.fr\/actu\/justice-faits-divers\/info-rtl-bonjour-c-est-pour-du-travail-les-explications-de-l-inconnu-qui-a-reussi-a-entrer-a-l-elysee-7900211338\" target=\"_blank\" rel=\"noreferrer noopener\">RTL<\/a>, l&rsquo;individu \u00e2g\u00e9 de 26 ans souhaitait parler au pr\u00e9sident Emmanuel Macron pour trouver un travail.<\/p>\n\n\n\n<p>Devant les policiers du commissariat du XVIe arrondissement, il a racont\u00e9 comment il a pu p\u00e9n\u00e9trer dans un lieu qui est pourtant hautement s\u00e9curis\u00e9. Il indique qu&rsquo;il a \u00ab\u00a0vu que la porte principale \u00e9tait barricad\u00e9e mais qu&rsquo;il y avait une autre entr\u00e9e \u00e0 l&rsquo;ouest\u00a0\u00bb. C&rsquo;est alors qu&rsquo;il a d\u00e9cid\u00e9 de suivre deux personnes en civil.<\/p>\n\n\n\n<p>L&rsquo;homme affirme qu&rsquo;il n&rsquo;y a eu \u00ab\u00a0aucun contr\u00f4le,&nbsp;aucune demande, aucune salutation\u00a0\u00bb lors de son entr\u00e9e. Il a alors continu\u00e9 jusqu&rsquo;\u00e0 la cour d&rsquo;honneur avant de grimper les marches principales pour se pr\u00e9senter au \u00ab\u00a0maitre d\u2019H\u00f4tel\u00a0\u00bb, rapporte RTL. \u00ab\u00a0Bonjour, j&rsquo;aimerais rencontrer le Pr\u00e9sident c&rsquo;est pour du travail\u00a0\u00bb, a-t-il lanc\u00e9 aux employ\u00e9s pr\u00e9sents sur place avant d&rsquo;\u00eatre interpell\u00e9 par les policiers.<\/p>\n\n\n\n<p>Aux enqu\u00eateurs, il a indiqu\u00e9 qu&rsquo;il ne \u00ab\u00a0savait pas qu&rsquo;il fallait une autorisation\u00a0\u00bb. \u00ab\u00a0C&rsquo;\u00e9tait ouvert. Je ne savais pas que c&rsquo;\u00e9tait interdit\u00a0\u00bb d&rsquo;entrer dans l&rsquo;Elys\u00e9e. L&rsquo;homme a tenu \u00e0 \u00ab\u00a0s&rsquo;excuser pour la g\u00eane occasionn\u00e9e\u00a0\u00bb. De son c\u00f4t\u00e9, le parquet de Paris a class\u00e9 cette affaire le jour-m\u00eame en jugeant toute poursuite inopportune.<\/p>\n","protected":false},"excerpt":{"rendered":"<p>C&rsquo;est une information r\u00e9v\u00e9l\u00e9e aujourd&rsquo;hui dans Le Canard Encha\u00een\u00e9. Le 28 septembre dernier, un homme a pu p\u00e9n\u00e9trer \u00e0 l&rsquo;int\u00e9rieur du palais de l&rsquo;Elys\u00e9e sans \u00eatre rep\u00e9r\u00e9 avant d&rsquo;\u00eatre interpell\u00e9. Selon les informations de&nbsp;RTL, l&rsquo;individu \u00e2g\u00e9 de 26 ans souhaitait parler au pr\u00e9sident Emmanuel Macron pour trouver un travail. Devant les policiers du commissariat du [&hellip;]<\/p>\n","protected":false},"author":2,"featured_media":23111,"comment_status":"open","ping_status":"open","sticky":false,"template":"","format":"standard","meta":{"_jetpack_memberships_contains_paid_content":false,"footnotes":"","jetpack_publicize_message":"","jetpack_publicize_feature_enabled":true,"jetpack_social_post_already_shared":true,"jetpack_social_options":{"image_generator_settings":{"template":"highway","default_image_id":0,"font":"","enabled":false},"version":2},"_wpas_customize_per_network":false},"categories":[405],"tags":[],"class_list":["post-23110","post","type-post","status-publish","format-standard","has-post-thumbnail","hentry","category-actu-france-monde"],"jetpack_publicize_connections":[],"jetpack_featured_media_url":"https:\/\/i0.wp.com\/www.iceagetv.com\/radiosite\/wp-content\/uploads\/2022\/11\/Lhomme-qui-est-entre-sans-autorisation-a-lElysee.jpg?fit=679%2C293&ssl=1","jetpack_sharing_enabled":true,"_links":{"self":[{"href":"https:\/\/www.iceagetv.com\/radiosite\/wp-json\/wp\/v2\/posts\/23110","targetHints":{"allow":["GET"]}}],"collection":[{"href":"https:\/\/www.iceagetv.com\/radiosite\/wp-json\/wp\/v2\/posts"}],"about":[{"href":"https:\/\/www.iceagetv.com\/radiosite\/wp-json\/wp\/v2\/types\/post"}],"author":[{"embeddable":true,"href":"https:\/\/www.iceagetv.com\/radiosite\/wp-json\/wp\/v2\/users\/2"}],"replies":[{"embeddable":true,"href":"https:\/\/www.iceagetv.com\/radiosite\/wp-json\/wp\/v2\/comments?post=23110"}],"version-history":[{"count":1,"href":"https:\/\/www.iceagetv.com\/radiosite\/wp-json\/wp\/v2\/posts\/23110\/revisions"}],"predecessor-version":[{"id":23112,"href":"https:\/\/www.iceagetv.com\/radiosite\/wp-json\/wp\/v2\/posts\/23110\/revisions\/23112"}],"wp:featuredmedia":[{"embeddable":true,"href":"https:\/\/www.iceagetv.com\/radiosite\/wp-json\/wp\/v2\/media\/23111"}],"wp:attachment":[{"href":"https:\/\/www.iceagetv.com\/radiosite\/wp-json\/wp\/v2\/media?parent=23110"}],"wp:term":[{"taxonomy":"category","embeddable":true,"href":"https:\/\/www.iceagetv.com\/radiosite\/wp-json\/wp\/v2\/categories?post=23110"},{"taxonomy":"post_tag","embeddable":true,"href":"https:\/\/www.iceagetv.com\/radiosite\/wp-json\/wp\/v2\/tags?post=23110"}],"curies":[{"name":"wp","href":"https:\/\/api.w.org\/{rel}","templated":true}]}}