{"id":23114,"date":"2022-11-30T14:55:52","date_gmt":"2022-11-30T14:55:52","guid":{"rendered":"http:\/\/www.iceagetv.com\/radiosite\/?p=23114"},"modified":"2022-11-30T14:56:05","modified_gmt":"2022-11-30T14:56:05","slug":"lannee-2022-a-ete-la-plus-chaude-jamais-mesuree-en-france-annonce-meteo-france","status":"publish","type":"post","link":"https:\/\/www.iceagetv.com\/radiosite\/lannee-2022-a-ete-la-plus-chaude-jamais-mesuree-en-france-annonce-meteo-france\/","title":{"rendered":"L\u2019ann\u00e9e 2022 a \u00e9t\u00e9 la plus chaude jamais mesur\u00e9e en France, annonce M\u00e9t\u00e9o-France"},"content":{"rendered":"\n<p>L\u2019ann\u00e9e 2022 est d\u2019ores et d\u00e9j\u00e0 la plus chaude jamais mesur\u00e9e en France depuis le d\u00e9but des relev\u00e9s, en&nbsp;1900, a annonc\u00e9, mercredi 30&nbsp;novembre, M\u00e9t\u00e9o France, qui estime qu\u2019elle est le&nbsp;<em>\u00ab&nbsp;sympt\u00f4me du changement climatique en France&nbsp;\u00bb<\/em>.<\/p>\n\n\n\n<p>Quelles que soient les temp\u00e9ratures enregistr\u00e9es en d\u00e9cembre, sur l\u2019ensemble de l\u2019ann\u00e9e, le thermom\u00e8tre atteindra au moins 14,2\u00a0\u00b0C en moyenne, \u00e0 la suite de plusieurs vagues de chaleur extr\u00eames, dont trois durant l\u2019\u00e9t\u00e9. Loin devant le pr\u00e9c\u00e9dent record de 2020, avec 14,07\u00a0\u00b0C<strong>.\u00a0<\/strong>Selon M\u00e9t\u00e9o-France, ces \u00e9pisodes estivaux auraient \u00e9t\u00e9\u00a0<em>\u00ab\u00a0hautement improbables et nettement moins intenses sans l\u2019effet du changement climatique\u00a0\u00bb<\/em>.<\/p>\n\n\n\n<p>Vous pouvez partager un article en cliquant sur les ic\u00f4nes de partage en haut \u00e0 droite de celui-ci.<br>La reproduction totale ou partielle d\u2019un article, sans l\u2019autorisation \u00e9crite et pr\u00e9alable du <a href=\"https:\/\/www.lemonde.fr\">Monde<\/a>, est strictement interdite.<br>Pour plus d\u2019informations, consultez nos <a href=\"https:\/\/moncompte.lemonde.fr\/cgv\">conditions g\u00e9n\u00e9rales de vente<\/a>.<br>Pour toute demande d\u2019autorisation, contactez <a href=\"mailto:droitsdauteur@lemonde.fr\">droitsdauteur@lemonde.fr<\/a>.<br>En tant qu\u2019abonn\u00e9, vous pouvez offrir jusqu\u2019\u00e0 cinq articles par mois \u00e0 l\u2019un de vos proches gr\u00e2ce \u00e0 la fonctionnalit\u00e9 \u00ab Offrir un article \u00bb.<\/p>\n\n\n\n<p>L\u2019ann\u00e9e a \u00e9t\u00e9 marqu\u00e9e par plusieurs \u00e9pisodes de chaleur&nbsp;: trois&nbsp;vagues au cours de l\u2019\u00e9t\u00e9 (15 au 19&nbsp;juin, 12 au 25&nbsp;juillet et 31&nbsp;juillet au 13&nbsp;ao\u00fbt), soit un record de trente-trois&nbsp;jours, et deux hors saison (en mai et \u00e0 la fin d\u2019octobre). <em>\u00ab&nbsp;Tous les mois de l\u2019ann\u00e9e ont \u00e9t\u00e9 plus chauds que la normale, \u00e0 l\u2019exception des mois de janvier et d\u2019avril&nbsp;\u00bb, <\/em>souligne M\u00e9t\u00e9o-France dans une note.<\/p>\n\n\n\n<h2 class=\"wp-block-heading\">\u00ab&nbsp;S\u00e9cheresse historique&nbsp;<strong>\u00bb<\/strong><\/h2>\n\n\n\n<p>Ces chaleurs hors normes ont \u00e9t\u00e9 accompagn\u00e9es de nombreux \u00e9v\u00e8nements extr\u00eames, comme une <em>\u00ab\u00a0s\u00e9cheresse historique\u00a0\u00bb<\/em>, des feux de for\u00eat, notamment en Gironde et dans des r\u00e9gions habituellement peu ou pas sujettes \u00e0 ce type de ph\u00e9nom\u00e8nes \u2013 comme la Bretagne \u2013, des canicules oc\u00e9aniques en M\u00e9diterran\u00e9e et des orages violents, comme celui qui a touch\u00e9 la <a href=\"https:\/\/www.lemonde.fr\/climat\/article\/2022\/09\/03\/en-corse-apres-la-tempete-meurtriere-du-18-aout-girolata-s-interroge-sur-son-avenir_6140039_1652612.html\">Corse le 18\u00a0ao\u00fbt<\/a>, lequel avait caus\u00e9 la mort de cinq personnes.<\/p>\n\n\n\n<p>La pluviom\u00e9trie annuelle devrait pr\u00e9senter en moyenne un d\u00e9ficit de 15&nbsp;% \u00e0 25&nbsp;% par rapport \u00e0 la normale, avec deux&nbsp;mois sans pr\u00e9c\u00e9dent en mai (d\u00e9ficit de 60&nbsp;%) et juillet (\u2212&nbsp;85&nbsp;%), qui sont les plus secs depuis le d\u00e9but des mesures, en&nbsp;1959. L\u2019ann\u00e9e la plus s\u00e8che en France reste 1989, avec un d\u00e9ficit de 25&nbsp;%.<\/p>\n\n\n\n<p>Selon M\u00e9t\u00e9o-France, les fortes chaleurs sont devenues plus fr\u00e9quentes depuis ces derni\u00e8res ann\u00e9es&nbsp;: huit des dix&nbsp;ann\u00e9es les plus chaudes depuis le d\u00e9but du XX<sup>e&nbsp;<\/sup>si\u00e8cle sont post\u00e9rieures \u00e0 2010.<\/p>\n\n\n\n<p>Ce r\u00e9chauffement est favoris\u00e9 par le changement climatique d\u2019origine humaine. Ainsi, les vagues de chaleur estivale de 2022 auraient \u00e9t\u00e9\u00a0<em>\u00ab\u00a0hautement improbables et nettement moins intenses sans l\u2019effet du changement climatique\u00a0\u00bb<\/em>, pr\u00e9cise l\u2019organisme public.Les \u00e9tudes estiment que cette p\u00e9riode\u00a0<em>\u00ab\u00a0aurait \u00e9t\u00e9 quasiment impossible dans un climat non r\u00e9chauff\u00e9 par l\u2019homme\u00a0\u00bb<\/em>\u00a0: ces \u00e9pisodes de chaleur ont \u00e9t\u00e9 rendus\u00a0<em>\u00ab\u00a0environ 500\u00a0fois plus probables avec le changement climatique d\u2019origine anthropique\u00a0\u00bb \u2013<\/em>\u00a0c\u2019est-\u00e0-dire caus\u00e9 par l\u2019homme \u2013 et\u00a0<em>\u00ab\u00a0de 1,5 \u00e0 1,9\u00a0\u00b0C plus chauds\u00a0\u00bb<\/em>.<\/p>\n","protected":false},"excerpt":{"rendered":"<p>L\u2019ann\u00e9e 2022 est d\u2019ores et d\u00e9j\u00e0 la plus chaude jamais mesur\u00e9e en France depuis le d\u00e9but des relev\u00e9s, en&nbsp;1900, a annonc\u00e9, mercredi 30&nbsp;novembre, M\u00e9t\u00e9o France, qui estime qu\u2019elle est le&nbsp;\u00ab&nbsp;sympt\u00f4me du changement climatique en France&nbsp;\u00bb. Quelles que soient les temp\u00e9ratures enregistr\u00e9es en d\u00e9cembre, sur l\u2019ensemble de l\u2019ann\u00e9e, le thermom\u00e8tre atteindra au moins 14,2\u00a0\u00b0C en moyenne, [&hellip;]<\/p>\n","protected":false},"author":2,"featured_media":23115,"comment_status":"open","ping_status":"open","sticky":false,"template":"","format":"standard","meta":{"_jetpack_memberships_contains_paid_content":false,"footnotes":"","jetpack_publicize_message":"","jetpack_publicize_feature_enabled":true,"jetpack_social_post_already_shared":true,"jetpack_social_options":{"image_generator_settings":{"template":"highway","default_image_id":0,"font":"","enabled":false},"version":2},"_wpas_customize_per_network":false},"categories":[14],"tags":[],"class_list":["post-23114","post","type-post","status-publish","format-standard","has-post-thumbnail","hentry","category-actu-meteo"],"jetpack_publicize_connections":[],"jetpack_featured_media_url":"https:\/\/i0.wp.com\/www.iceagetv.com\/radiosite\/wp-content\/uploads\/2022\/11\/annee-la-plus-chaude.jpg?fit=584%2C254&ssl=1","jetpack_sharing_enabled":true,"_links":{"self":[{"href":"https:\/\/www.iceagetv.com\/radiosite\/wp-json\/wp\/v2\/posts\/23114","targetHints":{"allow":["GET"]}}],"collection":[{"href":"https:\/\/www.iceagetv.com\/radiosite\/wp-json\/wp\/v2\/posts"}],"about":[{"href":"https:\/\/www.iceagetv.com\/radiosite\/wp-json\/wp\/v2\/types\/post"}],"author":[{"embeddable":true,"href":"https:\/\/www.iceagetv.com\/radiosite\/wp-json\/wp\/v2\/users\/2"}],"replies":[{"embeddable":true,"href":"https:\/\/www.iceagetv.com\/radiosite\/wp-json\/wp\/v2\/comments?post=23114"}],"version-history":[{"count":1,"href":"https:\/\/www.iceagetv.com\/radiosite\/wp-json\/wp\/v2\/posts\/23114\/revisions"}],"predecessor-version":[{"id":23116,"href":"https:\/\/www.iceagetv.com\/radiosite\/wp-json\/wp\/v2\/posts\/23114\/revisions\/23116"}],"wp:featuredmedia":[{"embeddable":true,"href":"https:\/\/www.iceagetv.com\/radiosite\/wp-json\/wp\/v2\/media\/23115"}],"wp:attachment":[{"href":"https:\/\/www.iceagetv.com\/radiosite\/wp-json\/wp\/v2\/media?parent=23114"}],"wp:term":[{"taxonomy":"category","embeddable":true,"href":"https:\/\/www.iceagetv.com\/radiosite\/wp-json\/wp\/v2\/categories?post=23114"},{"taxonomy":"post_tag","embeddable":true,"href":"https:\/\/www.iceagetv.com\/radiosite\/wp-json\/wp\/v2\/tags?post=23114"}],"curies":[{"name":"wp","href":"https:\/\/api.w.org\/{rel}","templated":true}]}}