{"id":23118,"date":"2022-12-01T08:08:35","date_gmt":"2022-12-01T08:08:35","guid":{"rendered":"http:\/\/www.iceagetv.com\/radiosite\/?p=23118"},"modified":"2022-12-01T08:08:38","modified_gmt":"2022-12-01T08:08:38","slug":"le-gouvernement-envisage-de-faire-passer-un-controle-technique-aux-deux-roues-des-le-mois-de-juin-2023-malgre-lopposition-des-associations-de-motards","status":"publish","type":"post","link":"https:\/\/www.iceagetv.com\/radiosite\/le-gouvernement-envisage-de-faire-passer-un-controle-technique-aux-deux-roues-des-le-mois-de-juin-2023-malgre-lopposition-des-associations-de-motards\/","title":{"rendered":"Le gouvernement envisage de faire passer un contr\u00f4le technique aux deux-roues d\u00e8s le mois de juin 2023, malgr\u00e9 l&rsquo;opposition des associations de motards"},"content":{"rendered":"\n<p>Le gouvernement envisage de faire passer un contr\u00f4le technique aux deux-roues d\u00e8s le mois de juin 2023, selon une note gouvernementale consult\u00e9e par l\u2019AFP. Selon cette note transmise le 22 novembre aux directions r\u00e9gionales de l\u2019\u00e9quipement (DREAL), en charge de mettre ce contr\u00f4le en place, le minist\u00e8re des Transports envisage un d\u00e9but du contr\u00f4le technique pour les deux-roues \u00ab \u00e0 l\u2019horizon juin 2023 \u00bb.<\/p>\n\n\n\n<p>Ce serait \u00ab un contr\u00f4le technique simplifi\u00e9 avec une diminution significative des points de contr\u00f4le \u00bb par rapport \u00e0 celui des voitures, et \u00ab une mise en \u0153uvre progressive en 2 \u00e9tapes avec un contr\u00f4le visuel au d\u00e9part \u00bb puis \u00ab un contr\u00f4le plus \u00e9toff\u00e9 impliquant la prise de quelques mesures en utilisant des mat\u00e9riels d\u00e9di\u00e9s (exemple : \u00e9missions de polluants) \u00bb.<\/p>\n\n\n\n<p>Une porte-parole du minist\u00e8re a soulign\u00e9 qu\u2019une concertation \u00e9tait \u00ab en cours sur les diff\u00e9rents param\u00e8tres \u00bb et que \u00ab rien \u00bb n\u2019\u00e9tait \u00ab stabilis\u00e9 \u00e0 ce stade \u00bb.<\/p>\n\n\n\n<p>Le Conseil d\u2019Etat a r\u00e9tabli fin octobre l\u2019instauration de ce contr\u00f4le technique impos\u00e9 par l\u2019Union europ\u00e9enne pour prot\u00e9ger la s\u00e9curit\u00e9 des motards mais aussi l\u2019environnement, et d\u00e9j\u00e0 appliqu\u00e9 dans de nombreux pays.<\/p>\n\n\n\n<p>L\u2019application de cette mesure \u00e9tait pr\u00e9vue d\u00e9but 2023 avant son annulation par le gouvernement.<\/p>\n\n\n\n<p>Le ministre des Transports Cl\u00e9ment Beaune a rencontr\u00e9 depuis les associations \u00e9cologistes qui demandaient l\u2019application de la mesure mais aussi les associations de motards, vent debout contre ce contr\u00f4le, et les r\u00e9seaux de contr\u00f4le technique.<\/p>\n\n\n\n<p>Selon la note, le gouvernement \u00ab travaille en lien avec les f\u00e9d\u00e9rations du contr\u00f4le technique \u00bb pour que leur maillage territorial \u00ab soit suffisamment dense et que les usagers n\u2019aient pas \u00e0 parcourir une trop longue distance \u00bb, et pour que \u00ab le prix du contr\u00f4le technique reste aussi bas que possible (il devrait normalement \u00eatre inf\u00e9rieur \u00e0 50 euros) \u00bb.<\/p>\n","protected":false},"excerpt":{"rendered":"<p>Le gouvernement envisage de faire passer un contr\u00f4le technique aux deux-roues d\u00e8s le mois de juin 2023, selon une note gouvernementale consult\u00e9e par l\u2019AFP. Selon cette note transmise le 22 novembre aux directions r\u00e9gionales de l\u2019\u00e9quipement (DREAL), en charge de mettre ce contr\u00f4le en place, le minist\u00e8re des Transports envisage un d\u00e9but du contr\u00f4le technique [&hellip;]<\/p>\n","protected":false},"author":2,"featured_media":23119,"comment_status":"open","ping_status":"open","sticky":false,"template":"","format":"standard","meta":{"_jetpack_memberships_contains_paid_content":false,"footnotes":"","jetpack_publicize_message":"","jetpack_publicize_feature_enabled":true,"jetpack_social_post_already_shared":true,"jetpack_social_options":{"image_generator_settings":{"template":"highway","default_image_id":0,"font":"","enabled":false},"version":2},"_wpas_customize_per_network":false},"categories":[405],"tags":[],"class_list":["post-23118","post","type-post","status-publish","format-standard","has-post-thumbnail","hentry","category-actu-france-monde"],"jetpack_publicize_connections":[],"jetpack_featured_media_url":"https:\/\/i0.wp.com\/www.iceagetv.com\/radiosite\/wp-content\/uploads\/2022\/12\/Le-gouvernement-envisage-de-faire-passer-un-controle-technique.jpg?fit=679%2C293&ssl=1","jetpack_sharing_enabled":true,"_links":{"self":[{"href":"https:\/\/www.iceagetv.com\/radiosite\/wp-json\/wp\/v2\/posts\/23118","targetHints":{"allow":["GET"]}}],"collection":[{"href":"https:\/\/www.iceagetv.com\/radiosite\/wp-json\/wp\/v2\/posts"}],"about":[{"href":"https:\/\/www.iceagetv.com\/radiosite\/wp-json\/wp\/v2\/types\/post"}],"author":[{"embeddable":true,"href":"https:\/\/www.iceagetv.com\/radiosite\/wp-json\/wp\/v2\/users\/2"}],"replies":[{"embeddable":true,"href":"https:\/\/www.iceagetv.com\/radiosite\/wp-json\/wp\/v2\/comments?post=23118"}],"version-history":[{"count":1,"href":"https:\/\/www.iceagetv.com\/radiosite\/wp-json\/wp\/v2\/posts\/23118\/revisions"}],"predecessor-version":[{"id":23120,"href":"https:\/\/www.iceagetv.com\/radiosite\/wp-json\/wp\/v2\/posts\/23118\/revisions\/23120"}],"wp:featuredmedia":[{"embeddable":true,"href":"https:\/\/www.iceagetv.com\/radiosite\/wp-json\/wp\/v2\/media\/23119"}],"wp:attachment":[{"href":"https:\/\/www.iceagetv.com\/radiosite\/wp-json\/wp\/v2\/media?parent=23118"}],"wp:term":[{"taxonomy":"category","embeddable":true,"href":"https:\/\/www.iceagetv.com\/radiosite\/wp-json\/wp\/v2\/categories?post=23118"},{"taxonomy":"post_tag","embeddable":true,"href":"https:\/\/www.iceagetv.com\/radiosite\/wp-json\/wp\/v2\/tags?post=23118"}],"curies":[{"name":"wp","href":"https:\/\/api.w.org\/{rel}","templated":true}]}}