{"id":23121,"date":"2022-12-01T12:34:01","date_gmt":"2022-12-01T12:34:01","guid":{"rendered":"http:\/\/www.iceagetv.com\/radiosite\/?p=23121"},"modified":"2022-12-01T12:34:04","modified_gmt":"2022-12-01T12:34:04","slug":"les-autorites-sanitaires-chinoises-donnent-des-premiers-signes-dun-possible-allegement-de-leur-stricte-politique-zero-covid-apres-une-vague-de-manifestations-de-colere-contre-les-restricti","status":"publish","type":"post","link":"https:\/\/www.iceagetv.com\/radiosite\/les-autorites-sanitaires-chinoises-donnent-des-premiers-signes-dun-possible-allegement-de-leur-stricte-politique-zero-covid-apres-une-vague-de-manifestations-de-colere-contre-les-restricti\/","title":{"rendered":"Les autorit\u00e9s sanitaires chinoises donnent des premiers signes d&rsquo;un possible all\u00e8gement de leur stricte politique \u00ab\u00a0z\u00e9ro Covid\u00a0\u00bb, apr\u00e8s une\u00a0vague de manifestations de col\u00e8re contre les restrictions sanitaires"},"content":{"rendered":"\n<p>Les autorit\u00e9s sanitaires chinoises ont donn\u00e9 des premiers signes d&rsquo;un possible all\u00e8gement de leur stricte politique \u00abz\u00e9ro Covid\u00bb, apr\u00e8s une&nbsp;vague de manifestations de col\u00e8re contre les restrictions sanitaires et pour davantage de libert\u00e9s.<\/p>\n\n\n\n<p>L&rsquo;approche de la Chine vis-\u00e0-vis du virus \u00abfait face \u00e0 de nouvelles circonstances et de nouvelles t\u00e2ches\u00bb, gr\u00e2ce au caract\u00e8re moins dangereux du variant Omicron et \u00e0 l&rsquo;avanc\u00e9e de la vaccination, a d\u00e9clar\u00e9 la vice-Premi\u00e8re ministre Sun Chunlan, s&rsquo;exprimant mercredi devant la Commission nationale de la sant\u00e9 (NHC).<\/p>\n\n\n\n<p>Mardi, P\u00e9kin avait d\u00e9j\u00e0 d\u00e9cid\u00e9 d&rsquo;acc\u00e9l\u00e9rer la vaccination des personnes \u00e2g\u00e9es, encore insuffisante. Figure centrale de la strat\u00e9gie chinoise face \u00e0 la pand\u00e9mie, Sun Chunlan n&rsquo;a fait aucune mention de la politique \u00abz\u00e9ro Covid\u00bb dans ses remarques &#8211; selon les propos rapport\u00e9s par l&rsquo;agence d&rsquo;Etat Chine Nouvelle -, laissant esp\u00e9rer que cette strat\u00e9gie, qui bouleverse depuis trois ans la vie quotidienne des Chinois et l&rsquo;\u00e9conomie du pays, serait bient\u00f4t assouplie.<\/p>\n\n\n\n<p>Exc\u00e9d\u00e9s par des confinements \u00e0 r\u00e9p\u00e9tition et des tests PCR quasi-quotidiens, des milliers de Chinois ont manifest\u00e9 le week-end dernier, \u00e0 P\u00e9kin, Shanghai, Canton ou encore Wuhan &#8211; o\u00f9 les premiers cas avaient \u00e9t\u00e9 d\u00e9tect\u00e9s en d\u00e9cembre 2019. Pour les autorit\u00e9s communistes, c&rsquo;est la&nbsp;vague de contestation la plus \u00e9tendue&nbsp;depuis les mobilisations pro-d\u00e9mocratie de Tiananmen en 1989. Prises par surprise, elles ont appel\u00e9 \u00e0 la \u00abr\u00e9pression\u00bb pour contenir ce mouvement, mais semblent aussi donner un gage sur le front de la politique sanitaire.<\/p>\n","protected":false},"excerpt":{"rendered":"<p>Les autorit\u00e9s sanitaires chinoises ont donn\u00e9 des premiers signes d&rsquo;un possible all\u00e8gement de leur stricte politique \u00abz\u00e9ro Covid\u00bb, apr\u00e8s une&nbsp;vague de manifestations de col\u00e8re contre les restrictions sanitaires et pour davantage de libert\u00e9s. L&rsquo;approche de la Chine vis-\u00e0-vis du virus \u00abfait face \u00e0 de nouvelles circonstances et de nouvelles t\u00e2ches\u00bb, gr\u00e2ce au caract\u00e8re moins dangereux [&hellip;]<\/p>\n","protected":false},"author":2,"featured_media":23096,"comment_status":"open","ping_status":"open","sticky":false,"template":"","format":"standard","meta":{"_jetpack_memberships_contains_paid_content":false,"footnotes":"","jetpack_publicize_message":"","jetpack_publicize_feature_enabled":true,"jetpack_social_post_already_shared":true,"jetpack_social_options":{"image_generator_settings":{"template":"highway","default_image_id":0,"font":"","enabled":false},"version":2},"_wpas_customize_per_network":false},"categories":[405],"tags":[],"class_list":["post-23121","post","type-post","status-publish","format-standard","has-post-thumbnail","hentry","category-actu-france-monde"],"jetpack_publicize_connections":[],"jetpack_featured_media_url":"https:\/\/i0.wp.com\/www.iceagetv.com\/radiosite\/wp-content\/uploads\/2022\/11\/porter-le-masque-dans-les-transports-et-au-contact-des-personnes-fragiles.jpg?fit=679%2C293&ssl=1","jetpack_sharing_enabled":true,"_links":{"self":[{"href":"https:\/\/www.iceagetv.com\/radiosite\/wp-json\/wp\/v2\/posts\/23121","targetHints":{"allow":["GET"]}}],"collection":[{"href":"https:\/\/www.iceagetv.com\/radiosite\/wp-json\/wp\/v2\/posts"}],"about":[{"href":"https:\/\/www.iceagetv.com\/radiosite\/wp-json\/wp\/v2\/types\/post"}],"author":[{"embeddable":true,"href":"https:\/\/www.iceagetv.com\/radiosite\/wp-json\/wp\/v2\/users\/2"}],"replies":[{"embeddable":true,"href":"https:\/\/www.iceagetv.com\/radiosite\/wp-json\/wp\/v2\/comments?post=23121"}],"version-history":[{"count":1,"href":"https:\/\/www.iceagetv.com\/radiosite\/wp-json\/wp\/v2\/posts\/23121\/revisions"}],"predecessor-version":[{"id":23122,"href":"https:\/\/www.iceagetv.com\/radiosite\/wp-json\/wp\/v2\/posts\/23121\/revisions\/23122"}],"wp:featuredmedia":[{"embeddable":true,"href":"https:\/\/www.iceagetv.com\/radiosite\/wp-json\/wp\/v2\/media\/23096"}],"wp:attachment":[{"href":"https:\/\/www.iceagetv.com\/radiosite\/wp-json\/wp\/v2\/media?parent=23121"}],"wp:term":[{"taxonomy":"category","embeddable":true,"href":"https:\/\/www.iceagetv.com\/radiosite\/wp-json\/wp\/v2\/categories?post=23121"},{"taxonomy":"post_tag","embeddable":true,"href":"https:\/\/www.iceagetv.com\/radiosite\/wp-json\/wp\/v2\/tags?post=23121"}],"curies":[{"name":"wp","href":"https:\/\/api.w.org\/{rel}","templated":true}]}}