{"id":23131,"date":"2022-12-01T20:05:01","date_gmt":"2022-12-01T20:05:01","guid":{"rendered":"http:\/\/www.iceagetv.com\/radiosite\/?p=23131"},"modified":"2022-12-01T20:05:01","modified_gmt":"2022-12-01T20:05:01","slug":"lannonce-surrealiste-du-ministre-de-leducation-pap-ndiaye-il-ny-aura-pas-decole-le-matin-dans-les-zones-qui-subiront-des-coupures-de-courant-cet-hiver","status":"publish","type":"post","link":"https:\/\/www.iceagetv.com\/radiosite\/lannonce-surrealiste-du-ministre-de-leducation-pap-ndiaye-il-ny-aura-pas-decole-le-matin-dans-les-zones-qui-subiront-des-coupures-de-courant-cet-hiver\/","title":{"rendered":"L&rsquo;annonce surr\u00e9aliste du Ministre de l&rsquo;Education, Pap Ndiaye : \u00ab\u00a0Il n&rsquo;y aura pas d&rsquo;\u00e9cole le matin dans les zones qui subiront des coupures de courant cet hiver !\u00a0\u00bb"},"content":{"rendered":"\n<p>L&rsquo;information est bien r\u00e9elle et on est bien en France en 2022 ! Le ministre de l&rsquo;Education&nbsp;Nationale a annonc\u00e9 aujourd&rsquo;hui qu&rsquo;il n&rsquo;y aura pas d&rsquo;\u00e9cole le matin dans les zones qui subiront des coupures de courant programm\u00e9es et cibl\u00e9es cet hiver :<\/p>\n\n\n\n<p>\u00ab\u00a0Les d\u00e9lestages programm\u00e9s vont en effet toucher les \u00e9coles et les \u00e9tablissements scolaires, selon trois cr\u00e9neaux : 8 heures-10 heures, 10 heures-midi et 18 heures-20 heures\u00a0\u00bb, a pr\u00e9cis\u00e9 Pap Ndiaye, lors d&rsquo;un d\u00e9placement au Salon Educatech Expo \u00e0 Paris.<\/p>\n\n\n\n<p>En cas de coupures le matin, \u00ab\u00a0la rentr\u00e9e des \u00e9l\u00e8ves le jour concern\u00e9 se fera en d\u00e9but d&rsquo;apr\u00e8s-midi, avec sans doute un repas qui sera n\u00e9anmoins pr\u00e9vu pour les \u00e9l\u00e8ves qui sont \u00e0 la cantine\u00a0\u00bb, a-t-il ajout\u00e9.<\/p>\n\n\n\n<p>L&rsquo;ex\u00e9cutif a rendu publique jeudi une circulaire destin\u00e9e aux pr\u00e9fets pour qu&rsquo;ils anticipent et pr\u00e9parent population, entreprises et administrations aux coupures d&rsquo;\u00e9lectricit\u00e9. \u00ab\u00a0Des fiches seront envoy\u00e9es \u00e9galement dans les \u00e9coles, pour \u00eatre pr\u00eats\u00a0\u00bb, a d\u00e9taill\u00e9 le ministre de l&rsquo;Education.<\/p>\n\n\n\n<p>Par ailleurs, \u00ab\u00a0des \u00e9coles situ\u00e9es \u00e0 proximit\u00e9 de structures qui ne subiront pas les d\u00e9lestages\u00a0\u00bb pourront \u00ab\u00a0accueillir les enfants de personnels prioritaires, selon un sch\u00e9ma qui a d&rsquo;ailleurs \u00e9t\u00e9 exp\u00e9riment\u00e9 pendant la crise sanitaire\u00a0\u00bb.<\/p>\n\n\n\n<p>\u00ab\u00a0Il n&rsquo;y a pas encore de carte de ces d\u00e9lestages, ni, bien entendu, y compris pour des raisons de s\u00e9curit\u00e9, des structures prioritaires. Nous allons travailler \u00e0 tout cela\u00a0\u00bb, a-t-il assur\u00e9. Les syndicats enseignants ont fait part de leurs inqui\u00e9tudes et de leur surprise face \u00e0 ces annonces.<\/p>\n\n\n\n<p>\u00ab\u00a0Les informations arrivent sans avoir \u00e9t\u00e9 travaill\u00e9es et soul\u00e8vent plein de questions\u00a0\u00bb, comme \u00ab\u00a0les modalit\u00e9s d&rsquo;information aux familles\u00a0\u00bb, a r\u00e9agi aupr\u00e8s de l&rsquo;AFP St\u00e9phane Crochet, secr\u00e9taire g\u00e9n\u00e9ral du SE-Unsa.<\/p>\n","protected":false},"excerpt":{"rendered":"<p>L&rsquo;information est bien r\u00e9elle et on est bien en France en 2022 ! Le ministre de l&rsquo;Education&nbsp;Nationale a annonc\u00e9 aujourd&rsquo;hui qu&rsquo;il n&rsquo;y aura pas d&rsquo;\u00e9cole le matin dans les zones qui subiront des coupures de courant programm\u00e9es et cibl\u00e9es cet hiver : \u00ab\u00a0Les d\u00e9lestages programm\u00e9s vont en effet toucher les \u00e9coles et les \u00e9tablissements scolaires, [&hellip;]<\/p>\n","protected":false},"author":2,"featured_media":23132,"comment_status":"open","ping_status":"open","sticky":false,"template":"","format":"standard","meta":{"_jetpack_memberships_contains_paid_content":false,"footnotes":"","jetpack_publicize_message":"","jetpack_publicize_feature_enabled":true,"jetpack_social_post_already_shared":true,"jetpack_social_options":{"image_generator_settings":{"template":"highway","default_image_id":0,"font":"","enabled":false},"version":2},"_wpas_customize_per_network":false},"categories":[405],"tags":[3076],"class_list":["post-23131","post","type-post","status-publish","format-standard","has-post-thumbnail","hentry","category-actu-france-monde","tag-lannonce-surrealiste-du-ministre-de-leducation"],"jetpack_publicize_connections":[],"jetpack_featured_media_url":"https:\/\/i0.wp.com\/www.iceagetv.com\/radiosite\/wp-content\/uploads\/2022\/12\/Lannonce-surrealiste-du-Ministre-de-lEducation-Pap-Ndiaye.jpg?fit=679%2C293&ssl=1","jetpack_sharing_enabled":true,"_links":{"self":[{"href":"https:\/\/www.iceagetv.com\/radiosite\/wp-json\/wp\/v2\/posts\/23131","targetHints":{"allow":["GET"]}}],"collection":[{"href":"https:\/\/www.iceagetv.com\/radiosite\/wp-json\/wp\/v2\/posts"}],"about":[{"href":"https:\/\/www.iceagetv.com\/radiosite\/wp-json\/wp\/v2\/types\/post"}],"author":[{"embeddable":true,"href":"https:\/\/www.iceagetv.com\/radiosite\/wp-json\/wp\/v2\/users\/2"}],"replies":[{"embeddable":true,"href":"https:\/\/www.iceagetv.com\/radiosite\/wp-json\/wp\/v2\/comments?post=23131"}],"version-history":[{"count":1,"href":"https:\/\/www.iceagetv.com\/radiosite\/wp-json\/wp\/v2\/posts\/23131\/revisions"}],"predecessor-version":[{"id":23133,"href":"https:\/\/www.iceagetv.com\/radiosite\/wp-json\/wp\/v2\/posts\/23131\/revisions\/23133"}],"wp:featuredmedia":[{"embeddable":true,"href":"https:\/\/www.iceagetv.com\/radiosite\/wp-json\/wp\/v2\/media\/23132"}],"wp:attachment":[{"href":"https:\/\/www.iceagetv.com\/radiosite\/wp-json\/wp\/v2\/media?parent=23131"}],"wp:term":[{"taxonomy":"category","embeddable":true,"href":"https:\/\/www.iceagetv.com\/radiosite\/wp-json\/wp\/v2\/categories?post=23131"},{"taxonomy":"post_tag","embeddable":true,"href":"https:\/\/www.iceagetv.com\/radiosite\/wp-json\/wp\/v2\/tags?post=23131"}],"curies":[{"name":"wp","href":"https:\/\/api.w.org\/{rel}","templated":true}]}}