{"id":23148,"date":"2022-12-03T16:32:30","date_gmt":"2022-12-03T16:32:30","guid":{"rendered":"http:\/\/www.iceagetv.com\/radiosite\/?p=23148"},"modified":"2022-12-03T16:32:42","modified_gmt":"2022-12-03T16:32:42","slug":"la-legende-bresilienne-du-football-pele-qui-lutte-contre-un-cancer-du-colon-depuis-septembre-2021-aurait-ete-place-en-soins-palliatifs-selon-les-medias-bresiliens","status":"publish","type":"post","link":"https:\/\/www.iceagetv.com\/radiosite\/la-legende-bresilienne-du-football-pele-qui-lutte-contre-un-cancer-du-colon-depuis-septembre-2021-aurait-ete-place-en-soins-palliatifs-selon-les-medias-bresiliens\/","title":{"rendered":"La l\u00e9gende br\u00e9silienne du football Pel\u00e9, qui lutte contre un cancer du c\u00f4lon depuis septembre 2021, aurait \u00e9t\u00e9 plac\u00e9 en soins palliatifs, selon les m\u00e9dias br\u00e9siliens"},"content":{"rendered":"\n<p>Selon le quotidien Folha de S\u00e3o Paulo, le joueur br\u00e9silien Edson Arantes do Nascimento, dit \u00ab\u00a0Pel\u00e9\u00a0\u00bb, admis lundi 28 novembre \u00e0 l&rsquo;h\u00f4pital Albert-Einstein de S\u00e3o Paulo aurait \u00e9t\u00e9 plac\u00e9 en soins palliatifs. Selon un communiqu\u00e9 publi\u00e9 par l&rsquo;\u00e9tablissement m\u00e9dical, le corps de la l\u00e9gende du football de 82 ans ne r\u00e9pondrait plus \u00e0 la chimioth\u00e9rapie qu&rsquo;il suivait depuis 2021, apr\u00e8s qu&rsquo;on lui a diagnostiqu\u00e9 un cancer du c\u00f4lon, et ce, malgr\u00e9 une am\u00e9lioration de son \u00e9tat vendredi dernier.<\/p>\n\n\n\n<p>L\u00e9gende vivante du football, atteint d&rsquo;un cancer du c\u00f4lon depuis 2021, il avait \u00e9t\u00e9 hospitalis\u00e9, ce mardi 30 novembre, pour \u00abr\u00e9\u00e9valuer son traitement par chimioth\u00e9rapie\u00bb, selon l&rsquo;h\u00f4pital, visant \u00e0 traiter des m\u00e9tastases d\u00e9cel\u00e9es au d\u00e9but de l\u2019ann\u00e9e. Mais le Br\u00e9silien serait d\u00e9sormais plac\u00e9 en soins palliatifs, d&rsquo;apr\u00e8s le quotidien br\u00e9silien Folha de Sao Paulo, et ne serait plus trait\u00e9 que pour cette infection respiratoire, la chimioth\u00e9rapie &#8211; qu\u2019il suit depuis le mois de septembre 2021 &#8211; ne faisant plus effet.<\/p>\n\n\n\n<p>Le rapport m\u00e9dical diffus\u00e9 par l&rsquo;h\u00f4pital ce vendredi se veut malgr\u00e9 tout rassurant, pr\u00e9cisant que la star r\u00e9agissait bien aux antibiotiques. \u00abLa r\u00e9ponse a \u00e9t\u00e9 ad\u00e9quate et le patient (&#8230;) est stable, avec une am\u00e9lioration g\u00e9n\u00e9rale de son \u00e9tat de sant\u00e9. Il va rester \u00e0 l&rsquo;h\u00f4pital ces prochains jours pour continuer son traitement\u00bb, a d\u00e9taill\u00e9 l&rsquo;\u00e9tablissement.<\/p>\n\n\n\n<p>Le joueur de l\u2019\u00e9quipe de France et du Paris Saint-Germain, Kylian Mbapp\u00e9, a tenu \u00e0 r\u00e9agir \u00e0 cette nouvelle, et a \u00e9crit un message de soutien \u00e0 Pel\u00e9 sur son compte Twitter : \u00abPriez pour le Roi\u00bb<\/p>\n","protected":false},"excerpt":{"rendered":"<p>Selon le quotidien Folha de S\u00e3o Paulo, le joueur br\u00e9silien Edson Arantes do Nascimento, dit \u00ab\u00a0Pel\u00e9\u00a0\u00bb, admis lundi 28 novembre \u00e0 l&rsquo;h\u00f4pital Albert-Einstein de S\u00e3o Paulo aurait \u00e9t\u00e9 plac\u00e9 en soins palliatifs. Selon un communiqu\u00e9 publi\u00e9 par l&rsquo;\u00e9tablissement m\u00e9dical, le corps de la l\u00e9gende du football de 82 ans ne r\u00e9pondrait plus \u00e0 la chimioth\u00e9rapie [&hellip;]<\/p>\n","protected":false},"author":2,"featured_media":23149,"comment_status":"open","ping_status":"open","sticky":false,"template":"","format":"standard","meta":{"_jetpack_memberships_contains_paid_content":false,"footnotes":"","jetpack_publicize_message":"","jetpack_publicize_feature_enabled":true,"jetpack_social_post_already_shared":true,"jetpack_social_options":{"image_generator_settings":{"template":"highway","default_image_id":0,"font":"","enabled":false},"version":2},"_wpas_customize_per_network":false},"categories":[405],"tags":[],"class_list":["post-23148","post","type-post","status-publish","format-standard","has-post-thumbnail","hentry","category-actu-france-monde"],"jetpack_publicize_connections":[],"jetpack_featured_media_url":"https:\/\/i0.wp.com\/www.iceagetv.com\/radiosite\/wp-content\/uploads\/2022\/12\/La-legende-bresilienne-du-football-Pele.jpg?fit=680%2C376&ssl=1","jetpack_sharing_enabled":true,"_links":{"self":[{"href":"https:\/\/www.iceagetv.com\/radiosite\/wp-json\/wp\/v2\/posts\/23148","targetHints":{"allow":["GET"]}}],"collection":[{"href":"https:\/\/www.iceagetv.com\/radiosite\/wp-json\/wp\/v2\/posts"}],"about":[{"href":"https:\/\/www.iceagetv.com\/radiosite\/wp-json\/wp\/v2\/types\/post"}],"author":[{"embeddable":true,"href":"https:\/\/www.iceagetv.com\/radiosite\/wp-json\/wp\/v2\/users\/2"}],"replies":[{"embeddable":true,"href":"https:\/\/www.iceagetv.com\/radiosite\/wp-json\/wp\/v2\/comments?post=23148"}],"version-history":[{"count":1,"href":"https:\/\/www.iceagetv.com\/radiosite\/wp-json\/wp\/v2\/posts\/23148\/revisions"}],"predecessor-version":[{"id":23150,"href":"https:\/\/www.iceagetv.com\/radiosite\/wp-json\/wp\/v2\/posts\/23148\/revisions\/23150"}],"wp:featuredmedia":[{"embeddable":true,"href":"https:\/\/www.iceagetv.com\/radiosite\/wp-json\/wp\/v2\/media\/23149"}],"wp:attachment":[{"href":"https:\/\/www.iceagetv.com\/radiosite\/wp-json\/wp\/v2\/media?parent=23148"}],"wp:term":[{"taxonomy":"category","embeddable":true,"href":"https:\/\/www.iceagetv.com\/radiosite\/wp-json\/wp\/v2\/categories?post=23148"},{"taxonomy":"post_tag","embeddable":true,"href":"https:\/\/www.iceagetv.com\/radiosite\/wp-json\/wp\/v2\/tags?post=23148"}],"curies":[{"name":"wp","href":"https:\/\/api.w.org\/{rel}","templated":true}]}}