{"id":23157,"date":"2022-12-04T08:30:01","date_gmt":"2022-12-04T08:30:01","guid":{"rendered":"http:\/\/www.iceagetv.com\/radiosite\/?p=23157"},"modified":"2022-12-04T08:30:04","modified_gmt":"2022-12-04T08:30:04","slug":"un-commercant-de-cannes-a-ete-prive-de-son-emplacement-au-marche-apres-une-agression-commise-par-son-fils-sur-decision-de-la-municipalite","status":"publish","type":"post","link":"https:\/\/www.iceagetv.com\/radiosite\/un-commercant-de-cannes-a-ete-prive-de-son-emplacement-au-marche-apres-une-agression-commise-par-son-fils-sur-decision-de-la-municipalite\/","title":{"rendered":"Un commer\u00e7ant de Cannes a \u00e9t\u00e9 priv\u00e9 de son emplacement au march\u00e9 apr\u00e8s&#8230; une agression commise par son fils, sur d\u00e9cision de la municipalit\u00e9"},"content":{"rendered":"\n<p>Un commer\u00e7ant de Cannes a \u00e9t\u00e9 priv\u00e9 de son emplacement au march\u00e9 apr\u00e8s une agression commise par son fils car \u00abchacun est responsable de ses enfants\u00bb, a estim\u00e9 aupr\u00e8s de l&rsquo;AFP la municipalit\u00e9 qui ne s&rsquo;appuie toutefois sur aucun r\u00e8glement pr\u00e9cis. La mesure a \u00e9t\u00e9 prise le 9 septembre \u00e0 titre \u00abconservatoire\u00bb, quelques jours apr\u00e8s les faits reproch\u00e9s \u00e0 l&rsquo;adolescent de 14 ans, a ajout\u00e9 la mairie, confirmant une information du quotidien Nice-Matin .<\/p>\n\n\n\n<p>L&rsquo;agression d&rsquo;une personne \u00e2g\u00e9e de 89 ans pour lui voler son sac \u00e0 main, film\u00e9e par une cam\u00e9ra de surveillance, avait \u00e9t\u00e9 abondamment comment\u00e9e sur les r\u00e9seaux sociaux fin ao\u00fbt. Le maire de Cannes David Lisnard (LR), \u00e9galement pr\u00e9sident de l&rsquo;Association des maires de France (AMF), avait fait part de son indignation et demand\u00e9 un renforcement des mesures \u00e0 l&rsquo;encontre de la d\u00e9linquance juv\u00e9nile.<\/p>\n\n\n\n<p>\u00abOutre des tensions sur le march\u00e9 avec les parents et des menaces qui ont \u00e9t\u00e9 prof\u00e9r\u00e9es \u00e0 l&rsquo;\u00e9gard de la municipalit\u00e9, le fils, auteur du coup port\u00e9 \u00e0 la vieille dame, a fait l&rsquo;objet de plusieurs conseils de discipline et de mesures d&rsquo;exclusion par diff\u00e9rents coll\u00e8ges dans lesquels il est pass\u00e9.<\/p>\n\n\n\n<p>Chacun est responsable de ses enfants mineurs et doit rendre des comptes\u00bb, a justifi\u00e9 la mairie de Cannes, dirig\u00e9e par David Lisnard, aupr\u00e8s de l&rsquo;AFP.<\/p>\n","protected":false},"excerpt":{"rendered":"<p>Un commer\u00e7ant de Cannes a \u00e9t\u00e9 priv\u00e9 de son emplacement au march\u00e9 apr\u00e8s une agression commise par son fils car \u00abchacun est responsable de ses enfants\u00bb, a estim\u00e9 aupr\u00e8s de l&rsquo;AFP la municipalit\u00e9 qui ne s&rsquo;appuie toutefois sur aucun r\u00e8glement pr\u00e9cis. La mesure a \u00e9t\u00e9 prise le 9 septembre \u00e0 titre \u00abconservatoire\u00bb, quelques jours apr\u00e8s [&hellip;]<\/p>\n","protected":false},"author":2,"featured_media":23158,"comment_status":"open","ping_status":"open","sticky":false,"template":"","format":"standard","meta":{"_jetpack_memberships_contains_paid_content":false,"footnotes":"","jetpack_publicize_message":"","jetpack_publicize_feature_enabled":true,"jetpack_social_post_already_shared":true,"jetpack_social_options":{"image_generator_settings":{"template":"highway","default_image_id":0,"font":"","enabled":false},"version":2},"_wpas_customize_per_network":false},"categories":[405],"tags":[],"class_list":["post-23157","post","type-post","status-publish","format-standard","has-post-thumbnail","hentry","category-actu-france-monde"],"jetpack_publicize_connections":[],"jetpack_featured_media_url":"https:\/\/i0.wp.com\/www.iceagetv.com\/radiosite\/wp-content\/uploads\/2022\/12\/Un-commercant-de-Cannes.jpg?fit=679%2C293&ssl=1","jetpack_sharing_enabled":true,"_links":{"self":[{"href":"https:\/\/www.iceagetv.com\/radiosite\/wp-json\/wp\/v2\/posts\/23157","targetHints":{"allow":["GET"]}}],"collection":[{"href":"https:\/\/www.iceagetv.com\/radiosite\/wp-json\/wp\/v2\/posts"}],"about":[{"href":"https:\/\/www.iceagetv.com\/radiosite\/wp-json\/wp\/v2\/types\/post"}],"author":[{"embeddable":true,"href":"https:\/\/www.iceagetv.com\/radiosite\/wp-json\/wp\/v2\/users\/2"}],"replies":[{"embeddable":true,"href":"https:\/\/www.iceagetv.com\/radiosite\/wp-json\/wp\/v2\/comments?post=23157"}],"version-history":[{"count":1,"href":"https:\/\/www.iceagetv.com\/radiosite\/wp-json\/wp\/v2\/posts\/23157\/revisions"}],"predecessor-version":[{"id":23159,"href":"https:\/\/www.iceagetv.com\/radiosite\/wp-json\/wp\/v2\/posts\/23157\/revisions\/23159"}],"wp:featuredmedia":[{"embeddable":true,"href":"https:\/\/www.iceagetv.com\/radiosite\/wp-json\/wp\/v2\/media\/23158"}],"wp:attachment":[{"href":"https:\/\/www.iceagetv.com\/radiosite\/wp-json\/wp\/v2\/media?parent=23157"}],"wp:term":[{"taxonomy":"category","embeddable":true,"href":"https:\/\/www.iceagetv.com\/radiosite\/wp-json\/wp\/v2\/categories?post=23157"},{"taxonomy":"post_tag","embeddable":true,"href":"https:\/\/www.iceagetv.com\/radiosite\/wp-json\/wp\/v2\/tags?post=23157"}],"curies":[{"name":"wp","href":"https:\/\/api.w.org\/{rel}","templated":true}]}}