{"id":23166,"date":"2022-12-04T19:29:51","date_gmt":"2022-12-04T19:29:51","guid":{"rendered":"http:\/\/www.iceagetv.com\/radiosite\/?p=23166"},"modified":"2022-12-04T19:29:53","modified_gmt":"2022-12-04T19:29:53","slug":"liran-dissout-la-police-de-la-moralite-apres-deux-mois-et-demi-de-manifestations-a-lechelle-nationale","status":"publish","type":"post","link":"https:\/\/www.iceagetv.com\/radiosite\/liran-dissout-la-police-de-la-moralite-apres-deux-mois-et-demi-de-manifestations-a-lechelle-nationale\/","title":{"rendered":"L&rsquo;Iran dissout la \u00ab\u00a0police de la moralit\u00e9\u00a0\u00bb apr\u00e8s deux mois et demi de manifestations \u00e0 l&rsquo;\u00e9chelle nationale"},"content":{"rendered":"\n<p>Le procureur g\u00e9n\u00e9ral iranien Mohammad Jafar Montazeri a annonc\u00e9 l&rsquo;abolition de la police des m\u0153urs du pays par les autorit\u00e9s comp\u00e9tentes, a rapport\u00e9 dimanche l&rsquo;agence de presse Isna.<\/p>\n\n\n\n<p>\u00ab\u00a0La police des m\u0153urs n&rsquo;a rien \u00e0 voir avec le syst\u00e8me judiciaire, et elle a \u00e9t\u00e9 abolie par ceux qui l&rsquo;ont cr\u00e9\u00e9e\u00a0\u00bb, a-t-il d\u00e9clar\u00e9 samedi soir dans la ville sainte de Qom.<\/p>\n\n\n\n<p>Le pr\u00e9sident Ebrahim Raisi a d\u00e9clar\u00e9 samedi dans des commentaires t\u00e9l\u00e9vis\u00e9s que les fondations r\u00e9publicaines et islamiques de l&rsquo;Iran \u00e9taient constitutionnellement ench\u00e2ss\u00e9es \u00ab\u00a0mais il existe des m\u00e9thodes de mise en \u0153uvre de la constitution qui peuvent \u00eatre flexibles\u00a0\u00bb.<\/p>\n\n\n\n<p>Le 13 septembre, Mahsa Amini, 22 ans, a \u00e9t\u00e9 arr\u00eat\u00e9e pour avoir pr\u00e9tendument bafou\u00e9 le code vestimentaire strict du pays.&nbsp;Trois jours plus tard, elle est d\u00e9c\u00e9d\u00e9e \u00e0 l&rsquo;h\u00f4pital, d\u00e9clenchant de violentes manifestations \u00e0 travers le pays qui montrent peu de signes de r\u00e9pit.&nbsp;<\/p>\n\n\n\n<p>\u00c0 ce jour, plus de 440 personnes sont mortes \u00e0 cause des troubles &#8211; selon l&rsquo;ONG Iran Human Rights &#8211; et quelque 14 000 personnes ont \u00e9t\u00e9 arr\u00eat\u00e9es.\u00a0<\/p>\n\n\n\n<p>La police de la moralit\u00e9, connue sous le nom de Gasht-e Ershad (patrouilles d&rsquo;orientation), \u00e9tait une branche cr\u00e9\u00e9e sous le pr\u00e9sident conservateur Mahmoud Ahmadinejad en 2006 pour \u00ab r\u00e9pandre la culture de la d\u00e9cence et du hijab \u00bb.<\/p>\n\n\n\n<p>Son unit\u00e9 comprend des hommes en uniforme vert et des femmes portant des tchadors noirs, qui couvrent la t\u00eate et le haut du corps.<\/p>\n\n\n\n<p>La R\u00e9publique islamique serait \u00e9galement en train de revoir la loi de 1983 qui oblige les femmes \u00e0 se couvrir la t\u00eate.<\/p>\n","protected":false},"excerpt":{"rendered":"<p>Le procureur g\u00e9n\u00e9ral iranien Mohammad Jafar Montazeri a annonc\u00e9 l&rsquo;abolition de la police des m\u0153urs du pays par les autorit\u00e9s comp\u00e9tentes, a rapport\u00e9 dimanche l&rsquo;agence de presse Isna. \u00ab\u00a0La police des m\u0153urs n&rsquo;a rien \u00e0 voir avec le syst\u00e8me judiciaire, et elle a \u00e9t\u00e9 abolie par ceux qui l&rsquo;ont cr\u00e9\u00e9e\u00a0\u00bb, a-t-il d\u00e9clar\u00e9 samedi soir dans [&hellip;]<\/p>\n","protected":false},"author":2,"featured_media":23167,"comment_status":"open","ping_status":"open","sticky":false,"template":"","format":"standard","meta":{"_jetpack_memberships_contains_paid_content":false,"footnotes":"","jetpack_publicize_message":"","jetpack_publicize_feature_enabled":true,"jetpack_social_post_already_shared":true,"jetpack_social_options":{"image_generator_settings":{"template":"highway","default_image_id":0,"font":"","enabled":false},"version":2},"_wpas_customize_per_network":false},"categories":[405],"tags":[],"class_list":["post-23166","post","type-post","status-publish","format-standard","has-post-thumbnail","hentry","category-actu-france-monde"],"jetpack_publicize_connections":[],"jetpack_featured_media_url":"https:\/\/i0.wp.com\/www.iceagetv.com\/radiosite\/wp-content\/uploads\/2022\/12\/police-de-la-moralite.jpg?fit=680%2C383&ssl=1","jetpack_sharing_enabled":true,"_links":{"self":[{"href":"https:\/\/www.iceagetv.com\/radiosite\/wp-json\/wp\/v2\/posts\/23166","targetHints":{"allow":["GET"]}}],"collection":[{"href":"https:\/\/www.iceagetv.com\/radiosite\/wp-json\/wp\/v2\/posts"}],"about":[{"href":"https:\/\/www.iceagetv.com\/radiosite\/wp-json\/wp\/v2\/types\/post"}],"author":[{"embeddable":true,"href":"https:\/\/www.iceagetv.com\/radiosite\/wp-json\/wp\/v2\/users\/2"}],"replies":[{"embeddable":true,"href":"https:\/\/www.iceagetv.com\/radiosite\/wp-json\/wp\/v2\/comments?post=23166"}],"version-history":[{"count":1,"href":"https:\/\/www.iceagetv.com\/radiosite\/wp-json\/wp\/v2\/posts\/23166\/revisions"}],"predecessor-version":[{"id":23168,"href":"https:\/\/www.iceagetv.com\/radiosite\/wp-json\/wp\/v2\/posts\/23166\/revisions\/23168"}],"wp:featuredmedia":[{"embeddable":true,"href":"https:\/\/www.iceagetv.com\/radiosite\/wp-json\/wp\/v2\/media\/23167"}],"wp:attachment":[{"href":"https:\/\/www.iceagetv.com\/radiosite\/wp-json\/wp\/v2\/media?parent=23166"}],"wp:term":[{"taxonomy":"category","embeddable":true,"href":"https:\/\/www.iceagetv.com\/radiosite\/wp-json\/wp\/v2\/categories?post=23166"},{"taxonomy":"post_tag","embeddable":true,"href":"https:\/\/www.iceagetv.com\/radiosite\/wp-json\/wp\/v2\/tags?post=23166"}],"curies":[{"name":"wp","href":"https:\/\/api.w.org\/{rel}","templated":true}]}}