{"id":23177,"date":"2022-12-06T17:06:07","date_gmt":"2022-12-06T17:06:07","guid":{"rendered":"http:\/\/www.iceagetv.com\/radiosite\/?p=23177"},"modified":"2022-12-06T17:06:10","modified_gmt":"2022-12-06T17:06:10","slug":"immigration-le-gouvernement-presente-les-grandes-lignes-de-sa-future-loi","status":"publish","type":"post","link":"https:\/\/www.iceagetv.com\/radiosite\/immigration-le-gouvernement-presente-les-grandes-lignes-de-sa-future-loi\/","title":{"rendered":"IMMIGRATION : LE GOUVERNEMENT PR\u00c9SENTE LES GRANDES LIGNES DE SA FUTURE LOI"},"content":{"rendered":"\n<p>Le gouvernement va d\u00e9voiler les grandes lignes de son projet de loi sur l&rsquo;immigration ce mardi, 6 d\u00e9cembre, avant un d\u00e9bat sans vote \u00e0 l&rsquo;Assembl\u00e9e nationale. Expulser davantage les \u00ab\u00e9trangers d\u00e9linquants\u00bb, r\u00e9former le syst\u00e8me d&rsquo;asile et r\u00e9gulariser certains travailleurs sans-papiers : voici les principaux axes du futur texte.<\/p>\n\n\n\n<h2 class=\"wp-block-heading\">&nbsp;MIEUX APPLIQUER LES OQTF<\/h2>\n\n\n\n<p>Conform\u00e9ment aux d\u00e9clarations du ministre de l&rsquo;Int\u00e9rieur G\u00e9rald Darmanin depuis l&rsquo;\u00e9t\u00e9, le gouvernement veut \u00abdonner la priorit\u00e9 \u00e0 l&rsquo;\u00e9loignement des \u00e9trangers d\u00e9linquants\u00bb, selon un document de pr\u00e9sentation du projet de texte consult\u00e9 par l&rsquo;AFP.<\/p>\n\n\n\n<p>Pour faire augmenter le taux d&rsquo;ex\u00e9cution des obligations de quitter le territoire fran\u00e7ais (<a rel=\"noreferrer noopener\" href=\"https:\/\/www.cnews.fr\/videos\/france\/2022-09-28\/immigration-illegale-comment-fonctionnent-les-obligations-de-quitter-le\" target=\"_blank\">OQTF<\/a>) &#8211; il se situe en-dessous de 10% aujourd&rsquo;hui &#8211; le gouvernement pr\u00e9voit une s\u00e9rie de\u00a0<a rel=\"noreferrer noopener\" href=\"https:\/\/www.cnews.fr\/france\/2022-11-17\/immigration-gerald-darmanin-demande-aux-prefets-de-durcir-lapplication-des-oqtf\" target=\"_blank\">durcissements<\/a>.<\/p>\n\n\n\n<p>Il veut en premier lieu \u00absimplifier le contentieux des \u00e9trangers\u00bb, qui engorge les tribunaux administratifs, en passant de douze recours possibles contre les expulsions \u00e0 trois : \u00abdeux proc\u00e9dures urgentes et une proc\u00e9dure ordinaire\u00bb.<\/p>\n\n\n\n<p>Le texte pr\u00e9voit \u00e9galement, en cas de menace grave \u00e0 l&rsquo;ordre public, de \u00ablever les protections\u00bb contre l&rsquo;expulsion dont b\u00e9n\u00e9ficient certains immigr\u00e9s, notamment ceux arriv\u00e9s en France avant 13 ans, ceux y r\u00e9sidant depuis plus de 10 ans et les \u00e9trangers mari\u00e9s \u00e0 des Fran\u00e7ais depuis plus de trois ans.<\/p>\n\n\n\n<h2 class=\"wp-block-heading\">&nbsp;R\u00c9FORMER LE SYST\u00c8ME D&rsquo;ASILE<\/h2>\n\n\n\n<p>Le gouvernement veut engager une \u00abr\u00e9forme structurelle\u00bb \u00e0 \u00abtous les stades\u00bb de la demande d&rsquo;asile avec un double objectif : acc\u00e9l\u00e9rer les proc\u00e9dures et parvenir \u00e0 expulser plus rapidement.<\/p>\n\n\n\n<p>L&rsquo;une de mesures-phares du texte vise \u00e0 d\u00e9livrer une OQTF aux demandeurs d&rsquo;asile \u00abd\u00e8s le prononc\u00e9 de la d\u00e9cision de rejet de l&rsquo;Ofpra\u00bb (l&rsquo;Office fran\u00e7ais de protection des r\u00e9fugi\u00e9s et apatrides) sans attendre un \u00e9ventuel recours.<\/p>\n","protected":false},"excerpt":{"rendered":"<p>Le gouvernement va d\u00e9voiler les grandes lignes de son projet de loi sur l&rsquo;immigration ce mardi, 6 d\u00e9cembre, avant un d\u00e9bat sans vote \u00e0 l&rsquo;Assembl\u00e9e nationale. Expulser davantage les \u00ab\u00e9trangers d\u00e9linquants\u00bb, r\u00e9former le syst\u00e8me d&rsquo;asile et r\u00e9gulariser certains travailleurs sans-papiers : voici les principaux axes du futur texte. &nbsp;MIEUX APPLIQUER LES OQTF Conform\u00e9ment aux d\u00e9clarations [&hellip;]<\/p>\n","protected":false},"author":2,"featured_media":23178,"comment_status":"open","ping_status":"open","sticky":false,"template":"","format":"standard","meta":{"_jetpack_memberships_contains_paid_content":false,"footnotes":"","jetpack_publicize_message":"","jetpack_publicize_feature_enabled":true,"jetpack_social_post_already_shared":true,"jetpack_social_options":{"image_generator_settings":{"template":"highway","default_image_id":0,"font":"","enabled":false},"version":2},"_wpas_customize_per_network":false},"categories":[405],"tags":[],"class_list":["post-23177","post","type-post","status-publish","format-standard","has-post-thumbnail","hentry","category-actu-france-monde"],"jetpack_publicize_connections":[],"jetpack_featured_media_url":"https:\/\/i0.wp.com\/www.iceagetv.com\/radiosite\/wp-content\/uploads\/2022\/12\/IMMIGRATION.jpg?fit=750%2C422&ssl=1","jetpack_sharing_enabled":true,"_links":{"self":[{"href":"https:\/\/www.iceagetv.com\/radiosite\/wp-json\/wp\/v2\/posts\/23177","targetHints":{"allow":["GET"]}}],"collection":[{"href":"https:\/\/www.iceagetv.com\/radiosite\/wp-json\/wp\/v2\/posts"}],"about":[{"href":"https:\/\/www.iceagetv.com\/radiosite\/wp-json\/wp\/v2\/types\/post"}],"author":[{"embeddable":true,"href":"https:\/\/www.iceagetv.com\/radiosite\/wp-json\/wp\/v2\/users\/2"}],"replies":[{"embeddable":true,"href":"https:\/\/www.iceagetv.com\/radiosite\/wp-json\/wp\/v2\/comments?post=23177"}],"version-history":[{"count":1,"href":"https:\/\/www.iceagetv.com\/radiosite\/wp-json\/wp\/v2\/posts\/23177\/revisions"}],"predecessor-version":[{"id":23179,"href":"https:\/\/www.iceagetv.com\/radiosite\/wp-json\/wp\/v2\/posts\/23177\/revisions\/23179"}],"wp:featuredmedia":[{"embeddable":true,"href":"https:\/\/www.iceagetv.com\/radiosite\/wp-json\/wp\/v2\/media\/23178"}],"wp:attachment":[{"href":"https:\/\/www.iceagetv.com\/radiosite\/wp-json\/wp\/v2\/media?parent=23177"}],"wp:term":[{"taxonomy":"category","embeddable":true,"href":"https:\/\/www.iceagetv.com\/radiosite\/wp-json\/wp\/v2\/categories?post=23177"},{"taxonomy":"post_tag","embeddable":true,"href":"https:\/\/www.iceagetv.com\/radiosite\/wp-json\/wp\/v2\/tags?post=23177"}],"curies":[{"name":"wp","href":"https:\/\/api.w.org\/{rel}","templated":true}]}}