{"id":23207,"date":"2022-12-08T15:44:55","date_gmt":"2022-12-08T15:44:55","guid":{"rendered":"http:\/\/www.iceagetv.com\/radiosite\/?p=23207"},"modified":"2022-12-08T15:44:59","modified_gmt":"2022-12-08T15:44:59","slug":"le-senat-adopte-a-lunanimite-et-definitivement-une-proposition-de-loi-deja-votee-a-lassemblee-nationale-pour-interdire-le-demarchage-commercial-dun-titulaire-de-compte-perso","status":"publish","type":"post","link":"https:\/\/www.iceagetv.com\/radiosite\/le-senat-adopte-a-lunanimite-et-definitivement-une-proposition-de-loi-deja-votee-a-lassemblee-nationale-pour-interdire-le-demarchage-commercial-dun-titulaire-de-compte-perso\/","title":{"rendered":"Le S\u00e9nat adopte \u00e0 l\u2019unanimit\u00e9 et d\u00e9finitivement une proposition de loi d\u00e9j\u00e0 vot\u00e9e \u00e0 l\u2019Assembl\u00e9e nationale pour interdire le d\u00e9marchage commercial d\u2019un titulaire de compte personnel de formation (CPF)"},"content":{"rendered":"\n<p>Le S\u00e9nat a adopt\u00e9 jeudi \u00e0 l\u2019unanimit\u00e9 et d\u00e9finitivement une proposition de loi d\u00e9j\u00e0 vot\u00e9e \u00e0 l\u2019Assembl\u00e9e nationale pour interdire le d\u00e9marchage commercial d\u2019un titulaire de compte personnel de formation (CPF), esp\u00e9rant tarir le flux de sollicitations subi par les particuliers.<\/p>\n\n\n\n<p>\u00ab&nbsp;Je veux dire ici toute la d\u00e9termination du gouvernement \u00e0 emp\u00eacher tout d\u00e9tournement du droit fondamental d\u2019acc\u00e8s \u00e0 la formation&nbsp;\u00bb, a affirm\u00e9 devant les s\u00e9nateurs la ministre d\u00e9l\u00e9gu\u00e9e charg\u00e9e de l\u2019Enseignement et de la Formation professionnels, Carole Grandjean.<\/p>\n\n\n\n<p>Cette proposition de loi \u00ab&nbsp;nous donnera des leviers efficaces pour mieux pr\u00e9venir, lutter et sanctionner les abus et les fraudes au CPF&nbsp;\u00bb, s\u2019est-elle f\u00e9licit\u00e9e, pr\u00e9cisant que le texte permettra \u00ab&nbsp;d\u2019interdire le d\u00e9marchage abusif et de sanctionner plus efficacement ceux qui le pratiquent y compris sur les r\u00e9seaux sociaux en ligne&nbsp;\u00bb.<\/p>\n\n\n\n<p>La ministre a rappel\u00e9 que tout manquement serait passible d\u2019une amende pouvant aller jusqu\u2019\u00e0 \u00ab&nbsp;75.000 euros pour une personne physique&nbsp;\u00bb et \u00ab&nbsp;375.000 euros pour une personne morale&nbsp;\u00bb. Pour son adoption d\u00e9finitive par le Parlement, le texte vot\u00e9 par le S\u00e9nat, \u00e0 majorit\u00e9 de droite, devait \u00eatre identique \u00e0 celui adopt\u00e9 \u00e0 l\u2019Assembl\u00e9e Nationale, \u00e0 l\u2019initiative du groupe des d\u00e9put\u00e9s MoDem.<\/p>\n\n\n\n<p>Les s\u00e9nateurs ont ainsi rejet\u00e9 des amendements d\u00e9pos\u00e9s par l\u2019\u00e9cologiste M\u00e9lanie Vogel qui souhaitait notamment \u00e9tendre l\u2019interdiction du \u00ab&nbsp;d\u00e9marchage commercial non consenti \u00e0 l\u2019ensemble des domaines de prospection commerciale, pas seulement le CPF&nbsp;\u00bb. Le rapporteur de la commission des Affaires sociales, Martin L\u00e9vrier, a appel\u00e9 les \u00e9lus \u00e0 ne pas apporter de modification au texte \u00ab&nbsp;afin de ne pas retarder l\u2019entr\u00e9e en vigueur de ce texte utile et attendu&nbsp;\u00bb.<\/p>\n","protected":false},"excerpt":{"rendered":"<p>Le S\u00e9nat a adopt\u00e9 jeudi \u00e0 l\u2019unanimit\u00e9 et d\u00e9finitivement une proposition de loi d\u00e9j\u00e0 vot\u00e9e \u00e0 l\u2019Assembl\u00e9e nationale pour interdire le d\u00e9marchage commercial d\u2019un titulaire de compte personnel de formation (CPF), esp\u00e9rant tarir le flux de sollicitations subi par les particuliers. \u00ab&nbsp;Je veux dire ici toute la d\u00e9termination du gouvernement \u00e0 emp\u00eacher tout d\u00e9tournement du [&hellip;]<\/p>\n","protected":false},"author":2,"featured_media":23208,"comment_status":"open","ping_status":"open","sticky":false,"template":"","format":"standard","meta":{"_jetpack_memberships_contains_paid_content":false,"footnotes":"","jetpack_publicize_message":"","jetpack_publicize_feature_enabled":true,"jetpack_social_post_already_shared":true,"jetpack_social_options":{"image_generator_settings":{"template":"highway","default_image_id":0,"font":"","enabled":false},"version":2},"_wpas_customize_per_network":false},"categories":[405],"tags":[],"class_list":["post-23207","post","type-post","status-publish","format-standard","has-post-thumbnail","hentry","category-actu-france-monde"],"jetpack_publicize_connections":[],"jetpack_featured_media_url":"https:\/\/i0.wp.com\/www.iceagetv.com\/radiosite\/wp-content\/uploads\/2022\/12\/Le-Senat-adopte-a-lunanimite-et-definitivement-une-proposition-de-loi-deja-votee-a-lAssemblee-nationale.jpg?fit=679%2C293&ssl=1","jetpack_sharing_enabled":true,"_links":{"self":[{"href":"https:\/\/www.iceagetv.com\/radiosite\/wp-json\/wp\/v2\/posts\/23207","targetHints":{"allow":["GET"]}}],"collection":[{"href":"https:\/\/www.iceagetv.com\/radiosite\/wp-json\/wp\/v2\/posts"}],"about":[{"href":"https:\/\/www.iceagetv.com\/radiosite\/wp-json\/wp\/v2\/types\/post"}],"author":[{"embeddable":true,"href":"https:\/\/www.iceagetv.com\/radiosite\/wp-json\/wp\/v2\/users\/2"}],"replies":[{"embeddable":true,"href":"https:\/\/www.iceagetv.com\/radiosite\/wp-json\/wp\/v2\/comments?post=23207"}],"version-history":[{"count":1,"href":"https:\/\/www.iceagetv.com\/radiosite\/wp-json\/wp\/v2\/posts\/23207\/revisions"}],"predecessor-version":[{"id":23209,"href":"https:\/\/www.iceagetv.com\/radiosite\/wp-json\/wp\/v2\/posts\/23207\/revisions\/23209"}],"wp:featuredmedia":[{"embeddable":true,"href":"https:\/\/www.iceagetv.com\/radiosite\/wp-json\/wp\/v2\/media\/23208"}],"wp:attachment":[{"href":"https:\/\/www.iceagetv.com\/radiosite\/wp-json\/wp\/v2\/media?parent=23207"}],"wp:term":[{"taxonomy":"category","embeddable":true,"href":"https:\/\/www.iceagetv.com\/radiosite\/wp-json\/wp\/v2\/categories?post=23207"},{"taxonomy":"post_tag","embeddable":true,"href":"https:\/\/www.iceagetv.com\/radiosite\/wp-json\/wp\/v2\/tags?post=23207"}],"curies":[{"name":"wp","href":"https:\/\/api.w.org\/{rel}","templated":true}]}}