{"id":23237,"date":"2022-12-11T15:00:47","date_gmt":"2022-12-11T15:00:47","guid":{"rendered":"http:\/\/www.iceagetv.com\/radiosite\/?p=23237"},"modified":"2022-12-11T15:00:51","modified_gmt":"2022-12-11T15:00:51","slug":"bresil-le-president-elu-lula-a-ete-convie-a-washington-pour-rencontrer-le-president-americain-joe-biden-la-rencontre-aura-lieu-au-debut-de-lannee-2023","status":"publish","type":"post","link":"https:\/\/www.iceagetv.com\/radiosite\/bresil-le-president-elu-lula-a-ete-convie-a-washington-pour-rencontrer-le-president-americain-joe-biden-la-rencontre-aura-lieu-au-debut-de-lannee-2023\/","title":{"rendered":"Br\u00e9sil: Le pr\u00e9sident \u00e9lu Lula a \u00e9t\u00e9 convi\u00e9 \u00e0 Washington pour rencontrer le pr\u00e9sident am\u00e9ricain Joe Biden &#8211; La rencontre aura lieu au d\u00e9but de l&rsquo;ann\u00e9e 2023"},"content":{"rendered":"\n<p>Luiz In\u00e1cio Lula da Silva attendra d\u2019assumer la pr\u00e9sidence br\u00e9silienne le 1er janvier pour se rendre aux \u00c9tats-Unis et rencontrer le pr\u00e9sident Joe Biden, a d\u00e9clar\u00e9 un conseiller principal.<\/p>\n\n\n\n<p>Lula a rencontr\u00e9 \u00e0 Brasilia le conseiller \u00e0 la s\u00e9curit\u00e9 de Biden, Jake Sullivan, qui l\u2019a officiellement invit\u00e9 \u00e0 la Maison Blanche, lors d\u2019une premi\u00e8re rencontre avec un haut repr\u00e9sentant de l\u2019administration am\u00e9ricaine depuis la victoire de la gauche au scrutin du 30 octobre.<\/p>\n\n\n\n<p>Sullivan a d\u00e9clar\u00e9 que \u201cBiden serait dispos\u00e9 \u00e0 recevoir le pr\u00e9sident Lula avant m\u00eame qu\u2019il ne prenne ses fonctions\u201d, a d\u00e9clar\u00e9 aux journalistes Celso Amorim, qui \u00e9tait ministre des Affaires \u00e9trang\u00e8res du Br\u00e9sil pendant les deux premiers gouvernements de l\u2019ancien dirigeant syndical (2003-2010).<\/p>\n\n\n\n<p>Selon le diplomate, Lula a \u201ctr\u00e8s appr\u00e9ci\u00e9\u201d l\u2019int\u00e9r\u00eat de la Maison Blanche \u00e0 le recevoir prochainement mais a indiqu\u00e9 qu\u2019il est plus probable que la rencontre ait lieu \u201capr\u00e8s le d\u00e9but de l\u2019ann\u00e9e, d\u00e9j\u00e0 en visite officielle en tant que pr\u00e9sident\u201d.<\/p>\n","protected":false},"excerpt":{"rendered":"<p>Luiz In\u00e1cio Lula da Silva attendra d\u2019assumer la pr\u00e9sidence br\u00e9silienne le 1er janvier pour se rendre aux \u00c9tats-Unis et rencontrer le pr\u00e9sident Joe Biden, a d\u00e9clar\u00e9 un conseiller principal. Lula a rencontr\u00e9 \u00e0 Brasilia le conseiller \u00e0 la s\u00e9curit\u00e9 de Biden, Jake Sullivan, qui l\u2019a officiellement invit\u00e9 \u00e0 la Maison Blanche, lors d\u2019une premi\u00e8re rencontre [&hellip;]<\/p>\n","protected":false},"author":2,"featured_media":23238,"comment_status":"open","ping_status":"open","sticky":false,"template":"","format":"standard","meta":{"_jetpack_memberships_contains_paid_content":false,"footnotes":"","jetpack_publicize_message":"","jetpack_publicize_feature_enabled":true,"jetpack_social_post_already_shared":true,"jetpack_social_options":{"image_generator_settings":{"template":"highway","default_image_id":0,"font":"","enabled":false},"version":2},"_wpas_customize_per_network":false},"categories":[405],"tags":[],"class_list":["post-23237","post","type-post","status-publish","format-standard","has-post-thumbnail","hentry","category-actu-france-monde"],"jetpack_publicize_connections":[],"jetpack_featured_media_url":"https:\/\/i0.wp.com\/www.iceagetv.com\/radiosite\/wp-content\/uploads\/2022\/12\/Le-president-elu-Lula.jpg?fit=679%2C293&ssl=1","jetpack_sharing_enabled":true,"_links":{"self":[{"href":"https:\/\/www.iceagetv.com\/radiosite\/wp-json\/wp\/v2\/posts\/23237","targetHints":{"allow":["GET"]}}],"collection":[{"href":"https:\/\/www.iceagetv.com\/radiosite\/wp-json\/wp\/v2\/posts"}],"about":[{"href":"https:\/\/www.iceagetv.com\/radiosite\/wp-json\/wp\/v2\/types\/post"}],"author":[{"embeddable":true,"href":"https:\/\/www.iceagetv.com\/radiosite\/wp-json\/wp\/v2\/users\/2"}],"replies":[{"embeddable":true,"href":"https:\/\/www.iceagetv.com\/radiosite\/wp-json\/wp\/v2\/comments?post=23237"}],"version-history":[{"count":1,"href":"https:\/\/www.iceagetv.com\/radiosite\/wp-json\/wp\/v2\/posts\/23237\/revisions"}],"predecessor-version":[{"id":23239,"href":"https:\/\/www.iceagetv.com\/radiosite\/wp-json\/wp\/v2\/posts\/23237\/revisions\/23239"}],"wp:featuredmedia":[{"embeddable":true,"href":"https:\/\/www.iceagetv.com\/radiosite\/wp-json\/wp\/v2\/media\/23238"}],"wp:attachment":[{"href":"https:\/\/www.iceagetv.com\/radiosite\/wp-json\/wp\/v2\/media?parent=23237"}],"wp:term":[{"taxonomy":"category","embeddable":true,"href":"https:\/\/www.iceagetv.com\/radiosite\/wp-json\/wp\/v2\/categories?post=23237"},{"taxonomy":"post_tag","embeddable":true,"href":"https:\/\/www.iceagetv.com\/radiosite\/wp-json\/wp\/v2\/tags?post=23237"}],"curies":[{"name":"wp","href":"https:\/\/api.w.org\/{rel}","templated":true}]}}