{"id":23240,"date":"2022-12-11T15:59:01","date_gmt":"2022-12-11T15:59:01","guid":{"rendered":"http:\/\/www.iceagetv.com\/radiosite\/?p=23240"},"modified":"2022-12-11T15:59:05","modified_gmt":"2022-12-11T15:59:05","slug":"soupcons-de-corruption-au-parlement-europeen-quatre-personnes-dont-la-vice-presidente-grecque-eva-kaili-ont-ete-ecrouees","status":"publish","type":"post","link":"https:\/\/www.iceagetv.com\/radiosite\/soupcons-de-corruption-au-parlement-europeen-quatre-personnes-dont-la-vice-presidente-grecque-eva-kaili-ont-ete-ecrouees\/","title":{"rendered":"Soup\u00e7ons de corruption au Parlement europ\u00e9en\u00a0: quatre personnes, dont la vice-pr\u00e9sidente grecque, Eva Kaili, ont \u00e9t\u00e9 \u00e9crou\u00e9es"},"content":{"rendered":"\n<p>La vice-pr\u00e9sidente grecque du Parlement europ\u00e9en Eva Kaili et trois autres personnes ont \u00e9t\u00e9 inculp\u00e9es et \u00e9crou\u00e9es dimanche 11&nbsp;d\u00e9cembre en Belgique dans une enqu\u00eate sur des soup\u00e7ons de corruption en lien avec le Qatar au sein de cette institution de l\u2019Union europ\u00e9enne (UE), a indiqu\u00e9 \u00e0 l\u2019Agence France-Presse (AFP) une source judiciaire.<\/p>\n\n\n\n<p>Quatre personnes ont \u00e9t\u00e9 \u00e9crou\u00e9es apr\u00e8s leur inculpation par un juge d\u2019instruction bruxellois pour\u00a0<em>\u00ab\u00a0appartenance \u00e0 une organisation criminelle, blanchiment d\u2019argent et corruption\u00a0\u00bb<\/em>, a confirm\u00e9 le parquet f\u00e9d\u00e9ral dans un communiqu\u00e9, sans toutefois livrer l\u2019identit\u00e9 des personnes mises en cause. Deux autres personnes ont \u00e9t\u00e9 lib\u00e9r\u00e9es par le juge.<\/p>\n\n\n\n<p>Parmi les six suspects interpell\u00e9s vendredi, au terme d\u2019au moins 16 perquisitions \u00e0 Bruxelles, figuraient aussi l\u2019ex-eurod\u00e9put\u00e9 italien Pier-Antonio Panzeri ainsi que le secr\u00e9taire g\u00e9n\u00e9ral de la Conf\u00e9d\u00e9ration syndicale internationale (CSI), Luca Visentini, lui aussi de nationalit\u00e9 italienne.<\/p>\n\n\n\n<p>Dans cette affaire\u00a0<em>\u00ab\u00a0est suspect\u00e9 le versement d\u2019importantes sommes d\u2019argent ou l\u2019offre de cadeaux significatifs \u00e0 des tiers ayant une position politique et\/ou strat\u00e9gique permettant, au sein du Parlement europ\u00e9en, d\u2019influencer les d\u00e9cisions\u00a0\u00bb<\/em>\u00a0de cette institution, souligne le communiqu\u00e9 du parquet.<\/p>\n\n\n\n<h2 class=\"wp-block-heading\">Pas d\u2019immunit\u00e9 parlementaire<\/h2>\n\n\n\n<p>Une perquisition a eu lieu samedi soir au domicile d\u2019un second eurod\u00e9put\u00e9 socialiste, le Belge Marc Tarabella. Pour assister la police f\u00e9d\u00e9rale dans cette seconde perquisition, la pr\u00e9sidente du Parlement europ\u00e9en, Roberta Metsola, est revenue de Malte \u00e0 Bruxelles dans la soir\u00e9e, a annonc\u00e9 l\u2019un de ses porte-parole. La pr\u00e9sence de la pr\u00e9sidente est requise pour un tel acte d\u2019enqu\u00eate visant un eurod\u00e9put\u00e9 \u00e9lu en Belgique\u00a0<em>\u00ab\u00a0comme le veut la Constitution belge\u00a0\u00bb<\/em>, a-t-on expliqu\u00e9.<\/p>\n\n\n\n<p>Vous pouvez partager un article en cliquant sur les ic\u00f4nes de partage en haut \u00e0 droite de celui-ci.<br>La reproduction totale ou partielle d\u2019un article, sans l\u2019autorisation \u00e9crite et pr\u00e9alable du <a href=\"https:\/\/www.lemonde.fr\">Monde<\/a>, est strictement interdite.<br>Pour plus d\u2019informations, consultez nos <a href=\"https:\/\/moncompte.lemonde.fr\/cgv\">conditions g\u00e9n\u00e9rales de vente<\/a>.<br>Pour toute demande d\u2019autorisation, contactez <a href=\"mailto:droitsdauteur@lemonde.fr\">droitsdauteur@lemonde.fr<\/a>.<br>En tant qu\u2019abonn\u00e9, vous pouvez offrir jusqu\u2019\u00e0 cinq articles par mois \u00e0 l\u2019un de vos proches gr\u00e2ce \u00e0 la fonctionnalit\u00e9 \u00ab Offrir un article \u00bb.<\/p>\n\n\n\n<figure class=\"wp-block-embed\"><div class=\"wp-block-embed__wrapper\">\nhttps:\/\/www.lemonde.fr\/international\/article\/2022\/12\/11\/soupcons-de-corruption-au-parlement-europeen-quatre-personnes-dont-la-vice-presidente-grecque-eva-kaili-ont-ete-ecrouees_6153942_3210.html\n<\/div><\/figure>\n\n\n\n<p>Le domicile bruxellois de M<sup>me&nbsp;<\/sup>Kaili avait lui \u00e9t\u00e9 perquisitionn\u00e9 d\u00e8s vendredi soir. La vice-pr\u00e9sidente du Parlement europ\u00e9en n\u2019a pas pu b\u00e9n\u00e9ficier de son immunit\u00e9 parlementaire car l\u2019infraction qui lui est reproch\u00e9e a \u00e9t\u00e9 constat\u00e9e <em>\u00ab&nbsp;en flagrant d\u00e9lit&nbsp;\u00bb<\/em> vendredi, a expliqu\u00e9 une source judiciaire anonyme \u00e0 l\u2019AFP. Cette source confirme les informations de presse selon lesquelles M<sup>me<\/sup>&nbsp;Kaili \u00e9tait en possession de <em>\u00ab&nbsp;sacs de billets&nbsp;\u00bb<\/em> vendredi soir lorsque la police belge l\u2019a interpell\u00e9e.<\/p>\n\n\n\n<p>Dans la soir\u00e9e de samedi, le Parlement a annonc\u00e9 qu\u2019Eva Kaili s\u2019\u00e9tait vu retirer provisoirement les t\u00e2ches que lui avait d\u00e9l\u00e9gu\u00e9es la pr\u00e9sidente, Roberta Metsola, comme celle de la repr\u00e9senter au Moyen-Orient. Des eurod\u00e9put\u00e9s de gauche, dont l\u2019\u00e9cologiste Philippe Lamberts au nom du groupe des Verts au Parlement europ\u00e9en, ont demand\u00e9 la d\u00e9mission de M<sup>me<\/sup>&nbsp;Kaili, exclue d\u00e8s vendredi soir du Parti socialiste grec.<\/p>\n","protected":false},"excerpt":{"rendered":"<p>La vice-pr\u00e9sidente grecque du Parlement europ\u00e9en Eva Kaili et trois autres personnes ont \u00e9t\u00e9 inculp\u00e9es et \u00e9crou\u00e9es dimanche 11&nbsp;d\u00e9cembre en Belgique dans une enqu\u00eate sur des soup\u00e7ons de corruption en lien avec le Qatar au sein de cette institution de l\u2019Union europ\u00e9enne (UE), a indiqu\u00e9 \u00e0 l\u2019Agence France-Presse (AFP) une source judiciaire. Quatre personnes ont [&hellip;]<\/p>\n","protected":false},"author":2,"featured_media":23241,"comment_status":"open","ping_status":"open","sticky":false,"template":"","format":"standard","meta":{"_jetpack_memberships_contains_paid_content":false,"footnotes":"","jetpack_publicize_message":"","jetpack_publicize_feature_enabled":true,"jetpack_social_post_already_shared":true,"jetpack_social_options":{"image_generator_settings":{"template":"highway","default_image_id":0,"font":"","enabled":false},"version":2},"_wpas_customize_per_network":false},"categories":[405],"tags":[],"class_list":["post-23240","post","type-post","status-publish","format-standard","has-post-thumbnail","hentry","category-actu-france-monde"],"jetpack_publicize_connections":[],"jetpack_featured_media_url":"https:\/\/i0.wp.com\/www.iceagetv.com\/radiosite\/wp-content\/uploads\/2022\/12\/Soupcons-de-corruption-au-Parlement-europeen.jpg?fit=664%2C443&ssl=1","jetpack_sharing_enabled":true,"_links":{"self":[{"href":"https:\/\/www.iceagetv.com\/radiosite\/wp-json\/wp\/v2\/posts\/23240","targetHints":{"allow":["GET"]}}],"collection":[{"href":"https:\/\/www.iceagetv.com\/radiosite\/wp-json\/wp\/v2\/posts"}],"about":[{"href":"https:\/\/www.iceagetv.com\/radiosite\/wp-json\/wp\/v2\/types\/post"}],"author":[{"embeddable":true,"href":"https:\/\/www.iceagetv.com\/radiosite\/wp-json\/wp\/v2\/users\/2"}],"replies":[{"embeddable":true,"href":"https:\/\/www.iceagetv.com\/radiosite\/wp-json\/wp\/v2\/comments?post=23240"}],"version-history":[{"count":1,"href":"https:\/\/www.iceagetv.com\/radiosite\/wp-json\/wp\/v2\/posts\/23240\/revisions"}],"predecessor-version":[{"id":23242,"href":"https:\/\/www.iceagetv.com\/radiosite\/wp-json\/wp\/v2\/posts\/23240\/revisions\/23242"}],"wp:featuredmedia":[{"embeddable":true,"href":"https:\/\/www.iceagetv.com\/radiosite\/wp-json\/wp\/v2\/media\/23241"}],"wp:attachment":[{"href":"https:\/\/www.iceagetv.com\/radiosite\/wp-json\/wp\/v2\/media?parent=23240"}],"wp:term":[{"taxonomy":"category","embeddable":true,"href":"https:\/\/www.iceagetv.com\/radiosite\/wp-json\/wp\/v2\/categories?post=23240"},{"taxonomy":"post_tag","embeddable":true,"href":"https:\/\/www.iceagetv.com\/radiosite\/wp-json\/wp\/v2\/tags?post=23240"}],"curies":[{"name":"wp","href":"https:\/\/api.w.org\/{rel}","templated":true}]}}