{"id":23243,"date":"2022-12-11T19:34:16","date_gmt":"2022-12-11T19:34:16","guid":{"rendered":"http:\/\/www.iceagetv.com\/radiosite\/?p=23243"},"modified":"2022-12-11T19:34:19","modified_gmt":"2022-12-11T19:34:19","slug":"le-depute-des-alpes-maritimes-eric-ciotti-elu-president-des-republicains-avec-537-des-voix-contre-463-a-son-adversaire-bruno-retailleau","status":"publish","type":"post","link":"https:\/\/www.iceagetv.com\/radiosite\/le-depute-des-alpes-maritimes-eric-ciotti-elu-president-des-republicains-avec-537-des-voix-contre-463-a-son-adversaire-bruno-retailleau\/","title":{"rendered":"Le d\u00e9put\u00e9 des Alpes-Maritimes Eric Ciotti \u00e9lu pr\u00e9sident des R\u00e9publicains avec 53,7% des voix contre 46,3% \u00e0 son adversaire Bruno Retailleau"},"content":{"rendered":"\n<p>Le d\u00e9put\u00e9 des Alpes-Maritimes Eric Ciotti, tenant d&rsquo;une ligne droiti\u00e8re, a \u00e9t\u00e9 \u00e9lu dimanche pr\u00e9sident des R\u00e9publicains avec 53,7% des voix, devenant le nouveau patron d&rsquo;un parti en crise profonde apr\u00e8s la d\u00e9b\u00e2cle de la pr\u00e9sidentielle.<\/p>\n\n\n\n<p>Son adversaire, le patron des s\u00e9nateurs LR Bruno Retailleau, a recueilli 46,3% au deuxi\u00e8me tour de ce scrutin interne marqu\u00e9 par une forte participation: 69,7%, contre 72,67% au premier tour.<\/p>\n\n\n\n<p>Eric Ciotti, qui disposait d&rsquo;une avance de neuf points sur son adversaire apr\u00e8s le premier tour, succ\u00e8de ainsi \u00e0 Christian Jacob qui a d\u00e9missionn\u00e9 en juin, apr\u00e8s des \u00e9lections qui ont act\u00e9 l&rsquo;affaiblissement du parti de droite, tomb\u00e9 \u00e0 4,8% \u00e0 la pr\u00e9sidentielle.<\/p>\n\n\n\n<p>\u00ab\u00a0Gr\u00e2ce \u00e0 toi, ce soir un espoir se l\u00e8ve pour que la France reste la France! Tous ensemble, rassemblons la Droite et en route vers une nouvelle esp\u00e9rance\u00a0\u00bb, a r\u00e9agi sur Twitter son porte-parole Eric Pauget.<\/p>\n\n\n\n<p>Les 91.110 adh\u00e9rents de LR ont choisi la ligne port\u00e9e par Eric Ciotti \u00ab\u00a0de droite assum\u00e9e\u00a0\u00bb, \u00ab\u00a0refusant le politiquement correct\u00a0\u00bb, avec un ton tr\u00e8s ferme sur la s\u00e9curit\u00e9 et l&rsquo;immigration.<\/p>\n\n\n\n<p>\u00ab\u00a0Je suis de droite, j&rsquo;en suis fier et je ne m&rsquo;en excuserai jamais\u00a0\u00bb, r\u00e9p\u00e9tait-il encore jeudi lors d&rsquo;une r\u00e9union publique \u00e0 Paris.<\/p>\n\n\n\n<p>Pour infl\u00e9chir son image tr\u00e8s marqu\u00e9e \u00e0 droite, ce sp\u00e9cialiste des questions migratoires avait aussi parl\u00e9 d&rsquo;\u00e9conomie, parlant de supprimer l\u2019imp\u00f4t sur les successions et les donations, et de baisser les imp\u00f4ts et les charges.<\/p>\n\n\n\n<p>Son grand argument de campagne a \u00e9t\u00e9 Laurent Wauquiez, pr\u00e9sent jeudi soir lors d&rsquo;une r\u00e9union publique \u00e0 Paris. Eric Ciotti promet de faire d\u00e9signer rapidement le pr\u00e9sident de la r\u00e9gion Auvergne-Rh\u00f4ne Alpes comme candidat \u00e0 la pr\u00e9sidentielle s&rsquo;il est \u00e9lu.<\/p>\n\n\n\n<p>Dans une tribune au Figaro vendredi soir, il promettait aussi d&rsquo;instaurer \u00ab\u00a0d\u00e8s les premiers jours\u00a0\u00bb de son mandat \u00ab\u00a0un contre-gouvernement \u00e0 l\u2019\u00e9gal du +shadow cabinet+ britannique\u00a0\u00bb.<\/p>\n\n\n\n<p>En fin de campagne, le questeur de l&rsquo;Assembl\u00e9e a aussi abord\u00e9 des th\u00e8mes soci\u00e9taux tels que violences conjugales, handicap et \u00e9galit\u00e9 hommes-femmes, d\u00e9peignant \u00ab\u00a0une droite ouverte sur la soci\u00e9t\u00e9, sur la libert\u00e9, qui parle sur ces sujets\u00a0\u00bb.<\/p>\n\n\n\n<p>Un clin d&rsquo;oeil \u00e0 Aur\u00e9lien Pradi\u00e9, arriv\u00e9 troisi\u00e8me du premier tour mais qui d\u00e9tenait, avec 22%, une des cl\u00e9s de l&rsquo;\u00e9lection.<\/p>\n\n\n\n<p>Celui-ci n&rsquo;avait pas donn\u00e9 de consigne de vote mais exhort\u00e9 les deux finalistes \u00e0 prendre en compte la \u00ab\u00a0droite populaire\u00a0\u00bb qu&rsquo;il a port\u00e9e, dans un courrier interpellant Bruno Retailleau de fa\u00e7on voil\u00e9e.<\/p>\n\n\n\n<p>Plusieurs de ses lieutenants se sont rang\u00e9s dans l&rsquo;entre-deux-tours derri\u00e8re Eric Ciotti. Et vendredi, Christian Jacob et le patron des d\u00e9put\u00e9s LR Olivier Marleix ont apport\u00e9 leur soutien \u00e0 Eric Ciotti, qui se pr\u00e9vaut aussi de celui du maire de Troyes Fran\u00e7ois Baroin.<\/p>\n\n\n\n<p>Des soutiens raill\u00e9s \u00e0 l&rsquo;extr\u00eame droite: \u00ab\u00a0c\u2019est le destin de LR de se soumettre au centrisme\u00a0\u00bb, a lanc\u00e9 le conseiller r\u00e9gional de Paca Philippe Vardon, ex-RN ayant rejoint Reconqu\u00eate!.<\/p>\n\n\n\n<p>Mais certains craignent une d\u00e9rive du parti: \u00ab\u00a0Les R\u00e9publicains peuvent eux-m\u00eames devenir une force d&rsquo;appoint de l&rsquo;extr\u00eame droite, malheureusement\u00a0\u00bb, a affirm\u00e9 dimanche matin sur Radio J St\u00e9phane S\u00e9journ\u00e9, secr\u00e9taire g\u00e9n\u00e9ral de Renaissance.<\/p>\n\n\n\n<p>Le porte-parole du gouvernement Olivier V\u00e9ran a lui appel\u00e9 Les R\u00e9publicains \u00ab\u00a0\u00e0 retrouver une boussole id\u00e9ologique parce que nous avons besoin de travailler avec la droite r\u00e9publicaine\u00a0\u00bb.<\/p>\n\n\n\n<p>Cette victoire a pour Eric Ciotti un go\u00fbt de revanche sur la primaire LR de 2021 lorsque, arriv\u00e9 en t\u00eate au premier tour de la primaire, il avait d\u00fb s&rsquo;incliner au deuxi\u00e8me face \u00e0 Val\u00e9rie P\u00e9cresse, payant un \u00ab\u00a0tout sauf Ciotti\u00a0\u00bb chez les \u00e9lecteurs inquiets de sa ligne droiti\u00e8re.<\/p>\n\n\n\n<p>Mais avec un \u00e9cart relativement faible, la n\u00e9cessit\u00e9 du rassemblement s&rsquo;impose plus que jamais avec son adversaire Bruno Retailleau qui, tr\u00e8s critique de Nicolas Sarkozy, promettait lui de \u00ab\u00a0rendre le parti aux adh\u00e9rents\u00a0\u00bb.<\/p>\n\n\n\n<p>Le s\u00e9nateur avait saisi le parti jeudi soir pour lui demander d&rsquo;\u00e9tudier des mesures visant \u00e0 \u00ab\u00a0renforcer la s\u00e9curit\u00e9 et donc la l\u00e9gitimit\u00e9\u00a0\u00bb du second tour, apr\u00e8s la publication d&rsquo;une enqu\u00eate de Lib\u00e9ration sur \u00ab\u00a0de puissants syst\u00e8mes client\u00e9listes\u00a0\u00bb lors des adh\u00e9sions dans les Alpes-Maritimes.<\/p>\n","protected":false},"excerpt":{"rendered":"<p>Le d\u00e9put\u00e9 des Alpes-Maritimes Eric Ciotti, tenant d&rsquo;une ligne droiti\u00e8re, a \u00e9t\u00e9 \u00e9lu dimanche pr\u00e9sident des R\u00e9publicains avec 53,7% des voix, devenant le nouveau patron d&rsquo;un parti en crise profonde apr\u00e8s la d\u00e9b\u00e2cle de la pr\u00e9sidentielle. Son adversaire, le patron des s\u00e9nateurs LR Bruno Retailleau, a recueilli 46,3% au deuxi\u00e8me tour de ce scrutin interne [&hellip;]<\/p>\n","protected":false},"author":2,"featured_media":23244,"comment_status":"open","ping_status":"open","sticky":false,"template":"","format":"standard","meta":{"_jetpack_memberships_contains_paid_content":false,"footnotes":"","jetpack_publicize_message":"","jetpack_publicize_feature_enabled":true,"jetpack_social_post_already_shared":true,"jetpack_social_options":{"image_generator_settings":{"template":"highway","default_image_id":0,"font":"","enabled":false},"version":2},"_wpas_customize_per_network":false},"categories":[405],"tags":[],"class_list":["post-23243","post","type-post","status-publish","format-standard","has-post-thumbnail","hentry","category-actu-france-monde"],"jetpack_publicize_connections":[],"jetpack_featured_media_url":"https:\/\/i0.wp.com\/www.iceagetv.com\/radiosite\/wp-content\/uploads\/2022\/12\/Le-depute-des-Alpes-Maritimes-Eric-Ciotti-elu.jpg?fit=679%2C293&ssl=1","jetpack_sharing_enabled":true,"_links":{"self":[{"href":"https:\/\/www.iceagetv.com\/radiosite\/wp-json\/wp\/v2\/posts\/23243","targetHints":{"allow":["GET"]}}],"collection":[{"href":"https:\/\/www.iceagetv.com\/radiosite\/wp-json\/wp\/v2\/posts"}],"about":[{"href":"https:\/\/www.iceagetv.com\/radiosite\/wp-json\/wp\/v2\/types\/post"}],"author":[{"embeddable":true,"href":"https:\/\/www.iceagetv.com\/radiosite\/wp-json\/wp\/v2\/users\/2"}],"replies":[{"embeddable":true,"href":"https:\/\/www.iceagetv.com\/radiosite\/wp-json\/wp\/v2\/comments?post=23243"}],"version-history":[{"count":1,"href":"https:\/\/www.iceagetv.com\/radiosite\/wp-json\/wp\/v2\/posts\/23243\/revisions"}],"predecessor-version":[{"id":23245,"href":"https:\/\/www.iceagetv.com\/radiosite\/wp-json\/wp\/v2\/posts\/23243\/revisions\/23245"}],"wp:featuredmedia":[{"embeddable":true,"href":"https:\/\/www.iceagetv.com\/radiosite\/wp-json\/wp\/v2\/media\/23244"}],"wp:attachment":[{"href":"https:\/\/www.iceagetv.com\/radiosite\/wp-json\/wp\/v2\/media?parent=23243"}],"wp:term":[{"taxonomy":"category","embeddable":true,"href":"https:\/\/www.iceagetv.com\/radiosite\/wp-json\/wp\/v2\/categories?post=23243"},{"taxonomy":"post_tag","embeddable":true,"href":"https:\/\/www.iceagetv.com\/radiosite\/wp-json\/wp\/v2\/tags?post=23243"}],"curies":[{"name":"wp","href":"https:\/\/api.w.org\/{rel}","templated":true}]}}