{"id":23256,"date":"2022-12-12T19:37:11","date_gmt":"2022-12-12T19:37:11","guid":{"rendered":"http:\/\/www.iceagetv.com\/radiosite\/?p=23256"},"modified":"2022-12-12T19:37:16","modified_gmt":"2022-12-12T19:37:16","slug":"essonne-trois-mineurs-condamnes-a-six-mois-de-prison-avec-sursis-pour-apologie-de-crime-pour-setre-felicites-dans-un-clip-de-rap-de-la-violente-agression-dun-autre-jeune","status":"publish","type":"post","link":"https:\/\/www.iceagetv.com\/radiosite\/essonne-trois-mineurs-condamnes-a-six-mois-de-prison-avec-sursis-pour-apologie-de-crime-pour-setre-felicites-dans-un-clip-de-rap-de-la-violente-agression-dun-autre-jeune\/","title":{"rendered":"Essonne: Trois mineurs condamn\u00e9s \u00e0 six mois de prison avec sursis pour apologie de crime pour s&rsquo;\u00eatre f\u00e9licit\u00e9s dans un clip de rap de la violente agression d&rsquo;un autre jeune"},"content":{"rendered":"\n<p>Trois mineurs ont \u00e9t\u00e9 condamn\u00e9s le mois dernier pour apologie de crime pour s&rsquo;\u00eatre f\u00e9licit\u00e9s dans un clip de rap de la violente agression d&rsquo;un autre jeune, dans un contexte de rixes entre quartiers rivaux dans l&rsquo;Essonne, a indiqu\u00e9 ce lundi le parquet d&rsquo;Evry, sollicit\u00e9 par l&rsquo;AFP.<\/p>\n\n\n\n<p>Ces jeunes hommes ont \u00e9t\u00e9 condamn\u00e9s le 4 novembre \u00e0 six mois de prison avec sursis par le tribunal pour enfants d&rsquo;Evry. \u00c2g\u00e9s de 15 et 16 ans lors de leur mise en examen en ao\u00fbt 2021, ils sont originaires de Sainte-Genevi\u00e8ve-des-Bois, une ville de l&rsquo;Essonne o\u00f9 des bandes d&rsquo;adolescents entretiennent une rivalit\u00e9 avec la ville voisine de Saint-Michel-sur-Orge.<\/p>\n\n\n\n<p>En mai 2021, un adolescent de 15 ans originaire de Saint-Michel-sur-Orge, Dramane, avait \u00e9t\u00e9 violemment lynch\u00e9 \u00e0 coups de marteau devant son lyc\u00e9e. Une agression qu&rsquo;un groupe de rappeurs amateurs de Sainte-Genevi\u00e8ve-des-Bois, 700 S, avait glorifi\u00e9e dans un morceau intitul\u00e9 \u00ab\u00a0Acte de Barbarie #4\u00a0\u00bb.<\/p>\n\n\n\n<p>Le clip montre des extraits d&rsquo;un journal t\u00e9l\u00e9vis\u00e9 faisant r\u00e9f\u00e9rence \u00e0 l&rsquo;affaire et les trois rappeurs y tiennent des propos explicites comme \u00ab\u00a0coup de marteau annonce la couleur\u00a0\u00bb, \u00ab\u00a0rafale de coups de marteau, on t&rsquo;\u00e9teint\u00a0\u00bb, \u00ab\u00a0c&rsquo;\u00e9tait nous devant L\u00e9onard, sale fils de pute\u00a0\u00bb, l&rsquo;agression s&rsquo;\u00e9tant d\u00e9roul\u00e9e devant le lyc\u00e9e L\u00e9onard-de-Vinci.<\/p>\n\n\n\n<p>Les jeunes apparaissent cagoul\u00e9s dans le clip mais avaient \u00e9t\u00e9 identifi\u00e9s par les enqu\u00eateurs. Dans l&rsquo;enqu\u00eate sur l&rsquo;agression du jeune Dramane, deux mineurs ont \u00e9t\u00e9 interpell\u00e9s peu de temps apr\u00e8s les faits et mis en examen pour tentative de meurtre.<\/p>\n","protected":false},"excerpt":{"rendered":"<p>Trois mineurs ont \u00e9t\u00e9 condamn\u00e9s le mois dernier pour apologie de crime pour s&rsquo;\u00eatre f\u00e9licit\u00e9s dans un clip de rap de la violente agression d&rsquo;un autre jeune, dans un contexte de rixes entre quartiers rivaux dans l&rsquo;Essonne, a indiqu\u00e9 ce lundi le parquet d&rsquo;Evry, sollicit\u00e9 par l&rsquo;AFP. Ces jeunes hommes ont \u00e9t\u00e9 condamn\u00e9s le 4 [&hellip;]<\/p>\n","protected":false},"author":2,"featured_media":23257,"comment_status":"open","ping_status":"open","sticky":false,"template":"","format":"standard","meta":{"_jetpack_memberships_contains_paid_content":false,"footnotes":"","jetpack_publicize_message":"","jetpack_publicize_feature_enabled":true,"jetpack_social_post_already_shared":true,"jetpack_social_options":{"image_generator_settings":{"template":"highway","default_image_id":0,"font":"","enabled":false},"version":2},"_wpas_customize_per_network":false},"categories":[405],"tags":[1252],"class_list":["post-23256","post","type-post","status-publish","format-standard","has-post-thumbnail","hentry","category-actu-france-monde","tag-essonne"],"jetpack_publicize_connections":[],"jetpack_featured_media_url":"https:\/\/i0.wp.com\/www.iceagetv.com\/radiosite\/wp-content\/uploads\/2022\/12\/Essonne.jpg?fit=679%2C293&ssl=1","jetpack_sharing_enabled":true,"_links":{"self":[{"href":"https:\/\/www.iceagetv.com\/radiosite\/wp-json\/wp\/v2\/posts\/23256","targetHints":{"allow":["GET"]}}],"collection":[{"href":"https:\/\/www.iceagetv.com\/radiosite\/wp-json\/wp\/v2\/posts"}],"about":[{"href":"https:\/\/www.iceagetv.com\/radiosite\/wp-json\/wp\/v2\/types\/post"}],"author":[{"embeddable":true,"href":"https:\/\/www.iceagetv.com\/radiosite\/wp-json\/wp\/v2\/users\/2"}],"replies":[{"embeddable":true,"href":"https:\/\/www.iceagetv.com\/radiosite\/wp-json\/wp\/v2\/comments?post=23256"}],"version-history":[{"count":1,"href":"https:\/\/www.iceagetv.com\/radiosite\/wp-json\/wp\/v2\/posts\/23256\/revisions"}],"predecessor-version":[{"id":23258,"href":"https:\/\/www.iceagetv.com\/radiosite\/wp-json\/wp\/v2\/posts\/23256\/revisions\/23258"}],"wp:featuredmedia":[{"embeddable":true,"href":"https:\/\/www.iceagetv.com\/radiosite\/wp-json\/wp\/v2\/media\/23257"}],"wp:attachment":[{"href":"https:\/\/www.iceagetv.com\/radiosite\/wp-json\/wp\/v2\/media?parent=23256"}],"wp:term":[{"taxonomy":"category","embeddable":true,"href":"https:\/\/www.iceagetv.com\/radiosite\/wp-json\/wp\/v2\/categories?post=23256"},{"taxonomy":"post_tag","embeddable":true,"href":"https:\/\/www.iceagetv.com\/radiosite\/wp-json\/wp\/v2\/tags?post=23256"}],"curies":[{"name":"wp","href":"https:\/\/api.w.org\/{rel}","templated":true}]}}