{"id":23271,"date":"2022-12-13T12:54:38","date_gmt":"2022-12-13T12:54:38","guid":{"rendered":"http:\/\/www.iceagetv.com\/radiosite\/?p=23271"},"modified":"2022-12-13T12:54:41","modified_gmt":"2022-12-13T12:54:41","slug":"un-des-agresseurs-de-la-vieille-dame-de-89-ans-a-cannes-sest-echappe-du-centre-educatif-ferme-ce-matin-provoquant-la-colere-du-maire-de-cannes-david-lisnard","status":"publish","type":"post","link":"https:\/\/www.iceagetv.com\/radiosite\/un-des-agresseurs-de-la-vieille-dame-de-89-ans-a-cannes-sest-echappe-du-centre-educatif-ferme-ce-matin-provoquant-la-colere-du-maire-de-cannes-david-lisnard\/","title":{"rendered":"Un des agresseurs de la vieille dame de 89 ans \u00e0 Cannes s\u2019est \u00e9chapp\u00e9 du centre \u00e9ducatif ferm\u00e9 ce matin provoquant la col\u00e8re du maire de Cannes David Lisnard"},"content":{"rendered":"\n<p>C&rsquo;est une annonce faite aujourd&rsquo;hui par David Lisnard, le maire de Cannes. Un des agresseurs de la vieille dame de 89 ans, agress\u00e9e dans la ville des Alpes-Maritimes en ao\u00fbt dernier, s&rsquo;est \u00e9chapp\u00e9 du centre \u00e9ducatif ferm\u00e9 o\u00f9 il \u00e9tait plac\u00e9 avec un autre mineur depuis la fin du mois de novembre.<\/p>\n\n\n\n<p>\u00ab\u00a0J\u2019apprends par la bande que l\u2019un des agresseurs de la dame de 89 ans de Cannes La Bocca, \u00abmaintenu\u00bb en Centre \u00c9ducatif \u00ab Ferm\u00e9 \u00bb sur d\u00e9cision de justice \u00e0 plusieurs dizaines de kilom\u00e8tres, s\u2019est enfui et sais par la PM qu\u2019il est \u00e0 Cannes. Ainsi, dans la r\u00e9alit\u00e9, va la France\u00a0\u00bb, d\u00e9clare l&rsquo;\u00e9lu sur son compte Twitter.<\/p>\n\n\n\n<p>Et d&rsquo;ajouter : \u00ab\u00a0J\u2019alerte G\u00e9rald Darmanin [le ministre de l&rsquo;Int\u00e9rieur, ndlr] et Eric Dupond-Moretti [le ministre de la Justice, ndlr] pour une action rigoureuse, et que sa \u00abd\u00e9tention\u00bb soit effectivement appliqu\u00e9e, donc contr\u00f4l\u00e9e. Enfin, sur une telle affaire, comment le maire de la commune n\u2019est-il pas inform\u00e9 par l\u2019Etat de ce type de situation ?\u00a0\u00bb.<\/p>\n\n\n\n<p>\u00ab\u00a0Il s\u2019agit l\u00e0 d\u2019un \u00e9ni\u00e8me exemple de la d\u00e9faillance r\u00e9galienne fran\u00e7aise, qui depuis trop longtemps r\u00e9v\u00e8le un Ex\u00e9cutif qui n\u2019ex\u00e9cute plus, un \u00c9tat souvent impuissant avec les voyous, qui cr\u00e9e un sentiment d\u2019impunit\u00e9 et alimente donc la crise civique que traverse notre pays\u00a0\u00bb, poursuit David Lisnard, en col\u00e8re, sur Twitter. Et de conclure : \u00ab\u00a0Tous les \u00e9l\u00e9ments de localisation ont \u00e9t\u00e9 transmis par la police municipale \u00e0 la nationale, et l\u2019interpellation vient d\u2019avoir lieu\u00a0\u00bb.<\/p>\n","protected":false},"excerpt":{"rendered":"<p>C&rsquo;est une annonce faite aujourd&rsquo;hui par David Lisnard, le maire de Cannes. Un des agresseurs de la vieille dame de 89 ans, agress\u00e9e dans la ville des Alpes-Maritimes en ao\u00fbt dernier, s&rsquo;est \u00e9chapp\u00e9 du centre \u00e9ducatif ferm\u00e9 o\u00f9 il \u00e9tait plac\u00e9 avec un autre mineur depuis la fin du mois de novembre. \u00ab\u00a0J\u2019apprends par la [&hellip;]<\/p>\n","protected":false},"author":2,"featured_media":23272,"comment_status":"open","ping_status":"open","sticky":false,"template":"","format":"standard","meta":{"_jetpack_memberships_contains_paid_content":false,"footnotes":"","jetpack_publicize_message":"","jetpack_publicize_feature_enabled":true,"jetpack_social_post_already_shared":true,"jetpack_social_options":{"image_generator_settings":{"template":"highway","default_image_id":0,"font":"","enabled":false},"version":2},"_wpas_customize_per_network":false},"categories":[405],"tags":[],"class_list":["post-23271","post","type-post","status-publish","format-standard","has-post-thumbnail","hentry","category-actu-france-monde"],"jetpack_publicize_connections":[],"jetpack_featured_media_url":"https:\/\/i0.wp.com\/www.iceagetv.com\/radiosite\/wp-content\/uploads\/2022\/12\/Un-des-agresseurs-de-la-vieille-dame-de-89-ans-a-Cannes.jpg?fit=679%2C293&ssl=1","jetpack_sharing_enabled":true,"_links":{"self":[{"href":"https:\/\/www.iceagetv.com\/radiosite\/wp-json\/wp\/v2\/posts\/23271","targetHints":{"allow":["GET"]}}],"collection":[{"href":"https:\/\/www.iceagetv.com\/radiosite\/wp-json\/wp\/v2\/posts"}],"about":[{"href":"https:\/\/www.iceagetv.com\/radiosite\/wp-json\/wp\/v2\/types\/post"}],"author":[{"embeddable":true,"href":"https:\/\/www.iceagetv.com\/radiosite\/wp-json\/wp\/v2\/users\/2"}],"replies":[{"embeddable":true,"href":"https:\/\/www.iceagetv.com\/radiosite\/wp-json\/wp\/v2\/comments?post=23271"}],"version-history":[{"count":1,"href":"https:\/\/www.iceagetv.com\/radiosite\/wp-json\/wp\/v2\/posts\/23271\/revisions"}],"predecessor-version":[{"id":23273,"href":"https:\/\/www.iceagetv.com\/radiosite\/wp-json\/wp\/v2\/posts\/23271\/revisions\/23273"}],"wp:featuredmedia":[{"embeddable":true,"href":"https:\/\/www.iceagetv.com\/radiosite\/wp-json\/wp\/v2\/media\/23272"}],"wp:attachment":[{"href":"https:\/\/www.iceagetv.com\/radiosite\/wp-json\/wp\/v2\/media?parent=23271"}],"wp:term":[{"taxonomy":"category","embeddable":true,"href":"https:\/\/www.iceagetv.com\/radiosite\/wp-json\/wp\/v2\/categories?post=23271"},{"taxonomy":"post_tag","embeddable":true,"href":"https:\/\/www.iceagetv.com\/radiosite\/wp-json\/wp\/v2\/tags?post=23271"}],"curies":[{"name":"wp","href":"https:\/\/api.w.org\/{rel}","templated":true}]}}