{"id":23304,"date":"2022-12-15T09:53:32","date_gmt":"2022-12-15T09:53:32","guid":{"rendered":"http:\/\/www.iceagetv.com\/radiosite\/?p=23304"},"modified":"2022-12-15T09:53:35","modified_gmt":"2022-12-15T09:53:35","slug":"la-sncf-annonce-que-la-circulation-des-trains-sera-legerement-perturbee-pour-les-departs-en-vacances-de-noel-ce-week-end-en-raison-dune-greve-des-aiguilleurs-a-lappel-de-sud-ra","status":"publish","type":"post","link":"https:\/\/www.iceagetv.com\/radiosite\/la-sncf-annonce-que-la-circulation-des-trains-sera-legerement-perturbee-pour-les-departs-en-vacances-de-noel-ce-week-end-en-raison-dune-greve-des-aiguilleurs-a-lappel-de-sud-ra\/","title":{"rendered":"La SNCF annonce que la circulation des trains sera \u00ab\u00a0l\u00e9g\u00e8rement perturb\u00e9e\u00a0\u00bb pour les d\u00e9parts en vacances de No\u00ebl, ce week-end, en raison d\u2019une gr\u00e8ve des aiguilleurs \u00e0 l\u2019appel de Sud-Rail"},"content":{"rendered":"\n<p>La SNCF a annonc\u00e9 mercredi que la circulation des trains serait \u00ab&nbsp;l\u00e9g\u00e8rement perturb\u00e9e&nbsp;\u00bb pour les d\u00e9parts en vacances de No\u00ebl, ce week-end, avec une \u00ab&nbsp;vingtaine de TGV supprim\u00e9s&nbsp;\u00bb vendredi, en raison d\u2019une gr\u00e8ve des aiguilleurs \u00e0 l\u2019appel de Sud-Rail.<\/p>\n\n\n\n<p>\u00ab&nbsp;Au plan national, une vingtaine de TGV sur un total de 700 en circulation vendredi seront supprim\u00e9s&nbsp;\u00bb, a indiqu\u00e9 \u00e0 la SNCF, qui pr\u00e9voit un \u00ab&nbsp;service normal ou quasi-normal&nbsp;\u00bb pour les TGV Est, Nord et Sud, et \u00ab&nbsp;pr\u00e8s de 9 trains sur 10 assur\u00e9s&nbsp;\u00bb pour le TGV Atlantique, dont deux trains sur trois pour les liaisons entre Paris et Bordeaux\u00a0\u00bb, en raison du conflit des aiguilleurs, mais \u00e9galement d\u2019un mouvement local des conducteurs.<\/p>\n\n\n\n<p>Les aiguilleurs de la SNCF op\u00e8rent le r\u00e9seau: sans eux, les trains ne peuvent pas rouler. Ils demandent une meilleure reconnaissance de leur profession et une am\u00e9lioration de leurs conditions de travail. La gr\u00e8ve des conducteurs sur l\u2019axe TGV Atlantique est elle \u00e0 l\u2019initiative d\u2019une intersyndicale r\u00e9unissant la CGT-Cheminots, l\u2019Unsa-Ferroviaire, SUD-Rail et la CFDT-Cheminots.<\/p>\n\n\n\n<p>La SNCF pr\u00e9voit par ailleurs un trafic quasi-normal des trains intercit\u00e9s et de possibles perturbations pour les Transilien et TER.<\/p>\n\n\n\n<p>Les syndicats d\u00e9noncent les p\u00e9nuries de personnel qui d\u00e9gradent les conditions de travail des agents de conduite et critiquent le choix de la direction de baisser le nombre de formations.<\/p>\n\n\n\n<p>La SNCF invite les voyageurs \u00e0 consulter leurs outils d\u2019information habituels pour v\u00e9rifier la circulation de leurs trains, la veille \u00e0 17H00.<\/p>\n\n\n\n<p>Pour la suite des vacances, les contr\u00f4leurs ont \u00e9galement d\u00e9pos\u00e9 des pr\u00e9avis de gr\u00e8ve couvrant les week-ends de No\u00ebl et du Nouvel An, que les n\u00e9gociations en cours n\u2019avaient pas permis de lever \u00e0 ce stade.<\/p>\n","protected":false},"excerpt":{"rendered":"<p>La SNCF a annonc\u00e9 mercredi que la circulation des trains serait \u00ab&nbsp;l\u00e9g\u00e8rement perturb\u00e9e&nbsp;\u00bb pour les d\u00e9parts en vacances de No\u00ebl, ce week-end, avec une \u00ab&nbsp;vingtaine de TGV supprim\u00e9s&nbsp;\u00bb vendredi, en raison d\u2019une gr\u00e8ve des aiguilleurs \u00e0 l\u2019appel de Sud-Rail. \u00ab&nbsp;Au plan national, une vingtaine de TGV sur un total de 700 en circulation vendredi seront [&hellip;]<\/p>\n","protected":false},"author":2,"featured_media":23305,"comment_status":"open","ping_status":"open","sticky":false,"template":"","format":"standard","meta":{"_jetpack_memberships_contains_paid_content":false,"footnotes":"","jetpack_publicize_message":"","jetpack_publicize_feature_enabled":true,"jetpack_social_post_already_shared":true,"jetpack_social_options":{"image_generator_settings":{"template":"highway","default_image_id":0,"font":"","enabled":false},"version":2},"_wpas_customize_per_network":false},"categories":[405],"tags":[],"class_list":["post-23304","post","type-post","status-publish","format-standard","has-post-thumbnail","hentry","category-actu-france-monde"],"jetpack_publicize_connections":[],"jetpack_featured_media_url":"https:\/\/i0.wp.com\/www.iceagetv.com\/radiosite\/wp-content\/uploads\/2022\/12\/La-SNCF-annonce-que-la-circulation-des-trains.jpg?fit=679%2C293&ssl=1","jetpack_sharing_enabled":true,"_links":{"self":[{"href":"https:\/\/www.iceagetv.com\/radiosite\/wp-json\/wp\/v2\/posts\/23304","targetHints":{"allow":["GET"]}}],"collection":[{"href":"https:\/\/www.iceagetv.com\/radiosite\/wp-json\/wp\/v2\/posts"}],"about":[{"href":"https:\/\/www.iceagetv.com\/radiosite\/wp-json\/wp\/v2\/types\/post"}],"author":[{"embeddable":true,"href":"https:\/\/www.iceagetv.com\/radiosite\/wp-json\/wp\/v2\/users\/2"}],"replies":[{"embeddable":true,"href":"https:\/\/www.iceagetv.com\/radiosite\/wp-json\/wp\/v2\/comments?post=23304"}],"version-history":[{"count":1,"href":"https:\/\/www.iceagetv.com\/radiosite\/wp-json\/wp\/v2\/posts\/23304\/revisions"}],"predecessor-version":[{"id":23306,"href":"https:\/\/www.iceagetv.com\/radiosite\/wp-json\/wp\/v2\/posts\/23304\/revisions\/23306"}],"wp:featuredmedia":[{"embeddable":true,"href":"https:\/\/www.iceagetv.com\/radiosite\/wp-json\/wp\/v2\/media\/23305"}],"wp:attachment":[{"href":"https:\/\/www.iceagetv.com\/radiosite\/wp-json\/wp\/v2\/media?parent=23304"}],"wp:term":[{"taxonomy":"category","embeddable":true,"href":"https:\/\/www.iceagetv.com\/radiosite\/wp-json\/wp\/v2\/categories?post=23304"},{"taxonomy":"post_tag","embeddable":true,"href":"https:\/\/www.iceagetv.com\/radiosite\/wp-json\/wp\/v2\/tags?post=23304"}],"curies":[{"name":"wp","href":"https:\/\/api.w.org\/{rel}","templated":true}]}}