{"id":23319,"date":"2022-12-16T19:19:54","date_gmt":"2022-12-16T19:19:54","guid":{"rendered":"http:\/\/www.iceagetv.com\/radiosite\/?p=23319"},"modified":"2022-12-16T19:19:57","modified_gmt":"2022-12-16T19:19:57","slug":"cop15-biodiversite-au-quebec-le-caribou-forestier-tue-a-petit-feu-par-lindustrie-du-bois","status":"publish","type":"post","link":"https:\/\/www.iceagetv.com\/radiosite\/cop15-biodiversite-au-quebec-le-caribou-forestier-tue-a-petit-feu-par-lindustrie-du-bois\/","title":{"rendered":"<strong>COP15 biodiversit\u00e9 : au Qu\u00e9bec, le caribou forestier tu\u00e9 \u00e0 petit feu par l&rsquo;industrie du bois<\/strong>"},"content":{"rendered":"\n<p>C est un endroit dont la localisation est tenue secr\u00e8te. Dans la for\u00eat de Charlevoix, au Qu\u00e9bec, un enclos de 20 hectares a \u00e9t\u00e9 install\u00e9 par le minist\u00e8re des For\u00eats, de la Faune et des Parcs. Ces cl\u00f4tures, hautes de 3,5 m, \u00e9lectrifi\u00e9es et enfouies profond\u00e9ment dans le sol, ont \u00e9t\u00e9 pens\u00e9es pour \u00e9viter que l&rsquo;ours ou le loup ne p\u00e9n\u00e8trent l&rsquo;enceinte. Des membranes g\u00e9otextiles noires compl\u00e8tent le dispositif pour \u00e9viter que ses 21 occupants ne s&rsquo;habituent \u00e0 la pr\u00e9sence humaine. Ce luxe de pr\u00e9caution a \u00e9t\u00e9 d\u00e9ploy\u00e9 pour sauver de l&rsquo;extinction les derniers caribous forestiers de cette r\u00e9gion. En f\u00e9vrier 2022, ils ont \u00e9t\u00e9 enferm\u00e9s pour les prot\u00e9ger de l&rsquo;homme.\u00a0<em>\u00ab\u00a0Les caribous de Charlevoix ne sont plus libres\u00a0\u00bb<\/em>, titre alors\u00a0<a rel=\"noreferrer noopener\" href=\"https:\/\/ici.radio-canada.ca\/nouvelle\/1869736\/capture-caribous-charlevoix-declin-voie-de-disparition\" target=\"_blank\">Radio Canada<\/a>.Pour Claude Dussault, ancien responsable de l&rsquo;\u00e9quipe de r\u00e9tablissement de l&rsquo;esp\u00e8ce au minist\u00e8re des For\u00eats, de la Faune et des Parcs du Qu\u00e9bec, cette mise en captivit\u00e9\u00a0<em>\u00ab\u00a0signe tout simplement notre \u00e9chec \u00e0 assurer l&rsquo;exploitation de nos ressources tout en prot\u00e9geant la biodiversit\u00e9\u00a0\u00bb<\/em>. Au XIXe si\u00e8cle, le caribou forestier, l&rsquo;un des trois \u00e9cotypes du cervid\u00e9 pr\u00e9sent au Canada avec le migrateur (dans la toundra) et le montagnard (en Gasp\u00e9sie), vagabondait jusqu&rsquo;aux Etats-Unis. Depuis, il n&rsquo;a cess\u00e9 d&rsquo;\u00eatre repouss\u00e9 plus au nord.<\/p>\n\n\n\n<p>Dans&nbsp;<a href=\"https:\/\/mffp.gouv.qc.ca\/wp-content\/uploads\/RevueLitteratureCaribou.pdf\" target=\"_blank\" rel=\"noreferrer noopener\">un rapport<\/a>&nbsp;publi\u00e9 en 2021, le minist\u00e8re qu\u00e9b\u00e9cois constatait ainsi que&nbsp;<em>\u00ab\u00a0la majorit\u00e9 des populations est en d\u00e9clin ou dans un \u00e9tat pr\u00e9caire au Canada\u00a0\u00bb<\/em>&nbsp;et qu&rsquo;au Qu\u00e9bec,&nbsp;<em>\u00ab\u00a0plusieurs indicateurs biologiques cl\u00e9s de l&rsquo;\u00e9tat des populations (&#8230;) montrent des signes inqui\u00e9tants qui sont caract\u00e9ristiques des populations en d\u00e9clin ou faisant face \u00e0 un risque d&rsquo;extinction imminent\u00a0\u00bb.&nbsp;<\/em>Leur nombre est estim\u00e9 entre 5&nbsp;000 et 10&nbsp;000 individus.<\/p>\n\n\n\n<h2 class=\"wp-block-heading\">Une population d\u00e9cim\u00e9e par ricochet<\/h2>\n\n\n\n<p>Comment expliquer un tel effondrement\u00a0? Pour les scientifiques, l&rsquo;industrie foresti\u00e8re est la principale ennemie du caribou. En coupant les arbres matures, elle vient perturber le fragile \u00e9quilibre de l&rsquo;\u00e9cosyst\u00e8me. Apr\u00e8s son passage, des feuillus et des arbustes fruitiers repoussent l\u00e0 o\u00f9 l&rsquo;on ne trouvait que des conif\u00e8res. Ce changement attire l&rsquo;orignal (ou \u00e9lan), qui se nourrit de feuilles, contrairement au caribou qui pr\u00e9f\u00e8re le lichen. Le loup, son principal pr\u00e9dateur, arrive dans le sillage de l&rsquo;orignal. Plus productif que le caribou, l&rsquo;orignal prosp\u00e8re et fait augmenter, par son abondance, les populations de loups. L&rsquo;ours noir profite lui des arbustes fruitiers pour s&rsquo;installer dans la zone.<\/p>\n\n\n\n<p>Cette colonisation est facilit\u00e9e par les routes trac\u00e9es par l&rsquo;industrie foresti\u00e8re dans la for\u00eat. Le caribou, qui se reproduit peu, est d\u00e9cim\u00e9 par cette explosion des pr\u00e9dateurs.&nbsp;<em>\u00ab\u00a0Ce ne sont pas les machines qui \u00e9crasent les caribous, c&rsquo;est un effet ricochet. Le changement d&rsquo;habitat favorise l&rsquo;orignal, le loup et l&rsquo;ours\u00a0\u00bb<\/em>, r\u00e9sume Daniel Fortin, chercheur \u00e0 l&rsquo;universit\u00e9 de Laval. La destruction des habitats&nbsp;est l&rsquo;une des principales causes de la disparition de la biodiversit\u00e9, une crise majeure qui est justement l&rsquo;objet de la&nbsp;<a href=\"https:\/\/www.francetvinfo.fr\/monde\/environnement\/biodiversite\/biodiversite-on-vous-explique-ce-qui-doit-etre-negocie-a-la-cop15-de-montreal-et-pourquoi-c-est-important_5484564.html\" target=\"_blank\" rel=\"noreferrer noopener\">COP15 organis\u00e9e jusqu&rsquo;au 19 d\u00e9cembre \u00e0 Montr\u00e9al<\/a>.<\/p>\n\n\n\n<p>Ce constat scientifique bien \u00e9tabli est pour l&rsquo;instant peu suivi de mesures. En 2022, le gouvernement du Qu\u00e9bec a demand\u00e9&nbsp;<a href=\"https:\/\/ici.radio-canada.ca\/nouvelle\/1907183\/protection-caribou-recommandations-consultations-commissaires\" target=\"_blank\" rel=\"noreferrer noopener\">un nouveau rapport \u00e0 une commission ind\u00e9pendante<\/a>, qui lui a recommand\u00e9 de cr\u00e9er de nouvelles aires prot\u00e9g\u00e9es. Sans suite pour le moment.&nbsp;<em>\u00ab\u00a0Le gouvernement travaille actuellement sur une ambitieuse strat\u00e9gie qui devrait \u00eatre d\u00e9voil\u00e9e en juin 2023, laquelle pr\u00e9voira notamment des mesures de protection et de restauration\u00a0\u00bb<\/em>, assure le minist\u00e8re des For\u00eats, de la Faune et des Parcs.<\/p>\n\n\n\n<h2 class=\"wp-block-heading\">Un d\u00e9clin remis en cause par les producteurs<\/h2>\n\n\n\n<p>Les scientifiques attendent de voir.&nbsp;<em>\u00ab\u00a0L&rsquo;industrie foresti\u00e8re a besoin de la for\u00eat mature, le caribou aussi. Si vous le prot\u00e9gez, vous l&rsquo;enlevez \u00e0 l&rsquo;industrie et vous avez moins de retomb\u00e9es \u00e9conomiques. Aujourd&rsquo;hui, on privil\u00e9gie les retomb\u00e9es \u00e0 court terme contre la protection de l&rsquo;habitat\u00a0\u00bb<\/em>, resitue Martin-Hugues St-Laurent, chercheur \u00e0 l&rsquo;universit\u00e9 de Qu\u00e9bec \u00e0 Rimouski. Au cours de sa carri\u00e8re au minist\u00e8re, Claude Dussault a pu constater l&rsquo;influence de l&rsquo;industrie sur le politique.<em>&nbsp;\u00ab\u00a0Je n&rsquo;ai rien vu de direct, sauf que le discours que j&rsquo;entendais de la part de l&rsquo;industrie, les \u00e9lus tenaient le m\u00eame deux semaines plus tard\u00a0\u00bb<\/em>, t\u00e9moigne-t-il, en citant l&rsquo;exemple d&rsquo;un ancien Premier ministre qu\u00e9b\u00e9cois. En&nbsp;<a href=\"https:\/\/www.lequotidien.com\/2014\/03\/09\/couillard-les-jobs-avant-les-caribous-daf6751ec7e7e810c43af098a0e8aede\" target=\"_blank\" rel=\"noreferrer noopener\">2014<\/a>, Philippe Couillard avait lanc\u00e9 qu&rsquo;il ne sacrifierait&nbsp;<em>\u00ab\u00a0pas un job dans la for\u00eat pour les caribous\u00a0\u00bb<\/em>.<\/p>\n\n\n\n<p>Cet argument \u00e9conomique est d\u00e9fendu avec force par l&rsquo;industrie.&nbsp;<em>\u00ab\u00a0Nous en sommes \u00e0 un point o\u00f9 l&rsquo;humain est le m\u00e9chant, qu&rsquo;il faudrait sortir de la for\u00eat. L&rsquo;humain fait partie de l&rsquo;\u00e9cosyst\u00e8me. Sur la haute c\u00f4te nord, la population a baiss\u00e9 de 17%, on a cette mission de travailler \u00e0 la vitalit\u00e9 socio-\u00e9conomique de notre communaut\u00e9\u00a0\u00bb<\/em>, d\u00e9fend Steeve St-Gelais, PDG de l&rsquo;entreprise Boisaco.&nbsp;<em>\u00ab\u00a0Entre la protection pure et dure, avec une cloche de verre, et la poursuite des activit\u00e9s, il y a un \u00e9quilibre \u00e0 trouver\u00a0\u00bb<\/em>, appuie Andr\u00e9 Gilbert, son directeur g\u00e9n\u00e9ral.<\/p>\n\n\n\n<p>Les deux hommes nient que leur industrie soit la principale cause de la disparition de l&rsquo;animal et \u00e9voquent&nbsp;<em>\u00ab\u00a0beaucoup de perturbations\u00a0\u00bb&nbsp;<\/em>: changement climatique, r\u00e9sidences secondaires dans la for\u00eat, incendies, \u00e9pid\u00e9mies&#8230; Ils estiment aussi qu&rsquo;il est difficile<em>&nbsp;\u00ab\u00a0d&rsquo;avoir un portrait clair\u00a0\u00bb<\/em>&nbsp;de l&rsquo;\u00e9tat de l&rsquo;esp\u00e8ce. Comme le raconte&nbsp;<a href=\"https:\/\/ici.radio-canada.ca\/nouvelle\/1889255\/commission-caribou-donnees-memoire-declin\" target=\"_blank\" rel=\"noreferrer noopener\">Radio Canada<\/a>, Boisaco est all\u00e9 jusqu&rsquo;\u00e0 remettre en question le d\u00e9clin de l&rsquo;esp\u00e8ce dans le m\u00e9moire d\u00e9pos\u00e9 devant la commission ind\u00e9pendante.<\/p>\n\n\n\n<h2 class=\"wp-block-heading\">Un mensonge \u00e9hont\u00e9 pour les scientifiques<\/h2>\n\n\n\n<p>Un discours qui rel\u00e8ve de la d\u00e9sinformation, pointent les scientifiques.&nbsp;<em>\u00ab\u00a0Le caribou forestier est l&rsquo;une des esp\u00e8ces les plus \u00e9tudi\u00e9es au Canada, on a suffisamment d&rsquo;informations pour savoir pourquoi les populations d\u00e9clinent, c&rsquo;est absolument clair\u00a0\u00bb<\/em>, mart\u00e8le Daniel Fortin.&nbsp;<em>\u00ab\u00a0Aucune \u00e9vidence scientifique ne permet d&rsquo;appuyer leurs propos\u00a0\u00bb<\/em>, abonde Martin-Hugues St-Laurent.&nbsp;<\/p>\n\n\n\n<blockquote class=\"wp-block-quote is-layout-flow wp-block-quote-is-layout-flow\">\n<p>\u00ab\u00a0Ils essayent d&rsquo;instiller un doute dans la population, comme l&rsquo;industrie du tabac a r\u00e9ussi \u00e0 le faire pendant des ann\u00e9es sur la nocivit\u00e9 de leur produit.\u00a0\u00bb<\/p>\n\n\n\n<p>Daniel Fortin voit dans le devenir de l&rsquo;esp\u00e8ce un enjeu essentiel pour la protection de l&rsquo;environnement au Qu\u00e9bec.<em>&nbsp;\u00ab\u00a0Si on n&rsquo;est pas capable de pr\u00e9server une esp\u00e8ce aussi charismatique, cela d\u00e9montre un probl\u00e8me assez profond\u00a0\u00bb<\/em>, euph\u00e9mise le chercheur. Il souligne que l&rsquo;esp\u00e8ce peut jouer le r\u00f4le de&nbsp;<em>\u00ab\u00a0parapluie\u00a0\u00bb<\/em>&nbsp;pour tout un tas d&rsquo;autres organismes vivants&nbsp;:&nbsp;<em>\u00ab\u00a0Pour prot\u00e9ger une population de caribous, il faut prot\u00e9ger des milliers de km2. Imaginez le nombre de col\u00e9opt\u00e8res, d&rsquo;oiseaux, de li\u00e8vres ou de martres qui vont \u00eatre prot\u00e9g\u00e9s en m\u00eame temps\u00a0\u00bb<\/em>.<\/p>\n\n\n\n<h2 class=\"wp-block-heading\">Une perte immense pour les autochtones<\/h2>\n\n\n\n<p>Le sort du caribou forestier est aussi essentiel pour les populations autochtones du Qu\u00e9bec. Certaines ont d\u00e9j\u00e0 renonc\u00e9 \u00e0 leur droit de chasse traditionnel pour pr\u00e9server l&rsquo;esp\u00e8ce.<em>&nbsp;\u00ab\u00a0Sa disparition est une perte de droits humains pour nous. Notre culture et notre spiritualit\u00e9 sont bas\u00e9es sur cette esp\u00e8ce<\/em>, t\u00e9moigne M\u00e9lissa Mollen-Dupuis, une Innue qui travaille \u00e0 la Fondation David Suzuki.&nbsp;<em>\u00ab\u00a0C&rsquo;est l&rsquo;\u00e9quivalent du pain pour vous et vous avez fait des r\u00e9volutions pour moins que cela\u00a0\u00bb<\/em>, poursuit-elle, en regrettant qu&rsquo;il n&rsquo;y ait&nbsp;<em>\u00ab\u00a0pas de r\u00e9actions \u00e0 la hauteur de l&rsquo;urgence\u00a0\u00bb<\/em>.<\/p>\n\n\n\n<p>Cette membre de la communaut\u00e9 innue insiste sur la place centrale de l&rsquo;animal pour son peuple :&nbsp;<em>\u00ab\u00a0Le caribou nous a gard\u00e9s en vie pendant des milliers d&rsquo;ann\u00e9es. Aujourd&rsquo;hui, c&rsquo;est \u00e0 nous de l&rsquo;aider. Je ne serai pas l\u00e0 aujourd&rsquo;hui sans le caribou, pour nous, ce n&rsquo;est pas une petite chose.\u00a0\u00bb<\/em>&nbsp;C&rsquo;est la raison pour laquelle les communaut\u00e9s autochtones appr\u00e9cient peu de voir leur mode de vie mis en balance avec les int\u00e9r\u00eats de l&rsquo;industrie foresti\u00e8re.<\/p>\n\n\n\n<p>Marc Saint-Onge, de la nation innue d&rsquo;Essipit, regrette le&nbsp;<em>\u00ab\u00a0manque de respect\u00a0\u00bb<\/em>&nbsp;des autorit\u00e9s qu\u00e9b\u00e9coises et les consultations&nbsp;<em>\u00ab\u00a0biais\u00e9es\u00a0\u00bb<\/em>&nbsp;en faveur de l&rsquo;industrie. Il se dit cependant agr\u00e9ablement surpris par les conclusions de la commission ind\u00e9pendante sur le caribou forestier, qui a tenu compte de leur revendication, et attend de voir le plan annonc\u00e9 en 2023.&nbsp;<em>\u00ab\u00a0Est-ce que ce sera satisfaisant&nbsp;?&nbsp;<\/em>s&rsquo;interroge-t-il.&nbsp;<em>J&rsquo;ai encore de gros doutes.\u00a0\u00bb<\/em><\/p>\n<\/blockquote>\n","protected":false},"excerpt":{"rendered":"<p>C est un endroit dont la localisation est tenue secr\u00e8te. Dans la for\u00eat de Charlevoix, au Qu\u00e9bec, un enclos de 20 hectares a \u00e9t\u00e9 install\u00e9 par le minist\u00e8re des For\u00eats, de la Faune et des Parcs. Ces cl\u00f4tures, hautes de 3,5 m, \u00e9lectrifi\u00e9es et enfouies profond\u00e9ment dans le sol, ont \u00e9t\u00e9 pens\u00e9es pour \u00e9viter que [&hellip;]<\/p>\n","protected":false},"author":2,"featured_media":23320,"comment_status":"open","ping_status":"open","sticky":false,"template":"","format":"standard","meta":{"_jetpack_memberships_contains_paid_content":false,"footnotes":"","jetpack_publicize_message":"","jetpack_publicize_feature_enabled":true,"jetpack_social_post_already_shared":true,"jetpack_social_options":{"image_generator_settings":{"template":"highway","default_image_id":0,"font":"","enabled":false},"version":2},"_wpas_customize_per_network":false},"categories":[405],"tags":[],"class_list":["post-23319","post","type-post","status-publish","format-standard","has-post-thumbnail","hentry","category-actu-france-monde"],"jetpack_publicize_connections":[],"jetpack_featured_media_url":"https:\/\/i0.wp.com\/www.iceagetv.com\/radiosite\/wp-content\/uploads\/2022\/12\/COP15-biodiversite.jpg?fit=1056%2C643&ssl=1","jetpack_sharing_enabled":true,"_links":{"self":[{"href":"https:\/\/www.iceagetv.com\/radiosite\/wp-json\/wp\/v2\/posts\/23319","targetHints":{"allow":["GET"]}}],"collection":[{"href":"https:\/\/www.iceagetv.com\/radiosite\/wp-json\/wp\/v2\/posts"}],"about":[{"href":"https:\/\/www.iceagetv.com\/radiosite\/wp-json\/wp\/v2\/types\/post"}],"author":[{"embeddable":true,"href":"https:\/\/www.iceagetv.com\/radiosite\/wp-json\/wp\/v2\/users\/2"}],"replies":[{"embeddable":true,"href":"https:\/\/www.iceagetv.com\/radiosite\/wp-json\/wp\/v2\/comments?post=23319"}],"version-history":[{"count":1,"href":"https:\/\/www.iceagetv.com\/radiosite\/wp-json\/wp\/v2\/posts\/23319\/revisions"}],"predecessor-version":[{"id":23321,"href":"https:\/\/www.iceagetv.com\/radiosite\/wp-json\/wp\/v2\/posts\/23319\/revisions\/23321"}],"wp:featuredmedia":[{"embeddable":true,"href":"https:\/\/www.iceagetv.com\/radiosite\/wp-json\/wp\/v2\/media\/23320"}],"wp:attachment":[{"href":"https:\/\/www.iceagetv.com\/radiosite\/wp-json\/wp\/v2\/media?parent=23319"}],"wp:term":[{"taxonomy":"category","embeddable":true,"href":"https:\/\/www.iceagetv.com\/radiosite\/wp-json\/wp\/v2\/categories?post=23319"},{"taxonomy":"post_tag","embeddable":true,"href":"https:\/\/www.iceagetv.com\/radiosite\/wp-json\/wp\/v2\/tags?post=23319"}],"curies":[{"name":"wp","href":"https:\/\/api.w.org\/{rel}","templated":true}]}}