{"id":23362,"date":"2022-12-21T19:18:55","date_gmt":"2022-12-21T19:18:55","guid":{"rendered":"http:\/\/www.iceagetv.com\/radiosite\/?p=23362"},"modified":"2022-12-21T19:18:58","modified_gmt":"2022-12-21T19:18:58","slug":"la-sncf-annonce-que-2-tgv-sur-5-sont-annules-samedi-et-dimanche-toutes-les-previsions-ici-les-voyageurs-dont-le-train-a-ete-supprime-vont-beneficier-dun-remboursement-de-200-de-leur-bill","status":"publish","type":"post","link":"https:\/\/www.iceagetv.com\/radiosite\/la-sncf-annonce-que-2-tgv-sur-5-sont-annules-samedi-et-dimanche-toutes-les-previsions-ici-les-voyageurs-dont-le-train-a-ete-supprime-vont-beneficier-dun-remboursement-de-200-de-leur-bill\/","title":{"rendered":"La SNCF annonce que 2 TGV sur 5 sont annul\u00e9s samedi et dimanche &#8211; Toutes les pr\u00e9visions ICI &#8211; Les voyageurs dont le train a \u00e9t\u00e9 supprim\u00e9 vont b\u00e9n\u00e9ficier d\u2019un remboursement de 200 % de leur billet"},"content":{"rendered":"\n<p><strong>La SNCF d\u00e9voile ses pr\u00e9visions pour ce week-end. Seuls deux trains sur cinq circuleront samedi et dimanche contre deux sur trois vendredi. La SNCF pr\u00e9cise qu&rsquo;un TGV sur deux devrait circuler sur les axes Nord et Atlantique et trois TGV sur cinq sur les axes Sud-Est et Est.<\/strong><\/p>\n\n\n\n<p><strong>Quant aux Ouigo, deux sur trois sont pr\u00e9vus.&nbsp;<\/strong><\/p>\n\n\n\n<p><strong>C\u00f4t\u00e9 Intercit\u00e9s, le trafic sera perturb\u00e9 avec, en journ\u00e9e, trois trains sur quatre en moyenne qui circuleront samedi et dimanche. En revanche, aucun train ne circulera dans la nuit du 24 au 25 d\u00e9cembre.<\/strong><\/p>\n\n\n\n<p><strong>Concernant les TER, \u00ab\u00a0certaines r\u00e9gions sont susceptibles de conna\u00eetre quelques perturbations\u00a0\u00bb, rel\u00e8ve la soci\u00e9t\u00e9 ferroviaire. \u00ab\u00a0Les plans de transport seront d\u00e9taill\u00e9s dans chaque r\u00e9gion la veille en fin de journ\u00e9e\u00a0\u00bb, indique la SNCF<\/strong><\/p>\n\n\n\n<p>Quelque 200.000 voyageurs cherchaient mercredi \u00e0 sauver leur week-end de No\u00ebl apr\u00e8s la suppression de leurs trains en raison d&rsquo;une nouvelle gr\u00e8ve des contr\u00f4leurs, vertement critiqu\u00e9s par la SNCF et le gouvernement pour ne pas se satisfaire des 12% d&rsquo;augmentation de salaire accord\u00e9e en deux ans.<\/p>\n\n\n\n<p>Seulement deux trains sur trois rouleront ce week-end, selon l&rsquo;estimation globale de la SNCF. Les annulations concernent presque exclusivement des TGV. Vendredi, dans le d\u00e9tail, deux TGV sur trois devraient circuler sur les axes Atlantique et M\u00e9diterran\u00e9e, un train sur deux sur l&rsquo;axe Nord (la navette Paris-Lille est annonc\u00e9e quasiment normale) et trois TGV Est sur quatre. Les TGV entre gares de province seront plus touch\u00e9s. Trois Ouigo sur quatre devraient aussi circuler.<\/p>\n\n\n\n<p>Pour samedi et dimanche, il y aura un peu plus d&rsquo;annulations que vendredi, a averti la SNCF, sans encore avoir confirm\u00e9 les chiffres. Mais un tour sur sncf-connect.com montre des taux d&rsquo;annulation beaucoup plus \u00e9lev\u00e9s que vendredi, en particulier pour les gares secondaires: 10 des 20 TGV Paris-Rennes apparaissent supprim\u00e9s samedi (50%), ainsi que 13 des 22 TGV Paris-Bordeaux dimanche (59%), et huit des 11 TGV Paris-Angoul\u00eame dimanche (73%).<\/p>\n\n\n\n<p>Les Intercit\u00e9s sont cens\u00e9s rouler normalement, selon la SNCF, mais plusieurs ont \u00e9t\u00e9 supprim\u00e9s entre Paris et Clermont-Ferrand ou Limoges, par exemple.<\/p>\n\n\n\n<p>Les voyageurs dont le train a \u00e9t\u00e9 supprim\u00e9 pourront changer leur billet sans payer la diff\u00e9rence de prix, r\u00e9p\u00e8te la SNCF.<\/p>\n\n\n\n<p>Mais la plupart des trains maintenus sont d\u00e9j\u00e0 complets.<\/p>\n\n\n\n<p>\u00ab\u00a0Je comprends les revendications mais faire gr\u00e8ve pendant les f\u00eates&#8230; Pour les enfants, les familles, c&rsquo;est un peu difficile\u00a0\u00bb, l\u00e2che une voyageuse \u00ab\u00a0un petit peu \u00e9nerv\u00e9e\u00a0\u00bb, Isabelle Barrier, venue gare de Lyon se faire rembourser son billet pour Toulouse.<\/p>\n\n\n\n<p>A la place, elle voyagera vendredi, un jour plus t\u00f4t, en autocar&#8230; un trajet de huit heures.<\/p>\n\n\n\n<p>Devant la boutique gare de Lyon mercredi matin, certains ne dissimulaient pas leur agacement. \u00ab\u00a0Privil\u00e9gi\u00e9s\u00a0\u00bb, \u00ab\u00a0\u00e7a arrive tous les trois mois\u00a0\u00bb, s&rsquo;\u00e9nerve un homme qui se demande comment il rentrera chez lui avec femme et enfants&#8230;<\/p>\n\n\n\n<p>&#8211; Remboursement \u00e0 200% &#8211;<\/p>\n\n\n\n<p>L&rsquo;attitude des contr\u00f4leurs, qui ont lanc\u00e9 cette gr\u00e8ve en s&rsquo;organisant sur Facebook par-dessus les syndicats, agace passablement \u00e0 la direction de la SNCF, qui calcule que les hausses de salaires repr\u00e9sentent 12% en moyenne sur deux ans.<\/p>\n\n\n\n<p>L&rsquo;an dernier, une gr\u00e8ve avait aussi g\u00e2ch\u00e9 le premier week-end des d\u00e9parts en vacances de No\u00ebl, et la compagnie ferroviaire avait pour la premi\u00e8re fois d\u00e9cid\u00e9 de rembourser les voyageurs le double du montant de leur billet annul\u00e9.<\/p>\n\n\n\n<p>Le PDG de SNCF Voyageurs, Christophe Fanichet, a renouvel\u00e9 la mesure mercredi. Lui qui trouvait l&rsquo;an dernier \u00ab\u00a0scandaleux\u00a0\u00bb de faire gr\u00e8ve pour les vacances a redit que c&rsquo;\u00e9tait \u00ab\u00a0inacceptable\u00a0\u00bb.<\/p>\n\n\n\n<p>A gare de Lyon, plusieurs clients interrog\u00e9s mercredi n&rsquo;ont pas \u00e9t\u00e9 rembours\u00e9s \u00e0 200%, les agents disant que l&rsquo;informatique ne suivait pas encore.<\/p>\n\n\n\n<p>\u00ab\u00a0Ils ne sont pas au courant\u00a0\u00bb, s&rsquo;\u00e9tonne Wesley Pellegrinelli, apr\u00e8s avoir \u00e9t\u00e9 rembours\u00e9 \u00e0 100%.<\/p>\n\n\n\n<p>\u00ab\u00a0C&rsquo;est en train d&rsquo;\u00eatre mis en place\u00a0\u00bb, r\u00e9pond SNCF Voyageurs \u00e0 l&rsquo;AFP.<\/p>\n\n\n\n<p>&#8211; Syndicats en retrait &#8211;<\/p>\n\n\n\n<p>\u00ab\u00a0A No\u00ebl, on ne fait pas gr\u00e8ve\u00a0\u00bb, a aussi temp\u00eat\u00e9 le porte-parole du gouvernement Olivier V\u00e9ran.<\/p>\n\n\n\n<p>\u00ab\u00a0Je ne remets en cause \u00e9videmment ni le droit de gr\u00e8ve ni le droit de salari\u00e9s de manifester ou de se mobiliser mais franchement, est-ce que c&rsquo;est indispensable de le faire un week-end de No\u00ebl? La r\u00e9ponse est non\u00a0\u00bb, a estim\u00e9 le ministre sur France Inter.<\/p>\n\n\n\n<p>Les contr\u00f4leurs avaient d\u00e9j\u00e0 fait gr\u00e8ve le premier week-end de d\u00e9cembre. Depuis novembre, la SNCF peine \u00e0 nouer le dialogue avec le collectif organisateur du mouvement, qui r\u00e9clame une meilleure reconnaissance de la sp\u00e9cificit\u00e9 de leur m\u00e9tier et sont ind\u00e9pendants des syndicats, m\u00eame s&rsquo;ils ont d\u00fb s&rsquo;appuyer sur ces derniers pour d\u00e9poser des pr\u00e9avis.<\/p>\n\n\n\n<p>La direction a propos\u00e9 d&rsquo;augmenter la \u00ab\u00a0prime de travail\u00a0\u00bb des chefs de bord (le nom officiel des contr\u00f4leurs) de 600 euros par an, dont une partie serait int\u00e9gr\u00e9e \u00e0 leur salaire en 2024, ainsi qu&rsquo;une indemnit\u00e9 suppl\u00e9mentaire de 600 euros bruts par an.<\/p>\n\n\n\n<p>Des propositions jug\u00e9es suffisamment satisfaisantes pour que l&rsquo;Unsa-Ferroviaire retire son pr\u00e9avis et que la CGT-Cheminots et SUD-rail n&rsquo;appellent pas \u00e0 arr\u00eater le travail. Des centaines de contr\u00f4leurs en ont d\u00e9cid\u00e9 autrement.<\/p>\n","protected":false},"excerpt":{"rendered":"<p>La SNCF d\u00e9voile ses pr\u00e9visions pour ce week-end. Seuls deux trains sur cinq circuleront samedi et dimanche contre deux sur trois vendredi. La SNCF pr\u00e9cise qu&rsquo;un TGV sur deux devrait circuler sur les axes Nord et Atlantique et trois TGV sur cinq sur les axes Sud-Est et Est. Quant aux Ouigo, deux sur trois sont [&hellip;]<\/p>\n","protected":false},"author":2,"featured_media":23363,"comment_status":"open","ping_status":"open","sticky":false,"template":"","format":"standard","meta":{"_jetpack_memberships_contains_paid_content":false,"footnotes":"","jetpack_publicize_message":"","jetpack_publicize_feature_enabled":true,"jetpack_social_post_already_shared":true,"jetpack_social_options":{"image_generator_settings":{"template":"highway","default_image_id":0,"font":"","enabled":false},"version":2},"_wpas_customize_per_network":false},"categories":[405],"tags":[],"class_list":["post-23362","post","type-post","status-publish","format-standard","has-post-thumbnail","hentry","category-actu-france-monde"],"jetpack_publicize_connections":[],"jetpack_featured_media_url":"https:\/\/i0.wp.com\/www.iceagetv.com\/radiosite\/wp-content\/uploads\/2022\/12\/La-SNCF-annonce-que-2-TGV-sur-5-sont-annules.jpg?fit=679%2C293&ssl=1","jetpack_sharing_enabled":true,"_links":{"self":[{"href":"https:\/\/www.iceagetv.com\/radiosite\/wp-json\/wp\/v2\/posts\/23362","targetHints":{"allow":["GET"]}}],"collection":[{"href":"https:\/\/www.iceagetv.com\/radiosite\/wp-json\/wp\/v2\/posts"}],"about":[{"href":"https:\/\/www.iceagetv.com\/radiosite\/wp-json\/wp\/v2\/types\/post"}],"author":[{"embeddable":true,"href":"https:\/\/www.iceagetv.com\/radiosite\/wp-json\/wp\/v2\/users\/2"}],"replies":[{"embeddable":true,"href":"https:\/\/www.iceagetv.com\/radiosite\/wp-json\/wp\/v2\/comments?post=23362"}],"version-history":[{"count":1,"href":"https:\/\/www.iceagetv.com\/radiosite\/wp-json\/wp\/v2\/posts\/23362\/revisions"}],"predecessor-version":[{"id":23364,"href":"https:\/\/www.iceagetv.com\/radiosite\/wp-json\/wp\/v2\/posts\/23362\/revisions\/23364"}],"wp:featuredmedia":[{"embeddable":true,"href":"https:\/\/www.iceagetv.com\/radiosite\/wp-json\/wp\/v2\/media\/23363"}],"wp:attachment":[{"href":"https:\/\/www.iceagetv.com\/radiosite\/wp-json\/wp\/v2\/media?parent=23362"}],"wp:term":[{"taxonomy":"category","embeddable":true,"href":"https:\/\/www.iceagetv.com\/radiosite\/wp-json\/wp\/v2\/categories?post=23362"},{"taxonomy":"post_tag","embeddable":true,"href":"https:\/\/www.iceagetv.com\/radiosite\/wp-json\/wp\/v2\/tags?post=23362"}],"curies":[{"name":"wp","href":"https:\/\/api.w.org\/{rel}","templated":true}]}}