{"id":23419,"date":"2022-12-23T13:06:47","date_gmt":"2022-12-23T13:06:47","guid":{"rendered":"http:\/\/www.iceagetv.com\/radiosite\/?p=23419"},"modified":"2022-12-23T13:06:47","modified_gmt":"2022-12-23T13:06:47","slug":"fusillade-a-paris-3-morts-et-des-blesses-dont-2-en-urgence-absolue-un-homme-de-69-ans-retraite-sncf-a-ouvert-le-feu-dans-un-centre-kurde-10e-il-a-deja-attaque-des-migrants-a-2-reprises","status":"publish","type":"post","link":"https:\/\/www.iceagetv.com\/radiosite\/fusillade-a-paris-3-morts-et-des-blesses-dont-2-en-urgence-absolue-un-homme-de-69-ans-retraite-sncf-a-ouvert-le-feu-dans-un-centre-kurde-10e-il-a-deja-attaque-des-migrants-a-2-reprises\/","title":{"rendered":"Fusillade \u00e0 Paris: 3 morts et des bless\u00e9s dont 2 en urgence absolue &#8211; Un homme de 69 ans, retrait\u00e9 SNCF, a ouvert le feu dans un centre Kurde (10e) &#8211; Il a d\u00e9j\u00e0 attaqu\u00e9 des migrants \u00e0 2 reprises"},"content":{"rendered":"\n<p><strong>La procureure de Paris est sur place est annonce 3 d\u00e9c\u00e8s dont deux en urgence absolue et l&rsquo;ouverture d&rsquo;une enqu\u00eate. Elle confirme que l&rsquo;individu avait d\u00e9j\u00e0 attaqu\u00e9 \u00e0 deux reprises des migrants et il venait d&rsquo;\u00eatre remis en libert\u00e9. Il a \u00e9t\u00e9 bless\u00e9 au visage ce matin.<\/strong><\/p>\n\n\n\n<p><strong> Le rappel des faits &#8211;<\/strong>\u00a0Aux alentours de 11 heures, rue d&rsquo;Enghien, un homme a ouvert le feu, tuant au moins deux personnes, et faisant plusieurs bless\u00e9s. Laurent \u00e9tait non loin des lieux du drame et est encore sous le choc quand il raconte ce \u00e0 quoi il a assist\u00e9. \u00ab\u00a0J&rsquo;ai entendu plein de coups de feu. J&rsquo;ai vu une douille par terre. Puis j&rsquo;ai vu plusieurs bless\u00e9s. paris10<\/p>\n\n\n\n<p>Les policiers m&rsquo;ont dit qu&rsquo;il y en avait six. Il y avait un monsieur sur le c\u00f4t\u00e9, le torse en sang, je pense qu&rsquo;il ne s&rsquo;en est pas sorti malheureusement\u00a0\u00bb, confie-t-il \u00e0 TF1info.<\/p>\n\n\n\n<p>\u00ab\u00a0Sept \u00e0 huit coups de feu dans la rue, c&rsquo;est la panique totale, on est rest\u00e9s enferm\u00e9s \u00e0 l\u2019int\u00e9rieur\u00a0\u00bb, a t\u00e9moign\u00e9 aupr\u00e8s de l\u2019AFP une commer\u00e7ante d&rsquo;un immeuble voisin souhaitant garder l&rsquo;anonymat.<\/p>\n\n\n\n<p>Un homme qui se trouvait dans la rue au moment des faits assure lui au micro de LCI avoir vu le tireur pr\u00e9sum\u00e9 faire feu \u00ab\u00a0\u00e0 proximit\u00e9 du centre kurde\u00a0\u00bb, avant \u00ab\u00a0d&rsquo;\u00eatre arr\u00eat\u00e9\u00a0\u00bb. Les secours se sont imm\u00e9diatement rendus sur place pour prendre en charge les bless\u00e9s.<\/p>\n\n\n\n<p>Un p\u00e9rim\u00e8tre de s\u00e9curit\u00e9 a \u00e9t\u00e9 mis en place tandis que la pr\u00e9fecture de police demandait d&rsquo;\u00e9viter le secteur. Bilan provisoire : deux morts et quatre bless\u00e9s<\/p>\n\n\n\n<p>\u00ab\u00a0Le bilan provisoire fait \u00e9tat de deux personnes d\u00e9c\u00e9d\u00e9es, et quatre bless\u00e9s, dont deux en urgence absolue\u00a0\u00bb, a indiqu\u00e9 le parquet de Paris ce vendredi midi.<\/p>\n\n\n\n<p>Une enqu\u00eate a \u00e9t\u00e9 ouverte des chefs \u00ab\u00a0d&rsquo;assassinat\u00a0\u00bb, \u00ab\u00a0homicides volontaires\u00a0\u00bb et \u00ab\u00a0violences aggrav\u00e9es\u00a0\u00bb. Les investigations ont \u00e9t\u00e9 pour l&rsquo;heure confi\u00e9es au 2eme District de la police judiciaire et \u00e0 la Brigade criminelle\u00a0On en sait un peu plus sur le profil du tireur. Il s&rsquo;agit d&rsquo;un homme n\u00e9 en 1953, n\u00e9 \u00e0 Montreuil, en Seine-Saint-Denis.\u00a0<strong>L&rsquo;individu est de nationalit\u00e9 fran\u00e7aise et retrait\u00e9 de la SNCF, selon le Parisien. Il a \u00e9t\u00e9 bless\u00e9. Ses motivations demeurent inconnues \u00e0 ce stade. Selon BFM l&rsquo;homme s&rsquo;\u00e9tait d\u00e9j\u00e0 attaqu\u00e9 \u00e0 un camp de migrants il y a un an et avait \u00e9t\u00e9 plac\u00e9 sous contr\u00f4le judiciaire. Il s&rsquo;\u00e9tait attaqu\u00e9 \u00e0 des personnes avec un sabre.<\/strong><\/p>\n","protected":false},"excerpt":{"rendered":"<p>La procureure de Paris est sur place est annonce 3 d\u00e9c\u00e8s dont deux en urgence absolue et l&rsquo;ouverture d&rsquo;une enqu\u00eate. Elle confirme que l&rsquo;individu avait d\u00e9j\u00e0 attaqu\u00e9 \u00e0 deux reprises des migrants et il venait d&rsquo;\u00eatre remis en libert\u00e9. Il a \u00e9t\u00e9 bless\u00e9 au visage ce matin. Le rappel des faits &#8211;\u00a0Aux alentours de 11 [&hellip;]<\/p>\n","protected":false},"author":2,"featured_media":23420,"comment_status":"open","ping_status":"open","sticky":false,"template":"","format":"standard","meta":{"_jetpack_memberships_contains_paid_content":false,"footnotes":"","jetpack_publicize_message":"","jetpack_publicize_feature_enabled":true,"jetpack_social_post_already_shared":true,"jetpack_social_options":{"image_generator_settings":{"template":"highway","default_image_id":0,"font":"","enabled":false},"version":2},"_wpas_customize_per_network":false},"categories":[405],"tags":[],"class_list":["post-23419","post","type-post","status-publish","format-standard","has-post-thumbnail","hentry","category-actu-france-monde"],"jetpack_publicize_connections":[],"jetpack_featured_media_url":"https:\/\/i0.wp.com\/www.iceagetv.com\/radiosite\/wp-content\/uploads\/2022\/12\/IPinBn2Y.jpeg?fit=920%2C397&ssl=1","jetpack_sharing_enabled":true,"_links":{"self":[{"href":"https:\/\/www.iceagetv.com\/radiosite\/wp-json\/wp\/v2\/posts\/23419","targetHints":{"allow":["GET"]}}],"collection":[{"href":"https:\/\/www.iceagetv.com\/radiosite\/wp-json\/wp\/v2\/posts"}],"about":[{"href":"https:\/\/www.iceagetv.com\/radiosite\/wp-json\/wp\/v2\/types\/post"}],"author":[{"embeddable":true,"href":"https:\/\/www.iceagetv.com\/radiosite\/wp-json\/wp\/v2\/users\/2"}],"replies":[{"embeddable":true,"href":"https:\/\/www.iceagetv.com\/radiosite\/wp-json\/wp\/v2\/comments?post=23419"}],"version-history":[{"count":1,"href":"https:\/\/www.iceagetv.com\/radiosite\/wp-json\/wp\/v2\/posts\/23419\/revisions"}],"predecessor-version":[{"id":23421,"href":"https:\/\/www.iceagetv.com\/radiosite\/wp-json\/wp\/v2\/posts\/23419\/revisions\/23421"}],"wp:featuredmedia":[{"embeddable":true,"href":"https:\/\/www.iceagetv.com\/radiosite\/wp-json\/wp\/v2\/media\/23420"}],"wp:attachment":[{"href":"https:\/\/www.iceagetv.com\/radiosite\/wp-json\/wp\/v2\/media?parent=23419"}],"wp:term":[{"taxonomy":"category","embeddable":true,"href":"https:\/\/www.iceagetv.com\/radiosite\/wp-json\/wp\/v2\/categories?post=23419"},{"taxonomy":"post_tag","embeddable":true,"href":"https:\/\/www.iceagetv.com\/radiosite\/wp-json\/wp\/v2\/tags?post=23419"}],"curies":[{"name":"wp","href":"https:\/\/api.w.org\/{rel}","templated":true}]}}