{"id":23435,"date":"2022-12-24T09:08:25","date_gmt":"2022-12-24T09:08:25","guid":{"rendered":"http:\/\/www.iceagetv.com\/radiosite\/?p=23435"},"modified":"2022-12-24T09:08:25","modified_gmt":"2022-12-24T09:08:25","slug":"sapins-toxiques-pere-noel-invente-par-coca-baisse-des-prix-apres-le-25-decembre-on-a-verifie-7-idees-recues-sur-les-fetes","status":"publish","type":"post","link":"https:\/\/www.iceagetv.com\/radiosite\/sapins-toxiques-pere-noel-invente-par-coca-baisse-des-prix-apres-le-25-decembre-on-a-verifie-7-idees-recues-sur-les-fetes\/","title":{"rendered":"<strong>Sapins toxiques, p\u00e8re No\u00ebl invent\u00e9 par Coca, baisse des prix apr\u00e8s le 25 d\u00e9cembre&#8230; On a v\u00e9rifi\u00e9 7 id\u00e9es re\u00e7ues sur les f\u00eates<\/strong>"},"content":{"rendered":"\n<p>Pour ne pas vous faire avoir par de fausses informations entre l&rsquo;ap\u00e9ritif et la b\u00fbche, franceinfo a regard\u00e9 de pr\u00e8s quelques mythes.<\/p>\n\n\n\n<p>\u00ab\u00a0Joyeuses fake (news)\u00a0\u00bb de No\u00ebl ? Certaines affirmations autour des f\u00eates de fin d&rsquo;ann\u00e9e sont en r\u00e9alit\u00e9 des l\u00e9gendes urbaines. Ces mythes pourraient tr\u00e8s bien s&rsquo;inviter lors de discussions autour du sapin ou de la dinde. Franceinfo a men\u00e9 l&rsquo;enqu\u00eate sur sept id\u00e9es re\u00e7ues.<\/p>\n\n\n\n<h2 class=\"wp-block-heading\">1Le sapin artificiel est plus \u00e9cologique<\/h2>\n\n\n\n<p>A court terme, non. Le bilan carbone d&rsquo;un sapin artificiel est deux \u00e0 trois fois plus \u00e9lev\u00e9 que celui d&rsquo;un vrai arbre de No\u00ebl. Selon&nbsp;<a href=\"https:\/\/ellipsos.ca\/lca-christmas-tree-natural-vs-artificial\/\" target=\"_blank\" rel=\"noreferrer noopener\">une \u00e9tude&nbsp;<em>(en anglais)&nbsp;<\/em>men\u00e9e en 2009 par le cabinet qu\u00e9b\u00e9cois Ellipsos<\/a>, le sapin coup\u00e9 dans une for\u00eat \u00e9met 3,1 kg de CO2, contre 8,1 kg pour sa r\u00e9plique en plastique. Cette diff\u00e9rence s&rsquo;explique principalement par le transport. La quasi-int\u00e9gralit\u00e9 des sapins artificiels est fabriqu\u00e9e en Asie, tandis que la plupart de nos sapins naturels&nbsp;<a href=\"https:\/\/www.francetvinfo.fr\/decouverte\/noel\/noel-2022-quel-est-le-bon-moment-pour-acheter-son-sapin-et-toutes-ces-autres-questions-que-vous-vous-posez-sur-cette-tradition_5524614.html\" target=\"_blank\" rel=\"noreferrer noopener\">ont pouss\u00e9 en France<\/a>. De plus, contrairement aux versions synth\u00e9tiques, les v\u00e9ritables sapins peuvent \u00eatre tr\u00e8s facilement recycl\u00e9s, ce qui limite encore davantage leur impact environnemental. Surtout si vous avez opt\u00e9 pour un sapin naturel, cultiv\u00e9 pr\u00e8s de chez vous, achet\u00e9 avec son sac de recyclage.<\/p>\n\n\n\n<p>Mais si vous \u00eates d\u00e9j\u00e0 possesseur d&rsquo;un sapin synth\u00e9tique, ne le jetez pas tout de suite \u00e0 la poubelle ! Quand vous conservez votre sapin en plastique pendant au moins 20 ans, la tendance s&rsquo;inverse, selon Ellipsos. Utiliser un arbre artificiel devient alors une meilleure option pour limiter ses \u00e9missions de CO2.<\/p>\n\n\n\n<h2 class=\"wp-block-heading\">Le sapin de No\u00ebl est mauvais pour la sant\u00e9<\/h2>\n\n\n\n<p>Connaissez-vous le \u00ab\u00a0Christmas Tree Syndrome\u00a0\u00bb, ou syndrome du sapin de No\u00ebl ?&nbsp;Le roi des for\u00eats vient parfois avec son lot de petits d\u00e9sagr\u00e9ments : nez qui coule, \u00e9ruption cutan\u00e9e, asthme.&nbsp;Les sapins naturels sont souvent coup\u00e9s, transport\u00e9s et stock\u00e9s durant plusieurs semaines avant de rejoindre nos salons.&nbsp;Durant ce laps de temps, il est possible qu&rsquo;ils d\u00e9veloppent quelques moisissures.&nbsp;Une fois \u00e0 l&rsquo;int\u00e9rieur, celles-ci peuvent causer une r\u00e9action allergique aux personnes sensibles.<\/p>\n\n\n\n<p>Plus rarement, les sapins peuvent avoir \u00e9t\u00e9 en contact avec du pollen, ce qui peut aussi d\u00e9clencher des r\u00e9actions.&nbsp;Pour les personnes sujettes aux allergies respiratoires, il est conseill\u00e9 de nettoyer son sapin avant de l&rsquo;installer, et de le jeter rapidement apr\u00e8s No\u00ebl pour \u00e9viter la prolif\u00e9ration des spores.<\/p>\n\n\n\n<p>Quant au sapin artificiel en plastique, souvent en PVC (polychlorure de vinyle), plusieurs \u00e9tudes mettent en garde contre un potentiel risque d&rsquo;exposition au plomb.&nbsp;<em>\u00ab\u00a0Si la plupart des sapins de No\u00ebl artificiels ne pr\u00e9sentent pas un risque d&rsquo;exposition significatif, dans les pires sc\u00e9narios, un risque substantiel pour la sant\u00e9 des jeunes enfants est tout \u00e0 fait possible\u00a0\u00bb<\/em>, conclut&nbsp;<a rel=\"noreferrer noopener\" href=\"https:\/\/www.researchgate.net\/publication\/8103151_Artificial_Christmas_trees_How_real_are_the_lead_exposure_risks\" target=\"_blank\">une \u00e9tude am\u00e9ricaine publi\u00e9e dans la revue scientifique&nbsp;<em>Journal of Environmental Health<\/em>&nbsp;<em>(contenu en anglais),&nbsp;<\/em>en 2005&nbsp;<\/a>.&nbsp;Cette pollution n&rsquo;est cependant pas plus importante que pour n&rsquo;importe quel autre objet en plastique pr\u00e9sent dans un logement.<\/p>\n\n\n\n<h2 class=\"wp-block-heading\">Le 25 d\u00e9cembre est le jour de l&rsquo;ann\u00e9e qui affiche le pire bilan carbone<\/h2>\n\n\n\n<p>Il s&rsquo;av\u00e8re difficile d&rsquo;isoler la pollution engendr\u00e9e lors d&rsquo;une unique journ\u00e9e.&nbsp;<a rel=\"noreferrer noopener\" href=\"https:\/\/www.researchgate.net\/publication\/263969440_The_Carbon_Cost_of_Christmas\" target=\"_blank\">Une \u00e9tude de 2007&nbsp;<em>(en anglais)<\/em>&nbsp;men\u00e9e par le Stockholm Environment Institut (SEI)&nbsp;<\/a>estime que les 24, 25 et 26 d\u00e9cembre repr\u00e9sentent 5,5% de l&#8217;empreinte carbone annuelle au Royaume-Uni.&nbsp;Selon les chercheurs, la consommation totale pendant ces trois jours entra\u00eenerait jusqu&rsquo;\u00e0 650 kg de CO2 par personne :&nbsp;26 kg pour la nourriture, 96 kg pour les transports, 218 kg dans les \u00e9clairages et 310 kg en cadeaux.&nbsp;Ce bilan carbone est attribuable \u00e0 une surconsommation g\u00e9n\u00e9ralis\u00e9e, mais \u00e9galement \u00e0 un fort g\u00e2chis.&nbsp;Les nombreux cadeaux non d\u00e9sir\u00e9s re\u00e7us le jour de No\u00ebl repr\u00e9sentent \u00e0 eux seuls 4,8 millions de tonnes de CO2 au Royaume-Uni.<\/p>\n\n\n\n<h2 class=\"wp-block-heading\">Les prix baissent juste apr\u00e8s No\u00ebl<\/h2>\n\n\n\n<p>C&rsquo;est la hantise de certains : faire de mauvaises affaires \u00e0 cause des f\u00eates. Pour se plier au rituel des cadeaux, ach\u00e8te-t-on au prix fort des produits qui seront moins chers d\u00e8s le lendemain de No\u00ebl&nbsp;&nbsp;?&nbsp;<\/p>\n\n\n\n<p>C&rsquo;\u00e9tait le cas en 2019, selon une&nbsp;<a href=\"https:\/\/www.idealo.fr\/mag\/e-commerce\/evolution-des-prix-apres-noel\" target=\"_blank\" rel=\"noreferrer noopener\">\u00e9tude du site de comparateur de prix Idealo<\/a>. Le ph\u00e9nom\u00e8ne est d\u00e9sormais moins marqu\u00e9, du fait de l&rsquo;inflation, mais aussi&nbsp;<em>\u00ab\u00a0des probl\u00e8mes d&rsquo;approvisionnement et de la p\u00e9nurie de semi-conducteurs r\u00e9sultant de la pand\u00e9mie du coronavirus. Cela se remarque surtout pour les produits d&rsquo;informatique (tablettes tactiles, moniteurs) et l&rsquo;\u00e9lectrom\u00e9nager (r\u00e9frig\u00e9rateurs, lave-vaisselle) concern\u00e9s par ces p\u00e9nuries\u00a0\u00bb<\/em>&nbsp;<em>,&nbsp;<\/em>explique \u00e0 franceinfo Anna Perret-Silberberg, responsable communication chez Idealo.<\/p>\n\n\n\n<p>Pour No\u00ebl 2021, les prix sont en effet rest\u00e9s&nbsp;<em>\u00ab\u00a0assez stables\u00a0\u00bb<\/em>&nbsp;entre la mi-d\u00e9cembre et le d\u00e9but des soldes, m\u00eame si une tendance \u00e0 la baisse a \u00e9t\u00e9 observ\u00e9e&nbsp;<em>\u00ab\u00a0d\u00e9but janvier\u00a0\u00bb&nbsp;<\/em>analyse&nbsp;<em><\/em>Anna Perret-Silberberg. Franceinfo a pu constater cette relative stabilit\u00e9 des prix dans une autre \u00e9tude sur la question men\u00e9e par le site Le D\u00e9nicheur. Le comparateur de prix a analys\u00e9 plusieurs milliers de produits propos\u00e9s \u00e0 la vente en ligne, dans les secteurs de l&rsquo;\u00e9lectrom\u00e9nager, la mode (chaussures) et la technologie (informatique, t\u00e9l\u00e9phonie, image et son\u2026 ). Le p\u00e9rim\u00e8tre de l&rsquo;\u00e9tude porte sur un panel fig\u00e9 de produits entre novembre 2021 et janvier 2022, excluant donc les nouveaut\u00e9s qui sont mises \u00e0 la vente dans l&rsquo;intervalle.<\/p>\n\n\n\n<p>Dans les jours pr\u00e9c\u00e9dant et suivant No\u00ebl,&nbsp;<em>\u00ab\u00a0on a observ\u00e9 d&rsquo;abord une premi\u00e8re chute des prix \u00e0 la fin novembre qui correspond au Black Friday\u00a0\u00bb<\/em>, analyse Romain Gavache, directeur du D\u00e9nicheur.&nbsp;<em>\u00ab\u00a0L&rsquo;index global des prix est remont\u00e9 ensuite rapidement courant d\u00e9cembre, tout en restant \u00e0 un niveau inf\u00e9rieur aux prix d&rsquo;avant le Black Friday\u00a0\u00bb<\/em>. Apr\u00e8s No\u00ebl, les prix ont fluctu\u00e9, \u00e0 la baisse comme \u00e0 la hausse, mais&nbsp;<em>\u00ab\u00a0sont rest\u00e9s dans la m\u00eame zone\u00a0\u00bb&nbsp;<\/em>que la p\u00e9riode pr\u00e9c\u00e9dente, et ce, jusqu&rsquo;aux soldes d&rsquo;hiver, vers le 12 janvier.<\/p>\n\n\n\n<h2 class=\"wp-block-heading\">Le p\u00e8re No\u00ebl a \u00e9t\u00e9 invent\u00e9 par Coca Cola&nbsp;<\/h2>\n\n\n\n<p>Avec son costume rouge et blanc, soit les m\u00eames couleurs que celles de la marque, et les campagnes publicitaires qui le mettent en avant depuis les ann\u00e9es 1930, le&nbsp;<a href=\"https:\/\/www.francetvinfo.fr\/decouverte\/noel\/les-enfants-vont-pouvoir-ecrire-au-pere-noel-qui-ouvre-sa-boite-aux-lettres-jusqu-au-20-decembre_5477049.html\">p\u00e8re No\u00ebl&nbsp;<\/a>semble \u00eatre une cr\u00e9ation tout droit sortie du d\u00e9partement marketing de Coca Cola. Mais cette id\u00e9e est erron\u00e9e, explique Nadine Cretin, historienne des f\u00eates et des traditions. La marque a eu seulement&nbsp;<em>\u00ab\u00a0le m\u00e9rite de fixer son image dans l&rsquo;imaginaire mondial\u00a0\u00bb<\/em>, pr\u00e9cise la sp\u00e9cialiste \u00e0 franceinfo.<\/p>\n\n\n\n<p>Les origines du p\u00e8re No\u00ebl, bien plus anciennes, sont li\u00e9es \u00e0&nbsp;<a href=\"https:\/\/www.francetvinfo.fr\/culture\/patrimoine\/histoire\/saint-nicolas-quelle-est-l-histoire-du-saint-patron-de-la-lorraine_3734839.html\">saint Nicolas<\/a>&nbsp;. L&rsquo;\u00e9v\u00eaque a v\u00e9cu \u00e0 Myre en Asie Mineure entre le IIIe et IVe si\u00e8cle. Au Moyen-Age, ses reliques sont rapport\u00e9es en Italie puis en Lorraine. Le culte autour de saint Nicolas recouvre alors certains \u00e9l\u00e9ments de la mythologie germanique comme&nbsp;<em>\u00ab\u00a0la capacit\u00e9 de voler dans les airs sur un cheval\u00a0\u00bb&nbsp;<\/em>, inspir\u00e9e des pouvoirs du dieu Odin,&nbsp;<em><\/em>d\u00e9taille Nadine Cretin&nbsp;. Saint Nicolas incarne alors un personnage synonyme de&nbsp;<em>\u00ab\u00a0pourvoyeur de g\u00e9n\u00e9rosit\u00e9, qui distribue des g\u00e2teaux, le jour de sa f\u00eate\u00a0\u00bb&nbsp;<\/em>.<\/p>\n\n\n\n<p>Mais c&rsquo;est outre-Atlantique que saint Nicolas se transforme en p\u00e8re No\u00ebl, souligne Nadine Cretin. Son culte d\u00e9barque en Am\u00e9rique du Nord au XVIIe si\u00e8cle gr\u00e2ce aux premiers colons europ\u00e9ens. Puis l&rsquo;homme perd ses&nbsp;<em>\u00ab\u00a0attributs d&rsquo;\u00e9v\u00eaque\u00a0\u00bb&nbsp;<\/em>, lorsqu&rsquo;en 1822, un pasteur am\u00e9ricain \u00e9crit pour ses enfants un po\u00e8me \u00e9voquant&nbsp;\u00ab\u00a0Saint Nick\u00a0\u00bb&nbsp;. Clement Clarke Moore imagine des&nbsp;<em>\u00ab\u00a0lutins ou l&rsquo;arriv\u00e9e en tra\u00eeneau avec les rennes\u00a0\u00bb&nbsp;<\/em>, d\u00e9crit l&rsquo;historienne. Dans les ann\u00e9es 1860, Thomas Nast, un illustrateur am\u00e9ricain n\u00e9 en Allemagne, donne au p\u00e8re No\u00ebl l&rsquo;allure d&rsquo;un vieillard bedonnant. Il \u00e9tablit sa r\u00e9sidence au p\u00f4le Nord. Enfin, en 1931, pour Coca Cola, l&rsquo;illustrateur am\u00e9ricain Haddon Sundblom fige l&rsquo;image traditionnelle de&nbsp;<em>\u00ab\u00a0Santa Claus\u00a0\u00bb<\/em>&nbsp;en l&rsquo;affublant de son embl\u00e9matique costume.&nbsp;<\/p>\n\n\n\n<h2 class=\"wp-block-heading\">J\u00e9sus est n\u00e9 le 25 d\u00e9cembre<\/h2>\n\n\n\n<p>Pour les catholiques, le 25 d\u00e9cembre constitue une des dates les plus importantes du calendrier liturgique, celle de la naissance du Christ. Historiquement pourtant, rien n&rsquo;indique que J\u00e9sus soit n\u00e9 ce jour-l\u00e0.&nbsp;<em>\u00ab\u00a0Il s&rsquo;agit d&rsquo;une date fix\u00e9e de mani\u00e8re arbitraire et mentionn\u00e9e pour la premi\u00e8re fois par l&rsquo;Eglise latine en 354\u00a0\u00bb,&nbsp;<\/em>pr\u00e9cise Nadine Cretin.<\/p>\n\n\n\n<p>Selon le site de l&rsquo;\u00e9mission&nbsp;<a href=\"https:\/\/www.lejourduseigneur.com\/fetes-chretiennes\/pourquoi-fete-t-ton-noel-le-25-decembre\">\u00ab\u00a0Le Jour du Seigneur\u00a0\u00bb<\/a>, dans l&rsquo;histoire de la chr\u00e9tient\u00e9, la naissance de J\u00e9sus a \u00e9t\u00e9 associ\u00e9e \u00e0 d&rsquo;autres dates, comme le 25 mars, jour de l&rsquo;\u00e9quinoxe du printemps, qui symbolisait durant l&rsquo;Antiquit\u00e9 la&nbsp;<em>\u00ab\u00a0renaissance de la terre\u00a0\u00bb<\/em>, ou le 6 janvier qui correspond \u00e0&nbsp;<a href=\"https:\/\/www.francetvinfo.fr\/replay-radio\/transportez-moi\/epiphanie-les-rois-mages-ont-ils-ete-guides-par-letoile-du-berger_4883355.html\">l&rsquo;Epiphanie&nbsp;<\/a>. Par ailleurs, chez les&nbsp;<a href=\"https:\/\/www.francetvinfo.fr\/france\/la-messe-de-minuit-du-noel-orthodoxe-s-est-deroulee-jeudi-soir-sous-haute-securite-a-l-eglise-copte-de-chatenay-malabry_233803.html\">chr\u00e9tiens orthodoxes&nbsp;<\/a>, No\u00ebl est f\u00eat\u00e9 le 7 janvier, ce qui correspond au 25 d\u00e9cembre dans le calendrier julien.<\/p>\n\n\n\n<p>Pour les catholiques, le choix du 25 d\u00e9cembre, selon Nadine Cretin, a semble-t-il \u00e9t\u00e9 d\u00e9cid\u00e9 pour substituer la date de la comm\u00e9moration de la naissance du Christ \u00e0 celles d&rsquo;autres f\u00eates pa\u00efennes associ\u00e9es au solstice d&rsquo;hiver, comme\u00a0<em>\u00ab\u00a0la f\u00eate du Sol invictus (Soleil invaincu), li\u00e9e au dieu Mithra, une divinit\u00e9 d&rsquo;Orient ou les Saturnales\u00a0\u00bb<\/em>, explique l&rsquo;historienne. A l&rsquo;occasion de ces festivit\u00e9s organis\u00e9es en l&rsquo;honneur du dieu Saturne, les Romains se r\u00e9unissaient pour un repas et, comme de nos jours \u00e0 No\u00ebl, il \u00e9tait d&rsquo;usage d&rsquo;\u00e9changer des cadeaux entre convives.<\/p>\n\n\n\n<h2 class=\"wp-block-heading\">Les f\u00eates de No\u00ebl sont marqu\u00e9es par un nombre plus important de suicides<\/h2>\n\n\n\n<p>Le temps des f\u00eates peut engendrer un sentiment de solitude exacerb\u00e9 chez certains. Pour autant, il n&rsquo;y a pas davantage de suicides lors du r\u00e9veillon et du 25 d\u00e9cembre. La p\u00e9riode la plus \u00e0 risque se situe en r\u00e9alit\u00e9 apr\u00e8s No\u00ebl,&nbsp;<a href=\"https:\/\/pubmed.ncbi.nlm.nih.gov\/10408262\/\" target=\"_blank\" rel=\"noreferrer noopener\">selon une \u00e9tude conduite par l&rsquo;OMS entre 1989 et 1996<\/a>. En analysant une base de donn\u00e9es de 24 388 tentatives de suicide, les auteurs de l&rsquo;\u00e9tude publi\u00e9e en 1999 concluent qu&rsquo;il y a&nbsp;<em>\u00ab\u00a0moins de tentatives de suicide que pr\u00e9vu avant No\u00ebl\u00a0\u00bb<\/em>&nbsp;et observent&nbsp;<em>\u00ab\u00a0environ 40% de tentatives de plus que pr\u00e9vu apr\u00e8s No\u00ebl\u00a0\u00bb<\/em>. Ce ph\u00e9nom\u00e8ne serait li\u00e9 \u00e0 une d\u00e9sillusion au sortir des f\u00eates de fin d&rsquo;ann\u00e9e, un&nbsp;<em>\u00ab\u00a0effet de promesse non tenue\u00a0\u00bb<\/em>.<\/p>\n\n\n\n<p>Bien que d\u00e9montr\u00e9 comme faux par de nombreuses \u00e9tudes, cette id\u00e9e re\u00e7ue continue d&rsquo;\u00eatre v\u00e9hicul\u00e9e dans les m\u00e9dias.&nbsp;<a href=\"https:\/\/www.asc.upenn.edu\/news-events\/news\/undying-holiday-suicide-myth\" target=\"_blank\" rel=\"noreferrer noopener\">Une analyse conduite derni\u00e8rement \u00e0 l&rsquo;Universit\u00e9 de Pennsylvanie<\/a>&nbsp;<em>(contenu en anglais)<\/em>&nbsp;le d\u00e9montre. Les donn\u00e9es des autorit\u00e9s sanitaires am\u00e9ricaines en 2021 soulignent pourtant que le nombre de suicides a atteint un pic en ao\u00fbt avant d&rsquo;atteindre son niveau le plus bas&#8230; en d\u00e9cembre.<\/p>\n","protected":false},"excerpt":{"rendered":"<p>Pour ne pas vous faire avoir par de fausses informations entre l&rsquo;ap\u00e9ritif et la b\u00fbche, franceinfo a regard\u00e9 de pr\u00e8s quelques mythes. \u00ab\u00a0Joyeuses fake (news)\u00a0\u00bb de No\u00ebl ? Certaines affirmations autour des f\u00eates de fin d&rsquo;ann\u00e9e sont en r\u00e9alit\u00e9 des l\u00e9gendes urbaines. Ces mythes pourraient tr\u00e8s bien s&rsquo;inviter lors de discussions autour du sapin ou [&hellip;]<\/p>\n","protected":false},"author":2,"featured_media":23436,"comment_status":"open","ping_status":"open","sticky":false,"template":"","format":"standard","meta":{"_jetpack_memberships_contains_paid_content":false,"footnotes":"","jetpack_publicize_message":"","jetpack_publicize_feature_enabled":true,"jetpack_social_post_already_shared":true,"jetpack_social_options":{"image_generator_settings":{"template":"highway","default_image_id":0,"font":"","enabled":false},"version":2},"_wpas_customize_per_network":false},"categories":[405],"tags":[],"class_list":["post-23435","post","type-post","status-publish","format-standard","has-post-thumbnail","hentry","category-actu-france-monde"],"jetpack_publicize_connections":[],"jetpack_featured_media_url":"https:\/\/i0.wp.com\/www.iceagetv.com\/radiosite\/wp-content\/uploads\/2022\/12\/phpm8QxMT.webp?fit=944%2C531&ssl=1","jetpack_sharing_enabled":true,"_links":{"self":[{"href":"https:\/\/www.iceagetv.com\/radiosite\/wp-json\/wp\/v2\/posts\/23435","targetHints":{"allow":["GET"]}}],"collection":[{"href":"https:\/\/www.iceagetv.com\/radiosite\/wp-json\/wp\/v2\/posts"}],"about":[{"href":"https:\/\/www.iceagetv.com\/radiosite\/wp-json\/wp\/v2\/types\/post"}],"author":[{"embeddable":true,"href":"https:\/\/www.iceagetv.com\/radiosite\/wp-json\/wp\/v2\/users\/2"}],"replies":[{"embeddable":true,"href":"https:\/\/www.iceagetv.com\/radiosite\/wp-json\/wp\/v2\/comments?post=23435"}],"version-history":[{"count":1,"href":"https:\/\/www.iceagetv.com\/radiosite\/wp-json\/wp\/v2\/posts\/23435\/revisions"}],"predecessor-version":[{"id":23437,"href":"https:\/\/www.iceagetv.com\/radiosite\/wp-json\/wp\/v2\/posts\/23435\/revisions\/23437"}],"wp:featuredmedia":[{"embeddable":true,"href":"https:\/\/www.iceagetv.com\/radiosite\/wp-json\/wp\/v2\/media\/23436"}],"wp:attachment":[{"href":"https:\/\/www.iceagetv.com\/radiosite\/wp-json\/wp\/v2\/media?parent=23435"}],"wp:term":[{"taxonomy":"category","embeddable":true,"href":"https:\/\/www.iceagetv.com\/radiosite\/wp-json\/wp\/v2\/categories?post=23435"},{"taxonomy":"post_tag","embeddable":true,"href":"https:\/\/www.iceagetv.com\/radiosite\/wp-json\/wp\/v2\/tags?post=23435"}],"curies":[{"name":"wp","href":"https:\/\/api.w.org\/{rel}","templated":true}]}}