{"id":23443,"date":"2022-12-27T16:00:04","date_gmt":"2022-12-27T16:00:04","guid":{"rendered":"https:\/\/www.iceagetv.com\/radiosite\/?p=23443"},"modified":"2022-12-27T16:00:07","modified_gmt":"2022-12-27T16:00:07","slug":"menton-un-clandestin-ivoirien-de-20-ans-tres-violent-sen-prend-a-des-policiers-avec-un-cutter-a-la-frontiere-avec-litalie-il-a-ete-neutralise-grace-a-un-pistolet-a-impulsion-electrique","status":"publish","type":"post","link":"https:\/\/www.iceagetv.com\/radiosite\/menton-un-clandestin-ivoirien-de-20-ans-tres-violent-sen-prend-a-des-policiers-avec-un-cutter-a-la-frontiere-avec-litalie-il-a-ete-neutralise-grace-a-un-pistolet-a-impulsion-electrique\/","title":{"rendered":"Menton : Un clandestin ivoirien de 20 ans \u00ab\u00a0tr\u00e8s violent\u00a0\u00bb s&rsquo;en prend \u00e0 des policiers avec un cutter \u00e0 la fronti\u00e8re avec l&rsquo;Italie &#8211; Il a \u00e9t\u00e9 neutralis\u00e9 gr\u00e2ce \u00e0 un pistolet \u00e0 impulsion \u00e9lectrique"},"content":{"rendered":"\n<p>Ce matin, un homme a \u00e9t\u00e9 interpell\u00e9 pr\u00e8s de Menton dans les Alpes-Maritimes, a annonc\u00e9 G\u00e9rald Darmanin sur Twitter. Selon le ministre de l\u2019Int\u00e9rieur, l\u2019individu \u00abtr\u00e8s violent\u00bb tentait de franchir ill\u00e9galement la fronti\u00e8re franco-italienne.<\/p>\n\n\n\n<p>D&rsquo;apr\u00e8s une source polici\u00e8re \u00e0 CNEWS, le mis en cause, un clandestin ivoirien de 20 ans, s\u2019en est pris aux policiers avec un cutter. Le jeune migrant a \u00e9t\u00e9 interpell\u00e9 gr\u00e2ce \u00e0 l&rsquo;utilisation d&rsquo;un pistolet \u00e0 impulsion \u00e9lectrique.<\/p>\n\n\n\n<p>Selon BFM Nice C\u00f4te d&rsquo;Azur, les faits sont partis du contr\u00f4le de six individus sans papiers \u00e0 la gare de Menton-Garavan. Alors qu&rsquo;ils sont reconduits en Italie dans le secteur du poste Saint-Louis, l&rsquo;un d&rsquo;entre eux d\u00e9cide de se faire mal et d&rsquo;entrer en France.<\/p>\n\n\n\n<p>\u00abBravo aux policiers qui l&rsquo;ont neutralis\u00e9 avec sang-froid et professionnalisme (&#8230;) Plac\u00e9 en garde \u00e0 vue, il sera expuls\u00e9 \u00e0 l\u2019issue de son traitement judiciaire\u00bb, a assur\u00e9 le ministre de l&rsquo;Int\u00e9rieur.<\/p>\n","protected":false},"excerpt":{"rendered":"<p>Ce matin, un homme a \u00e9t\u00e9 interpell\u00e9 pr\u00e8s de Menton dans les Alpes-Maritimes, a annonc\u00e9 G\u00e9rald Darmanin sur Twitter. Selon le ministre de l\u2019Int\u00e9rieur, l\u2019individu \u00abtr\u00e8s violent\u00bb tentait de franchir ill\u00e9galement la fronti\u00e8re franco-italienne. D&rsquo;apr\u00e8s une source polici\u00e8re \u00e0 CNEWS, le mis en cause, un clandestin ivoirien de 20 ans, s\u2019en est pris aux policiers [&hellip;]<\/p>\n","protected":false},"author":2,"featured_media":23444,"comment_status":"open","ping_status":"open","sticky":false,"template":"","format":"standard","meta":{"_jetpack_memberships_contains_paid_content":false,"footnotes":"","jetpack_publicize_message":"","jetpack_publicize_feature_enabled":true,"jetpack_social_post_already_shared":true,"jetpack_social_options":{"image_generator_settings":{"template":"highway","default_image_id":0,"font":"","enabled":false},"version":2},"_wpas_customize_per_network":false},"categories":[405],"tags":[],"class_list":["post-23443","post","type-post","status-publish","format-standard","has-post-thumbnail","hentry","category-actu-france-monde"],"jetpack_publicize_connections":[],"jetpack_featured_media_url":"https:\/\/i0.wp.com\/www.iceagetv.com\/radiosite\/wp-content\/uploads\/2022\/12\/Menton.jpg?fit=500%2C337&ssl=1","jetpack_sharing_enabled":true,"_links":{"self":[{"href":"https:\/\/www.iceagetv.com\/radiosite\/wp-json\/wp\/v2\/posts\/23443","targetHints":{"allow":["GET"]}}],"collection":[{"href":"https:\/\/www.iceagetv.com\/radiosite\/wp-json\/wp\/v2\/posts"}],"about":[{"href":"https:\/\/www.iceagetv.com\/radiosite\/wp-json\/wp\/v2\/types\/post"}],"author":[{"embeddable":true,"href":"https:\/\/www.iceagetv.com\/radiosite\/wp-json\/wp\/v2\/users\/2"}],"replies":[{"embeddable":true,"href":"https:\/\/www.iceagetv.com\/radiosite\/wp-json\/wp\/v2\/comments?post=23443"}],"version-history":[{"count":1,"href":"https:\/\/www.iceagetv.com\/radiosite\/wp-json\/wp\/v2\/posts\/23443\/revisions"}],"predecessor-version":[{"id":23445,"href":"https:\/\/www.iceagetv.com\/radiosite\/wp-json\/wp\/v2\/posts\/23443\/revisions\/23445"}],"wp:featuredmedia":[{"embeddable":true,"href":"https:\/\/www.iceagetv.com\/radiosite\/wp-json\/wp\/v2\/media\/23444"}],"wp:attachment":[{"href":"https:\/\/www.iceagetv.com\/radiosite\/wp-json\/wp\/v2\/media?parent=23443"}],"wp:term":[{"taxonomy":"category","embeddable":true,"href":"https:\/\/www.iceagetv.com\/radiosite\/wp-json\/wp\/v2\/categories?post=23443"},{"taxonomy":"post_tag","embeddable":true,"href":"https:\/\/www.iceagetv.com\/radiosite\/wp-json\/wp\/v2\/tags?post=23443"}],"curies":[{"name":"wp","href":"https:\/\/api.w.org\/{rel}","templated":true}]}}