{"id":23446,"date":"2022-12-27T16:23:46","date_gmt":"2022-12-27T16:23:46","guid":{"rendered":"https:\/\/www.iceagetv.com\/radiosite\/?p=23446"},"modified":"2022-12-27T16:25:03","modified_gmt":"2022-12-27T16:25:03","slug":"mort-daymen-a-montpellier-le-conducteur-soupconne-de-lavoir-renverse-apres-france-maroc-interpelle-a-proximite-de-perpignan-la-famille-de-ladolescent-a-exprime-son-soulagement","status":"publish","type":"post","link":"https:\/\/www.iceagetv.com\/radiosite\/mort-daymen-a-montpellier-le-conducteur-soupconne-de-lavoir-renverse-apres-france-maroc-interpelle-a-proximite-de-perpignan-la-famille-de-ladolescent-a-exprime-son-soulagement\/","title":{"rendered":"Mort d&rsquo;Aymen \u00e0 Montpellier: Le conducteur soup\u00e7onn\u00e9 de l&rsquo;avoir renvers\u00e9 apr\u00e8s France\/Maroc interpell\u00e9 \u00e0 proximit\u00e9 de Perpignan &#8211; La famille de l&rsquo;adolescent a exprim\u00e9 son \u00ab\u00a0soulagement\u00a0\u00bb"},"content":{"rendered":"\n<p><strong>&nbsp;La famille de l&rsquo;adolescent de 14 ans fauch\u00e9 \u00e0 Montpellier a exprim\u00e9 son \u00ab\u00a0soulagement\u00a0\u00bb apr\u00e8s que le conducteur soup\u00e7onn\u00e9 de l&rsquo;avoir percut\u00e9 mortellement lors des c\u00e9l\u00e9brations en marge du Mondial de football a \u00e9t\u00e9 interpell\u00e9<\/strong>&nbsp;mardi, pr\u00e8s de Perpignan, \u00e0 l&rsquo;issue d&rsquo;une cavale d&rsquo;une douzaine de jours. \u00ab\u00a0Le mis en cause a \u00e9t\u00e9 interpell\u00e9 ce matin t\u00f4t \u00e0 proximit\u00e9 de Perpignan par les enqu\u00eateurs de la Direction territoriale de la police judiciaire de Montpellier en ex\u00e9cution d\u2019un mandat d\u2019arr\u00eat d\u00e9livr\u00e9 par un juge d\u2019instruction\u00a0\u00bb, a indiqu\u00e9 \u00e0 l&rsquo;AFP le procureur de la R\u00e9publique, Fabrice B\u00e9largent, confirmant une information de la t\u00e9l\u00e9vision France 3 Occitanie.<\/p>\n\n\n\n<p>D&rsquo;apr\u00e8s France 3 Occitanie, l&rsquo;homme serait \u00e2g\u00e9 de 20 ans et serait revenu d&rsquo;Espagne dans la nuit. Il sera pr\u00e9sent\u00e9 mardi dans la journ\u00e9e au magistrat instructeur en vue de sa probable mise en examen dans le cadre d&rsquo;une enqu\u00eate ouverte pour \u00ab\u00a0coups mortels aggrav\u00e9s en l&rsquo;esp\u00e8ce avec arme\u00a0\u00bb (le v\u00e9hicule).<\/p>\n\n\n\n<p>Pour la famille, \u00ab\u00a0c&rsquo;est un grand soulagement parce que nous savons maintenant qu&rsquo;il est arr\u00eat\u00e9 et que justice sera faite, qu&rsquo;il sera puni, qu&rsquo;il \u00e9copera, je l&rsquo;esp\u00e8re, d&rsquo;une peine \u00e0 la hauteur de ce qu&rsquo;il a commis\u00a0\u00bb, a r\u00e9agi aupr\u00e8s de l&rsquo;AFP Sa\u00efd, le fr\u00e8re d&rsquo;Aymen, d\u00e9c\u00e9d\u00e9 \u00e0 14 ans.<\/p>\n\n\n\n<p><strong>Le point sur ce que l&rsquo;on sait ce matin<\/strong><\/p>\n\n\n\n<p>L\u2019homme suspect\u00e9 d\u2019avoir fauch\u00e9 mortellement un adolescent \u00e0 Montpellier mi-d\u00e9cembre lors des c\u00e9l\u00e9brations de la demi-finale du Mondial entre la France et le Maroc, a \u00e9t\u00e9 interpell\u00e9 mardi pr\u00e8s de Perpignan, a annonc\u00e9 le parquet de Montpellier.<\/p>\n\n\n\n<p>\u00ab Le mis en cause a \u00e9t\u00e9 interpell\u00e9 ce matin t\u00f4t \u00e0 proximit\u00e9 de Perpignan par les enqu\u00eateurs de la Direction territoriale de la police judiciaire de Montpellier en ex\u00e9cution d\u2019un mandat d\u2019arr\u00eat d\u00e9livr\u00e9 par un juge d\u2019instruction \u00bb, a indiqu\u00e9 \u00e0 l\u2019AFP le procureur de la R\u00e9publique, Fabrice B\u00e9largent, confirmant une information de France 3 Occitanie.<\/p>\n\n\n\n<p>Le chauffard avait pris la fuite dans la nuit du 15 d\u00e9cembre apr\u00e8s avoir percut\u00e9 Aymen, \u00e2g\u00e9 de 14 ans, dans des circonstances qui restent encore \u00e0 \u00e9claircir dans le quartier d\u00e9favoris\u00e9 de la Paillade, dans le nord-ouest de Montpellier. Ce drame avait suscit\u00e9 une grande \u00e9motion \u00e0 Montpellier o\u00f9 un millier de personnes ont d\u00e9fil\u00e9 mardi dernier, roses blanches \u00e0 la main pour rendre un dernier hommage \u00e0 l\u2019adolescent.<\/p>\n\n\n\n<p><strong>10h33:<\/strong>&nbsp;Le conducteur du v\u00e9hicule avait pris la fuite apr\u00e8s \u00eatre entr\u00e9 en collision avec le gar\u00e7on \u00e2g\u00e9 de 14 ans. L\u2019adolescent est mort peu apr\u00e8s sa prise en charge m\u00e9dicale. \u00abLa disparition d\u2019Aymen nous plonge dans une \u00e9preuve effroyable\u00bb, avait r\u00e9agi sa famille dans une d\u00e9claration communiqu\u00e9e, \u00e0 sa demande, par la mairie de Montpellier.<\/p>\n\n\n\n<p>\u00abNous appelons au plus grand calme et exprimons notre confiance dans les institutions de la R\u00e9publique, police, justice\u00bb a-t-elle ajout\u00e9, demandant aux m\u00e9dias de respecter son \u00abdeuil\u00bb et son \u00abintimit\u00e9\u00bb.<\/p>\n\n\n\n<p>Le v\u00e9hicule avait \u00e9t\u00e9 retrouv\u00e9 \u00e0 proximit\u00e9 des lieux de l\u2019accident, selon la pr\u00e9fecture, qui a affirm\u00e9 dans un communiqu\u00e9 que \u00abl\u2019enqu\u00eate de police progresse rapidement sous la direction du parquet\u00bb.<\/p>\n","protected":false},"excerpt":{"rendered":"<p>&nbsp;La famille de l&rsquo;adolescent de 14 ans fauch\u00e9 \u00e0 Montpellier a exprim\u00e9 son \u00ab\u00a0soulagement\u00a0\u00bb apr\u00e8s que le conducteur soup\u00e7onn\u00e9 de l&rsquo;avoir percut\u00e9 mortellement lors des c\u00e9l\u00e9brations en marge du Mondial de football a \u00e9t\u00e9 interpell\u00e9&nbsp;mardi, pr\u00e8s de Perpignan, \u00e0 l&rsquo;issue d&rsquo;une cavale d&rsquo;une douzaine de jours. \u00ab\u00a0Le mis en cause a \u00e9t\u00e9 interpell\u00e9 ce matin [&hellip;]<\/p>\n","protected":false},"author":2,"featured_media":23447,"comment_status":"open","ping_status":"open","sticky":false,"template":"","format":"standard","meta":{"_jetpack_memberships_contains_paid_content":false,"footnotes":"","jetpack_publicize_message":"","jetpack_publicize_feature_enabled":true,"jetpack_social_post_already_shared":true,"jetpack_social_options":{"image_generator_settings":{"template":"highway","default_image_id":0,"font":"","enabled":false},"version":2},"_wpas_customize_per_network":false},"categories":[405],"tags":[],"class_list":["post-23446","post","type-post","status-publish","format-standard","has-post-thumbnail","hentry","category-actu-france-monde"],"jetpack_publicize_connections":[],"jetpack_featured_media_url":"https:\/\/i0.wp.com\/www.iceagetv.com\/radiosite\/wp-content\/uploads\/2022\/12\/Mort-dAymen-a-Montpellier.jpg?fit=679%2C294&ssl=1","jetpack_sharing_enabled":true,"_links":{"self":[{"href":"https:\/\/www.iceagetv.com\/radiosite\/wp-json\/wp\/v2\/posts\/23446","targetHints":{"allow":["GET"]}}],"collection":[{"href":"https:\/\/www.iceagetv.com\/radiosite\/wp-json\/wp\/v2\/posts"}],"about":[{"href":"https:\/\/www.iceagetv.com\/radiosite\/wp-json\/wp\/v2\/types\/post"}],"author":[{"embeddable":true,"href":"https:\/\/www.iceagetv.com\/radiosite\/wp-json\/wp\/v2\/users\/2"}],"replies":[{"embeddable":true,"href":"https:\/\/www.iceagetv.com\/radiosite\/wp-json\/wp\/v2\/comments?post=23446"}],"version-history":[{"count":1,"href":"https:\/\/www.iceagetv.com\/radiosite\/wp-json\/wp\/v2\/posts\/23446\/revisions"}],"predecessor-version":[{"id":23448,"href":"https:\/\/www.iceagetv.com\/radiosite\/wp-json\/wp\/v2\/posts\/23446\/revisions\/23448"}],"wp:featuredmedia":[{"embeddable":true,"href":"https:\/\/www.iceagetv.com\/radiosite\/wp-json\/wp\/v2\/media\/23447"}],"wp:attachment":[{"href":"https:\/\/www.iceagetv.com\/radiosite\/wp-json\/wp\/v2\/media?parent=23446"}],"wp:term":[{"taxonomy":"category","embeddable":true,"href":"https:\/\/www.iceagetv.com\/radiosite\/wp-json\/wp\/v2\/categories?post=23446"},{"taxonomy":"post_tag","embeddable":true,"href":"https:\/\/www.iceagetv.com\/radiosite\/wp-json\/wp\/v2\/tags?post=23446"}],"curies":[{"name":"wp","href":"https:\/\/api.w.org\/{rel}","templated":true}]}}