{"id":23456,"date":"2022-12-28T12:14:04","date_gmt":"2022-12-28T12:14:04","guid":{"rendered":"https:\/\/www.iceagetv.com\/radiosite\/?p=23456"},"modified":"2022-12-28T12:14:07","modified_gmt":"2022-12-28T12:14:07","slug":"la-chanteuse-linda-de-suza-star-des-annees-1980-est-decedee-a-lage-de-74-ans-annonce-son-agent-elle-avait-ete-hospitalisee-pour-insuffisance-respiratoire-et-positive-au-covid-19","status":"publish","type":"post","link":"https:\/\/www.iceagetv.com\/radiosite\/la-chanteuse-linda-de-suza-star-des-annees-1980-est-decedee-a-lage-de-74-ans-annonce-son-agent-elle-avait-ete-hospitalisee-pour-insuffisance-respiratoire-et-positive-au-covid-19\/","title":{"rendered":"La chanteuse Linda de Suza, star des ann\u00e9es 1980, est d\u00e9c\u00e9d\u00e9e \u00e0 l&rsquo;\u00e2ge de 74 ans, annonce son agent &#8211; Elle avait \u00e9t\u00e9 hospitalis\u00e9e \u00ab\u00a0pour insuffisance respiratoire et positive au Covid-19\u00a0\u00bb"},"content":{"rendered":"\n<p>La chanteuse populaire d&rsquo;origine portugaise Linda de Suza est d\u00e9c\u00e9d\u00e9e mercredi \u00e0 l&rsquo;h\u00f4pital de Gisors, en Normandie, o\u00f9 elle avait \u00e9t\u00e9 transf\u00e9r\u00e9e \u00ab\u00a0pour insuffisance respiratoire et positive au Covid 19\u00a0\u00bb, a annonc\u00e9 son agent \u00e0 l&rsquo;AFP. \u00ab\u00a0Son fils Jo\u00e3o Lan\u00e7a et moi-m\u00eame, avons la douleur de vous apprendre le d\u00e9c\u00e8s ce matin \u00e0 10h10\u00a0\u00bb de Linda de Suza, a \u00e9crit Fabien Lecoeuvre dans un communiqu\u00e9. Elle a \u00e9t\u00e9 transf\u00e9r\u00e9e \u00e0 l&rsquo;h\u00f4pital de Gisors \u00ab\u00a0tr\u00e8s t\u00f4t ce matin m\u00eame, pour insuffisance respiratoire et positive au Covid 19\u00a0\u00bb, selon la m\u00eame source.<\/p>\n\n\n\n<p>Tr\u00e8s populaire en France dans les ann\u00e9es 1980, elle avait \u00e9mu avec le r\u00e9cit de son passage clandestin de la fronti\u00e8re fran\u00e7aise avec son fils et pour seul bagage une \u00ab\u00a0valise en carton\u00a0\u00bb, une exp\u00e9rience qu&rsquo;elle a d\u00e9crite dans le livre \u00ab\u00a0La Valise de carton\u00a0\u00bb sorti en 1984 et vendu \u00e0 2 millions d&rsquo;exemplaires.<\/p>\n\n\n\n<p>Reine de la vari\u00e9t\u00e9, Linda de Suza, de son vrai nom Teolinda Joaquina de Sousa Lan\u00e7a, est n\u00e9e le 22 f\u00e9vrier 1948 \u00e0 Beringel, au sud du Portugal. Elle a d\u00fb fuir \u00ab\u00a0une famille tyrannique\u00a0\u00bb dans le tr\u00e8s conservateur Portugal de Salazar, o\u00f9 les filles-m\u00e8res comme elle n&rsquo;\u00e9taient pas tol\u00e9r\u00e9es. Entre vari\u00e9t\u00e9 fran\u00e7aise et bluettes portugaises, elle vendra, essentiellement en France, des millions de disques tout au long de sa carri\u00e8re.<\/p>\n\n\n\n<p>Elle a rempli l&rsquo;Olympia pour deux s\u00e9ries de concerts en 1983 et 1984, en encha\u00eenant par la suite les \u00e9missions pour promouvoir son autobiographie, parfois aux c\u00f4t\u00e9s de son fils Jo\u00e3o Carlos, surnomm\u00e9 \u00ab\u00a0Jeannot\u00a0\u00bb. Ses derni\u00e8res apparition sur sc\u00e8ne date de 2015 \u00e0 2017 avec la tourn\u00e9e \u00c2ge Tendre. Paru en 2015, \u00ab\u00a0Mes 40 chansons d\u2019or\u00a0\u00bb de Linda de Suza a \u00e9t\u00e9 r\u00e9\u00e9dit\u00e9 en novembre en coffret chez Marianne M\u00e9lodie, label d\u00e9di\u00e9 au patrimoine de la chanson francophone.<\/p>\n","protected":false},"excerpt":{"rendered":"<p>La chanteuse populaire d&rsquo;origine portugaise Linda de Suza est d\u00e9c\u00e9d\u00e9e mercredi \u00e0 l&rsquo;h\u00f4pital de Gisors, en Normandie, o\u00f9 elle avait \u00e9t\u00e9 transf\u00e9r\u00e9e \u00ab\u00a0pour insuffisance respiratoire et positive au Covid 19\u00a0\u00bb, a annonc\u00e9 son agent \u00e0 l&rsquo;AFP. \u00ab\u00a0Son fils Jo\u00e3o Lan\u00e7a et moi-m\u00eame, avons la douleur de vous apprendre le d\u00e9c\u00e8s ce matin \u00e0 10h10\u00a0\u00bb de [&hellip;]<\/p>\n","protected":false},"author":2,"featured_media":23457,"comment_status":"open","ping_status":"open","sticky":false,"template":"","format":"standard","meta":{"_jetpack_memberships_contains_paid_content":false,"footnotes":"","jetpack_publicize_message":"","jetpack_publicize_feature_enabled":true,"jetpack_social_post_already_shared":true,"jetpack_social_options":{"image_generator_settings":{"template":"highway","default_image_id":0,"font":"","enabled":false},"version":2},"_wpas_customize_per_network":false},"categories":[68],"tags":[],"class_list":["post-23456","post","type-post","status-publish","format-standard","has-post-thumbnail","hentry","category-actu-culturelle"],"jetpack_publicize_connections":[],"jetpack_featured_media_url":"https:\/\/i0.wp.com\/www.iceagetv.com\/radiosite\/wp-content\/uploads\/2022\/12\/La-chanteuse-Linda-de-Suza.jpg?fit=679%2C293&ssl=1","jetpack_sharing_enabled":true,"_links":{"self":[{"href":"https:\/\/www.iceagetv.com\/radiosite\/wp-json\/wp\/v2\/posts\/23456","targetHints":{"allow":["GET"]}}],"collection":[{"href":"https:\/\/www.iceagetv.com\/radiosite\/wp-json\/wp\/v2\/posts"}],"about":[{"href":"https:\/\/www.iceagetv.com\/radiosite\/wp-json\/wp\/v2\/types\/post"}],"author":[{"embeddable":true,"href":"https:\/\/www.iceagetv.com\/radiosite\/wp-json\/wp\/v2\/users\/2"}],"replies":[{"embeddable":true,"href":"https:\/\/www.iceagetv.com\/radiosite\/wp-json\/wp\/v2\/comments?post=23456"}],"version-history":[{"count":1,"href":"https:\/\/www.iceagetv.com\/radiosite\/wp-json\/wp\/v2\/posts\/23456\/revisions"}],"predecessor-version":[{"id":23458,"href":"https:\/\/www.iceagetv.com\/radiosite\/wp-json\/wp\/v2\/posts\/23456\/revisions\/23458"}],"wp:featuredmedia":[{"embeddable":true,"href":"https:\/\/www.iceagetv.com\/radiosite\/wp-json\/wp\/v2\/media\/23457"}],"wp:attachment":[{"href":"https:\/\/www.iceagetv.com\/radiosite\/wp-json\/wp\/v2\/media?parent=23456"}],"wp:term":[{"taxonomy":"category","embeddable":true,"href":"https:\/\/www.iceagetv.com\/radiosite\/wp-json\/wp\/v2\/categories?post=23456"},{"taxonomy":"post_tag","embeddable":true,"href":"https:\/\/www.iceagetv.com\/radiosite\/wp-json\/wp\/v2\/tags?post=23456"}],"curies":[{"name":"wp","href":"https:\/\/api.w.org\/{rel}","templated":true}]}}