{"id":23459,"date":"2022-12-28T14:23:12","date_gmt":"2022-12-28T14:23:12","guid":{"rendered":"https:\/\/www.iceagetv.com\/radiosite\/?p=23459"},"modified":"2022-12-28T14:39:34","modified_gmt":"2022-12-28T14:39:34","slug":"la-consommation-delectricite-continue-de-baisser-en-france-avec-un-recul-de-74-la-semaine-derniere-par-rapport-a-la-moyenne-des-annees-precedentes-la-meme-semaine","status":"publish","type":"post","link":"https:\/\/www.iceagetv.com\/radiosite\/la-consommation-delectricite-continue-de-baisser-en-france-avec-un-recul-de-74-la-semaine-derniere-par-rapport-a-la-moyenne-des-annees-precedentes-la-meme-semaine\/","title":{"rendered":"La consommation d&rsquo;\u00e9lectricit\u00e9 continue de baisser en France avec un recul de 7,4% la semaine derni\u00e8re par rapport \u00e0 la moyenne des ann\u00e9es pr\u00e9c\u00e9dentes la m\u00eame semaine"},"content":{"rendered":"\n<p>La consommation d&rsquo;\u00e9lectricit\u00e9 continue de baisser en France, avec un recul de 7,4% la semaine derni\u00e8re par rapport \u00e0 la moyenne des ann\u00e9es pr\u00e9c\u00e9dentes (2014-2019) la m\u00eame semaine, selon les derni\u00e8res donn\u00e9es du gestionnaire du r\u00e9seau RTE. Ce chiffre est diffus\u00e9 apr\u00e8s retraitement des effets calendaires et m\u00e9t\u00e9orologiques : il s&rsquo;agit donc de la consommation qui aurait eu lieu si les temp\u00e9ratures avaient \u00e9t\u00e9 align\u00e9es sur les temp\u00e9ratures normales pour la p\u00e9riode.<\/p>\n\n\n\n<p>De cette mani\u00e8re, il est possible d\u2019identifier les variations structurelles de la consommation d\u2019une ann\u00e9e sur l\u2019autre, au-del\u00e0 des effets m\u00e9t\u00e9orologiques, explique RTE. Ces variations structurelles sont l&rsquo;effet, par exemple, des variations dans l\u2019activit\u00e9 \u00e9conomique ou des actions orient\u00e9es vers la sobri\u00e9t\u00e9. Sur les quatre derni\u00e8res semaines, la baisse structurelle moyenne atteint 8,7%.<\/p>\n\n\n\n<p>Le rythme de baisse a toutefois ralenti la semaine derni\u00e8re (-7,4% contre -8,1% celle d&rsquo;avant), selon un calcul \u00ab\u00a0excluant les ann\u00e9es aux configurations calendaires trop diff\u00e9rentes (la position du jour de No\u00ebl conditionne la consommation de la semaine enti\u00e8re)\u00a0\u00bb, indique le gestionnaire du r\u00e9seau \u00e9lectrique.<\/p>\n\n\n\n<p>RTE explique le ralentissement de la baisse par une diminution du potentiel d\u2019\u00e9conomies suppl\u00e9mentaires d\u2019\u00e9nergie pour les particuliers et les entreprises du secteur tertiaire, le radoucissement des temp\u00e9ratures ayant diminu\u00e9 la consommation d\u2019\u00e9lectricit\u00e9 li\u00e9e au chauffage<\/p>\n","protected":false},"excerpt":{"rendered":"<p>La consommation d&rsquo;\u00e9lectricit\u00e9 continue de baisser en France, avec un recul de 7,4% la semaine derni\u00e8re par rapport \u00e0 la moyenne des ann\u00e9es pr\u00e9c\u00e9dentes (2014-2019) la m\u00eame semaine, selon les derni\u00e8res donn\u00e9es du gestionnaire du r\u00e9seau RTE. Ce chiffre est diffus\u00e9 apr\u00e8s retraitement des effets calendaires et m\u00e9t\u00e9orologiques : il s&rsquo;agit donc de la consommation [&hellip;]<\/p>\n","protected":false},"author":2,"featured_media":23460,"comment_status":"open","ping_status":"open","sticky":false,"template":"","format":"standard","meta":{"_jetpack_memberships_contains_paid_content":false,"footnotes":"","jetpack_publicize_message":"","jetpack_publicize_feature_enabled":true,"jetpack_social_post_already_shared":true,"jetpack_social_options":{"image_generator_settings":{"template":"highway","default_image_id":0,"font":"","enabled":false},"version":2},"_wpas_customize_per_network":false},"categories":[405],"tags":[],"class_list":["post-23459","post","type-post","status-publish","format-standard","has-post-thumbnail","hentry","category-actu-france-monde"],"jetpack_publicize_connections":[],"jetpack_featured_media_url":"https:\/\/i0.wp.com\/www.iceagetv.com\/radiosite\/wp-content\/uploads\/2022\/12\/La-consommation-delectricite.jpg?fit=679%2C293&ssl=1","jetpack_sharing_enabled":true,"_links":{"self":[{"href":"https:\/\/www.iceagetv.com\/radiosite\/wp-json\/wp\/v2\/posts\/23459","targetHints":{"allow":["GET"]}}],"collection":[{"href":"https:\/\/www.iceagetv.com\/radiosite\/wp-json\/wp\/v2\/posts"}],"about":[{"href":"https:\/\/www.iceagetv.com\/radiosite\/wp-json\/wp\/v2\/types\/post"}],"author":[{"embeddable":true,"href":"https:\/\/www.iceagetv.com\/radiosite\/wp-json\/wp\/v2\/users\/2"}],"replies":[{"embeddable":true,"href":"https:\/\/www.iceagetv.com\/radiosite\/wp-json\/wp\/v2\/comments?post=23459"}],"version-history":[{"count":2,"href":"https:\/\/www.iceagetv.com\/radiosite\/wp-json\/wp\/v2\/posts\/23459\/revisions"}],"predecessor-version":[{"id":23462,"href":"https:\/\/www.iceagetv.com\/radiosite\/wp-json\/wp\/v2\/posts\/23459\/revisions\/23462"}],"wp:featuredmedia":[{"embeddable":true,"href":"https:\/\/www.iceagetv.com\/radiosite\/wp-json\/wp\/v2\/media\/23460"}],"wp:attachment":[{"href":"https:\/\/www.iceagetv.com\/radiosite\/wp-json\/wp\/v2\/media?parent=23459"}],"wp:term":[{"taxonomy":"category","embeddable":true,"href":"https:\/\/www.iceagetv.com\/radiosite\/wp-json\/wp\/v2\/categories?post=23459"},{"taxonomy":"post_tag","embeddable":true,"href":"https:\/\/www.iceagetv.com\/radiosite\/wp-json\/wp\/v2\/tags?post=23459"}],"curies":[{"name":"wp","href":"https:\/\/api.w.org\/{rel}","templated":true}]}}