{"id":23464,"date":"2022-12-28T16:21:07","date_gmt":"2022-12-28T16:21:07","guid":{"rendered":"https:\/\/www.iceagetv.com\/radiosite\/?p=23464"},"modified":"2022-12-28T16:21:10","modified_gmt":"2022-12-28T16:21:10","slug":"grippe-lepidemie-continue-sa-progression-en-france-les-hospitalisations-en-forte-hausse","status":"publish","type":"post","link":"https:\/\/www.iceagetv.com\/radiosite\/grippe-lepidemie-continue-sa-progression-en-france-les-hospitalisations-en-forte-hausse\/","title":{"rendered":"GRIPPE: L&rsquo;\u00c9PID\u00c9MIE CONTINUE SA PROGRESSION EN FRANCE, LES HOSPITALISATIONS EN FORTE HAUSSE"},"content":{"rendered":"\n<p>Le nombre de passages aux urgences a augment\u00e9 de 52% durant la semaine du 19 au 25 d\u00e9cembre. Le pic des contaminations pas encore \u00e9t\u00e9 atteint.<\/p>\n\n\n\n<p>En d\u00e9placement \u00e0 Annecy (Haute-Savoie) ce mercredi,&nbsp;<a href=\"https:\/\/www.bfmtv.com\/sante\/une-explosion-des-cas-de-grippe-francois-braun-fait-le-point-sur-la-triple-epidemie_AV-202212280159.html\">le ministre de la Sant\u00e9 Fran\u00e7ois Braun n&rsquo;a pas cach\u00e9 son inqui\u00e9tude<\/a>. L&rsquo;\u00e9pid\u00e9mie de grippe en France se caract\u00e9rise actuellement par \u00ab\u00a0une explosion des cas, avec notamment des cas graves qui font que les services de r\u00e9animation, d&rsquo;une fa\u00e7on globale, sont satur\u00e9s\u00a0\u00bb, a soulign\u00e9 le ministre.<\/p>\n\n\n\n<p>Un constat appuy\u00e9 par le\u00a0<a rel=\"noreferrer noopener\" href=\"https:\/\/www.santepubliquefrance.fr\/maladies-et-traumatismes\/maladies-et-infections-respiratoires\/grippe\/documents\/bulletin-national\/bulletin-epidemiologique-grippe-semaine-51.-saison-2022-2023\" target=\"_blank\">dernier bulletin \u00e9pid\u00e9miologique qu&rsquo;a d\u00e9voil\u00e9 ce jour Sant\u00e9 publique France<\/a>, relatif \u00e0 l&rsquo;\u00e9volution de l&rsquo;\u00e9pid\u00e9mie durant la semaine du 19 au 25 d\u00e9cembre. Alors que l&rsquo;ensemble du territoire m\u00e9tropolitain ainsi que Mayotte, la R\u00e9union, la Guadeloupe et la Martinique se trouvent en phase \u00e9pid\u00e9mique, l&rsquo;agence note une \u00ab\u00a0poursuite de l&rsquo;augmentation des indicateurs de la grippe dans toutes les classes d&rsquo;\u00e2ge\u00a0\u00bb.<\/p>\n\n\n\n<h2 class=\"wp-block-heading\">Niveau d&rsquo;activit\u00e9 \u00ab\u00a0tr\u00e8s \u00e9lev\u00e9\u00a0\u00bb en ville et \u00e0 l&rsquo;h\u00f4pital<\/h2>\n\n\n\n<p>Sant\u00e9 publique France souligne d&rsquo;abord un \u00ab\u00a0niveau d&rsquo;activit\u00e9 tr\u00e8s \u00e9lev\u00e9 en m\u00e9decine de ville et \u00e0 l&rsquo;h\u00f4pital, particuli\u00e8rement chez les 15-64 ans\u00a0\u00bb. Le taux d&rsquo;incidence des consultations pour syndrome grippal s&rsquo;\u00e9levait la semaine derni\u00e8re \u00e0 460 pour 100.000 habitants, soit une augmentation de 29% sur sept jours. Du c\u00f4t\u00e9 des consultations&nbsp;<a href=\"https:\/\/www.bfmtv.com\/sante\/generalistes-en-greve-sos-medecins-debordes_VN-202212270170.html\">SOS M\u00e9decins<\/a>, celles relatives \u00e0 des syndromes grippaux sont toujours en hausse, atteignant d\u00e9sormais les 25,4%.<\/p>\n\n\n\n<blockquote class=\"wp-block-quote is-layout-flow wp-block-quote-is-layout-flow\">\n<p>\u00ab\u00a0L&rsquo;activit\u00e9 en m\u00e9decine de ville pour syndrome grippal se maintenait \u00e0 un niveau d&rsquo;intensit\u00e9 tr\u00e8s \u00e9lev\u00e9 tous \u00e2ges confondus en semaine 51\u00a0\u00bb, souligne Sant\u00e9 publique France.<\/p>\n<\/blockquote>\n\n\n\n<p>Mais c&rsquo;est \u00e0 l&rsquo;h\u00f4pital, o\u00f9 les&nbsp;<a href=\"https:\/\/www.bfmtv.com\/sante\/epidemies-urgences-surchargees-la-greve-des-medecins-liberaux-intervient-dans-un-moment-difficile_AV-202212260377.html\">services d&rsquo;urgence sont d\u00e9j\u00e0 d\u00e9bord\u00e9s<\/a>, que la dynamique est la plus inqui\u00e9tante. Le nombre de passages aux urgences pour syndromes grippaux a augment\u00e9 de 52%. Mais ce sont les hospitalisations apr\u00e8s passage aux urgences qui connaissent la plus forte augmentation, puisqu&rsquo;elles ont quasiment \u00e9t\u00e9 multipli\u00e9es par deux.<\/p>\n\n\n\n<p>Entre le 19 et le 25 d\u00e9cembre, 2738 Fran\u00e7ais ont \u00e9t\u00e9 hospitalis\u00e9s pour syndromes grippaux, soit une augmentation de 75% par rapport \u00e0 la semaine pr\u00e9c\u00e9dente. Enfin, en m\u00e9decine ambulatoire comme en milieu hospitalier, la part de patients positifs \u00e0 la grippe est toujours en augmentation. L\u00e0 encore, Sant\u00e9 publique France \u00e9voque un \u00ab\u00a0niveau d&rsquo;intensit\u00e9 tr\u00e8s \u00e9lev\u00e9\u00a0\u00bb.<\/p>\n\n\n\n<h2 class=\"wp-block-heading\">193 personnes en soins intensifs depuis octobre<\/h2>\n\n\n\n<p>Bien que b\u00e9nigne dans la plupart des cas, la grippe a envoy\u00e9 en service de r\u00e9animation pr\u00e8s de 200 Fran\u00e7ais depuis d\u00e9but octobre. Au total, 193 personnes ont \u00e9t\u00e9 admises en soins intensifs depuis le d\u00e9but de la saison grippale. \u00ab\u00a016 avaient entre 0 et 4 ans, 16 entre 5 et 14 ans, 79 \u00e9taient \u00e2g\u00e9s de 15 \u00e0 64 ans et 80 avaient 65 ans ou plus\u00a0\u00bb, indique Sant\u00e9 Publique France.<\/p>\n\n\n\n<p>Le rythme des d\u00e9c\u00e8s semble \u00e9galement s&rsquo;acc\u00e9l\u00e9rer. Sur les 10 morts rapport\u00e9s depuis d\u00e9but octobre, sept ont eu lieu durant les trois derni\u00e8res semaines. \u00ab\u00a06 chez des personnes \u00e2g\u00e9es de 65 ans ou plus, 2 chez des personnes de 15 \u00e0 64 ans et 2 chez des enfants \u00e2g\u00e9s de 5 \u00e0 14 ans\u00a0\u00bb, r\u00e9v\u00e8le Sant\u00e9 Publique France.<\/p>\n\n\n\n<p>Enfin, du c\u00f4t\u00e9 des 25.000 \u00e9tablissements m\u00e9dico-sociaux recens\u00e9s en France, 98 cas d&rsquo;\u00e9pisodes de cas group\u00e9s d&rsquo;infection respiratoire aigu\u00eb attribu\u00e9s \u00e0 la grippe ont \u00e9t\u00e9 signal\u00e9s. Mais l\u00e0 encore, une acc\u00e9l\u00e9ration des contaminations se dessine sur les derni\u00e8res semaines.<\/p>\n\n\n\n<h2 class=\"wp-block-heading\">Une saison grippale pr\u00e9coce<\/h2>\n\n\n\n<p>Certaines r\u00e9gions sont plus touch\u00e9es que d&rsquo;autres par cette explosion de l&rsquo;\u00e9pid\u00e9mie de grippe. Sant\u00e9 publique France met en lumi\u00e8re les Hauts-de-France, l&rsquo;\u00cele-de-France, la Normandie et la r\u00e9gion Provence-Alpes-C\u00f4te d&rsquo;Azur parmi les territoires les plus affect\u00e9s.Compar\u00e9 aux pr\u00e9c\u00e9dentes vagues de grippe, l&rsquo;\u00e9pisode \u00e9pid\u00e9mique qui s\u00e9vit cette ann\u00e9e sur le territoire fran\u00e7ais se caract\u00e9rise par sa pr\u00e9cocit\u00e9. Depuis 2017, c&rsquo;est la premi\u00e8re fois qu&rsquo;un tel niveau d&rsquo;incidence des consultations pour syndromes grippaux est atteint de mani\u00e8re si pr\u00e9coce. Mais le niveau actuel des consultations n&rsquo;a pas encore atteint le record de la saison 2018-2019.<\/p>\n","protected":false},"excerpt":{"rendered":"<p>Le nombre de passages aux urgences a augment\u00e9 de 52% durant la semaine du 19 au 25 d\u00e9cembre. Le pic des contaminations pas encore \u00e9t\u00e9 atteint. En d\u00e9placement \u00e0 Annecy (Haute-Savoie) ce mercredi,&nbsp;le ministre de la Sant\u00e9 Fran\u00e7ois Braun n&rsquo;a pas cach\u00e9 son inqui\u00e9tude. L&rsquo;\u00e9pid\u00e9mie de grippe en France se caract\u00e9rise actuellement par \u00ab\u00a0une explosion [&hellip;]<\/p>\n","protected":false},"author":2,"featured_media":23465,"comment_status":"open","ping_status":"open","sticky":false,"template":"","format":"standard","meta":{"_jetpack_memberships_contains_paid_content":false,"footnotes":"","jetpack_publicize_message":"","jetpack_publicize_feature_enabled":true,"jetpack_social_post_already_shared":true,"jetpack_social_options":{"image_generator_settings":{"template":"highway","default_image_id":0,"font":"","enabled":false},"version":2},"_wpas_customize_per_network":false},"categories":[405],"tags":[],"class_list":["post-23464","post","type-post","status-publish","format-standard","has-post-thumbnail","hentry","category-actu-france-monde"],"jetpack_publicize_connections":[],"jetpack_featured_media_url":"https:\/\/i0.wp.com\/www.iceagetv.com\/radiosite\/wp-content\/uploads\/2022\/12\/LEPIDEMIE-CONTINUE-SA-PROGRESSION-EN-FRANCE-LES-HOSPITALISATIONS-EN-FORTE-HAUSSE.jpg?fit=680%2C383&ssl=1","jetpack_sharing_enabled":true,"_links":{"self":[{"href":"https:\/\/www.iceagetv.com\/radiosite\/wp-json\/wp\/v2\/posts\/23464","targetHints":{"allow":["GET"]}}],"collection":[{"href":"https:\/\/www.iceagetv.com\/radiosite\/wp-json\/wp\/v2\/posts"}],"about":[{"href":"https:\/\/www.iceagetv.com\/radiosite\/wp-json\/wp\/v2\/types\/post"}],"author":[{"embeddable":true,"href":"https:\/\/www.iceagetv.com\/radiosite\/wp-json\/wp\/v2\/users\/2"}],"replies":[{"embeddable":true,"href":"https:\/\/www.iceagetv.com\/radiosite\/wp-json\/wp\/v2\/comments?post=23464"}],"version-history":[{"count":1,"href":"https:\/\/www.iceagetv.com\/radiosite\/wp-json\/wp\/v2\/posts\/23464\/revisions"}],"predecessor-version":[{"id":23466,"href":"https:\/\/www.iceagetv.com\/radiosite\/wp-json\/wp\/v2\/posts\/23464\/revisions\/23466"}],"wp:featuredmedia":[{"embeddable":true,"href":"https:\/\/www.iceagetv.com\/radiosite\/wp-json\/wp\/v2\/media\/23465"}],"wp:attachment":[{"href":"https:\/\/www.iceagetv.com\/radiosite\/wp-json\/wp\/v2\/media?parent=23464"}],"wp:term":[{"taxonomy":"category","embeddable":true,"href":"https:\/\/www.iceagetv.com\/radiosite\/wp-json\/wp\/v2\/categories?post=23464"},{"taxonomy":"post_tag","embeddable":true,"href":"https:\/\/www.iceagetv.com\/radiosite\/wp-json\/wp\/v2\/tags?post=23464"}],"curies":[{"name":"wp","href":"https:\/\/api.w.org\/{rel}","templated":true}]}}