{"id":23473,"date":"2022-12-29T14:29:20","date_gmt":"2022-12-29T14:29:20","guid":{"rendered":"https:\/\/www.iceagetv.com\/radiosite\/?p=23473"},"modified":"2022-12-29T14:29:23","modified_gmt":"2022-12-29T14:29:23","slug":"inquietude-le-pape-emerite-benoit-xvi-age-de-95-ans-et-pour-lequel-son-successeur-francois-a-appele-a-prier-se-trouve-toujours-dans-un-etat-lucide-mais-stable","status":"publish","type":"post","link":"https:\/\/www.iceagetv.com\/radiosite\/inquietude-le-pape-emerite-benoit-xvi-age-de-95-ans-et-pour-lequel-son-successeur-francois-a-appele-a-prier-se-trouve-toujours-dans-un-etat-lucide-mais-stable\/","title":{"rendered":"Inqui\u00e9tude : Le pape \u00e9m\u00e9rite Beno\u00eet XVI, \u00e2g\u00e9 de 95 ans et pour lequel son successeur Fran\u00e7ois a appel\u00e9 \u00e0 prier, se trouve toujours dans un \u00e9tat lucide mais stable"},"content":{"rendered":"\n<p>Le pape \u00e9m\u00e9rite Beno\u00eet XVI, \u00e2g\u00e9 de 95 ans et pour lequel son successeur Fran\u00e7ois a appel\u00e9 \u00e0 prier, se trouve toujours dans un \u00e9tat lucide mais stable. \u00abSon \u00e9tat de sant\u00e9 n&rsquo;a pas chang\u00e9 par rapport \u00e0 hier\u00bb mercredi, ont indiqu\u00e9 \u00e0 l&rsquo;agence italienne Ansa des sources en contact avec le monast\u00e8re Mater Ecclesiae, lieu de r\u00e9sidence du pape \u00e9m\u00e9rite situ\u00e9 au c\u0153ur des jardins du Vatican. Joseph Ratzinger a pass\u00e9 la nuit sous le contr\u00f4le constant de ses m\u00e9decins et cette surveillance m\u00e9dicale sera maintenue, a pr\u00e9cis\u00e9 Ansa. Contact\u00e9 par l&rsquo;AFP, le service de presse du Vatican s&rsquo;est refus\u00e9 \u00e0 confirmer ou infirmer ces informations.<\/p>\n\n\n\n<p>Le pape Fran\u00e7ois avait annonc\u00e9 mercredi que son pr\u00e9d\u00e9cesseur \u00e9tait \u00abgravement malade\u00bb et qu&rsquo;il priait pour celui dont la renonciation en 2013 pour raisons de sant\u00e9 avait pris le monde par surprise.<\/p>\n\n\n\n<p>\u00abSa sant\u00e9 s&rsquo;est d\u00e9grad\u00e9e il y a environ trois jours. Ce sont ses fonctions vitales qui l\u00e2chent, y compris le c\u0153ur\u00bb, avait pr\u00e9cis\u00e9 \u00e0 l&rsquo;AFP une source vaticane, ajoutant qu&rsquo;aucune hospitalisation n&rsquo;\u00e9tait pr\u00e9vue, la r\u00e9sidence de Beno\u00eet XVI disposant de l&rsquo;\u00e9quipement m\u00e9dical n\u00e9cessaire.<\/p>\n\n\n\n<p>Fran\u00e7ois a lui-m\u00eame rendu visite mercredi \u00e0 Beno\u00eet XVI, qui est apparu de plus en plus fragile ces derniers mois, se d\u00e9pla\u00e7ant en chaise roulante, mais continuant de recevoir des visiteurs.<\/p>\n","protected":false},"excerpt":{"rendered":"<p>Le pape \u00e9m\u00e9rite Beno\u00eet XVI, \u00e2g\u00e9 de 95 ans et pour lequel son successeur Fran\u00e7ois a appel\u00e9 \u00e0 prier, se trouve toujours dans un \u00e9tat lucide mais stable. \u00abSon \u00e9tat de sant\u00e9 n&rsquo;a pas chang\u00e9 par rapport \u00e0 hier\u00bb mercredi, ont indiqu\u00e9 \u00e0 l&rsquo;agence italienne Ansa des sources en contact avec le monast\u00e8re Mater Ecclesiae, [&hellip;]<\/p>\n","protected":false},"author":2,"featured_media":23474,"comment_status":"open","ping_status":"open","sticky":false,"template":"","format":"standard","meta":{"_jetpack_memberships_contains_paid_content":false,"footnotes":"","jetpack_publicize_message":"","jetpack_publicize_feature_enabled":true,"jetpack_social_post_already_shared":true,"jetpack_social_options":{"image_generator_settings":{"template":"highway","default_image_id":0,"font":"","enabled":false},"version":2},"_wpas_customize_per_network":false},"categories":[405],"tags":[],"class_list":["post-23473","post","type-post","status-publish","format-standard","has-post-thumbnail","hentry","category-actu-france-monde"],"jetpack_publicize_connections":[],"jetpack_featured_media_url":"https:\/\/i0.wp.com\/www.iceagetv.com\/radiosite\/wp-content\/uploads\/2022\/12\/Le-pape-emerite-Benoit-XVI-age-de-95-ans.jpg?fit=679%2C293&ssl=1","jetpack_sharing_enabled":true,"_links":{"self":[{"href":"https:\/\/www.iceagetv.com\/radiosite\/wp-json\/wp\/v2\/posts\/23473","targetHints":{"allow":["GET"]}}],"collection":[{"href":"https:\/\/www.iceagetv.com\/radiosite\/wp-json\/wp\/v2\/posts"}],"about":[{"href":"https:\/\/www.iceagetv.com\/radiosite\/wp-json\/wp\/v2\/types\/post"}],"author":[{"embeddable":true,"href":"https:\/\/www.iceagetv.com\/radiosite\/wp-json\/wp\/v2\/users\/2"}],"replies":[{"embeddable":true,"href":"https:\/\/www.iceagetv.com\/radiosite\/wp-json\/wp\/v2\/comments?post=23473"}],"version-history":[{"count":1,"href":"https:\/\/www.iceagetv.com\/radiosite\/wp-json\/wp\/v2\/posts\/23473\/revisions"}],"predecessor-version":[{"id":23475,"href":"https:\/\/www.iceagetv.com\/radiosite\/wp-json\/wp\/v2\/posts\/23473\/revisions\/23475"}],"wp:featuredmedia":[{"embeddable":true,"href":"https:\/\/www.iceagetv.com\/radiosite\/wp-json\/wp\/v2\/media\/23474"}],"wp:attachment":[{"href":"https:\/\/www.iceagetv.com\/radiosite\/wp-json\/wp\/v2\/media?parent=23473"}],"wp:term":[{"taxonomy":"category","embeddable":true,"href":"https:\/\/www.iceagetv.com\/radiosite\/wp-json\/wp\/v2\/categories?post=23473"},{"taxonomy":"post_tag","embeddable":true,"href":"https:\/\/www.iceagetv.com\/radiosite\/wp-json\/wp\/v2\/tags?post=23473"}],"curies":[{"name":"wp","href":"https:\/\/api.w.org\/{rel}","templated":true}]}}