{"id":23482,"date":"2022-12-30T08:32:12","date_gmt":"2022-12-30T08:32:12","guid":{"rendered":"https:\/\/www.iceagetv.com\/radiosite\/?p=23482"},"modified":"2022-12-30T08:32:12","modified_gmt":"2022-12-30T08:32:12","slug":"la-star-mondiale-du-foot-pele-est-mort-a-lage-de-82-ans-une-veillee-funebre-aura-lieu-lundi-et-lenterrement-se-deroulera-mardi-a-santos","status":"publish","type":"post","link":"https:\/\/www.iceagetv.com\/radiosite\/la-star-mondiale-du-foot-pele-est-mort-a-lage-de-82-ans-une-veillee-funebre-aura-lieu-lundi-et-lenterrement-se-deroulera-mardi-a-santos\/","title":{"rendered":"La star mondiale du foot Pel\u00e9 est mort \u00e0 l&rsquo;\u00e2ge de 82 ans : Une veill\u00e9e fun\u00e8bre aura lieu lundi et l&rsquo;enterrement se d\u00e9roulera mardi \u00e0 Santos"},"content":{"rendered":"\n<p>Pel\u00e9, qui pendant des d\u00e9cennies s&rsquo;est impos\u00e9 comme l&rsquo;athl\u00e8te le plus c\u00e9l\u00e8bre au monde, est d\u00e9c\u00e9d\u00e9 aujourd&rsquo;hui a 82 ans. Son agent Joe Fraga a confirm\u00e9 le d\u00e9c\u00e8s \u00e0 l&rsquo;Associated Press. Pel\u00e9 avait \u00e9t\u00e9 hospitalis\u00e9 \u00e0 S\u00e3o Paulo, au Br\u00e9sil, le mois dernier, subissant des traitements contre le cancer du c\u00f4lon.&nbsp;<strong>Une veill\u00e9e fun\u00e8bre aura lieu lundi et l&rsquo;enterrement de Pel\u00e9 se d\u00e9roulera mardi \u00e0 Santos, annonce le club historique du Br\u00e9silien.<\/strong><\/p>\n\n\n\n<p>L&rsquo;\u00e9minence de Pel\u00e9 dans le football s&rsquo;est \u00e9tendue sur trois d\u00e9cennies au cours desquelles il a aid\u00e9 le Br\u00e9sil \u00e0 remporter des titres de Coupe du monde en 1958, 1962 et 1970. Rapide, agile, habile avec les deux pieds et comme un laser avec ses t\u00eates, Pel\u00e9 a \u00e9t\u00e9 construit pour marquer et dot\u00e9 des comp\u00e9tences d&rsquo;improvisation d&rsquo;un ma\u00eetre du jazz. sur le terrain de football.<\/p>\n\n\n\n<p>Au cours de ses 22 ans de carri\u00e8re professionnelle, Pel\u00e9 a disput\u00e9 plus de 1 300 matchs et marqu\u00e9 presque autant de buts, mais il n&rsquo;\u00e9tait gu\u00e8re un one-man show. Il a vu le terrain comme un champion d&rsquo;\u00e9checs voit l&rsquo;\u00e9chiquier \u2013 deux, trois, quatre coups devant \u2013 avec le sens tactique pour passer \u00e0 des co\u00e9quipiers mieux plac\u00e9s pour frapper.<\/p>\n\n\n\n<p>La famille de Pel\u00e9 \u00e9tait quasiment r\u00e9unie au grand complet dimanche, jour de No\u00ebl, au chevet de la l\u00e9gende br\u00e9silienne du football dont l&rsquo;\u00e9tat de sant\u00e9 s&rsquo;est r\u00e9cemment d\u00e9t\u00e9rior\u00e9, selon des publications sur les r\u00e9seaux sociaux. \u00ab\u00a0Une nuit de plus avec lui\u00a0\u00bb, a \u00e9crit dimanche soir Kely Nascimento, fille du \u00ab\u00a0Roi\u00a0\u00bb Pel\u00e9, dans un nouveau message publi\u00e9 sur Instagram, accompagn\u00e9 d&rsquo;une photo prise \u00e0 l&rsquo;h\u00f4pital Albert Einstein avec ses fr\u00e8res et ses proches.<\/p>\n\n\n\n<p>\u00ab\u00a0M\u00eame dans la tristesse, nous devons simplement \u00eatre reconnaissants. Merci d&rsquo;\u00eatre ensemble, merci \u00e0 tous pour votre amour, merci d&rsquo;\u00eatre capable d&rsquo;\u00eatre ici avec lui maintenant. Joyeux No\u00ebl\u00a0\u00bb, a-t-elle ajout\u00e9. La photo montre \u00e9galement Flavia, Celeste, Edinho et Joshua, tous enfants du \u00ab\u00a010\u00a0\u00bb historique de la \u00ab\u00a0Selecao\u00a0\u00bb, ainsi que Gemima McMahon, fille d&rsquo;une de ses \u00e9pouses. Pel\u00e9, 82 ans, qui souffre d&rsquo;un cancer du c\u00f4lon d\u00e9couvert en septembre 2021, est hospitalis\u00e9 \u00e0 Sao Paulo depuis la fin novembre.<\/p>\n\n\n\n<p>Dans leur dernier bulletin, ses m\u00e9decins ont fait \u00e9tat mercredi d&rsquo;une \u00ab\u00a0progression\u00a0\u00bb de son cancer ainsi que d&rsquo;une \u00ab\u00a0insuffisance r\u00e9nale et cardiaque\u00a0\u00bb. Dimanche, l&rsquo;un de ses fils, Joshua Arantes, s&rsquo;est joint \u00e0 ses trois soeurs, son fr\u00e8re et plusieurs de leurs enfants d\u00e9j\u00e0 pr\u00e9sents \u00e0 l&rsquo;h\u00f4pital Albert Einstein. \u00ab\u00a0Un de plus est arriv\u00e9\u00a0\u00bb a annonc\u00e9 sur Instagram Kely Nascimento, sous une photo d&rsquo;elle et de son fr\u00e8re qui s&#8217;embrassent, souriants.<\/p>\n\n\n\n<p>Aucune activit\u00e9 particuli\u00e8re n&rsquo;a \u00e9t\u00e9 constat\u00e9e devant l&rsquo;h\u00f4pital o\u00f9 se trouve la l\u00e9gende Pel\u00e9, le seul footballeur ayant remport\u00e9 trois fois la Coupe du monde (1958, 1962, 1970), ont constat\u00e9 des journalistes de l&rsquo;AFP. Lors de la veill\u00e9e de No\u00ebl peu apr\u00e8s minuit, Kely Nascimento a post\u00e9 une photo sur Instagram o\u00f9 figurent son \u00e9pouse, Marcia Aoki, et d&rsquo;autres membres de la famille dans la chambre de l&rsquo;ex-footballeur, mais sans lui.<\/p>\n","protected":false},"excerpt":{"rendered":"<p>Pel\u00e9, qui pendant des d\u00e9cennies s&rsquo;est impos\u00e9 comme l&rsquo;athl\u00e8te le plus c\u00e9l\u00e8bre au monde, est d\u00e9c\u00e9d\u00e9 aujourd&rsquo;hui a 82 ans. Son agent Joe Fraga a confirm\u00e9 le d\u00e9c\u00e8s \u00e0 l&rsquo;Associated Press. Pel\u00e9 avait \u00e9t\u00e9 hospitalis\u00e9 \u00e0 S\u00e3o Paulo, au Br\u00e9sil, le mois dernier, subissant des traitements contre le cancer du c\u00f4lon.&nbsp;Une veill\u00e9e fun\u00e8bre aura lieu [&hellip;]<\/p>\n","protected":false},"author":2,"featured_media":23483,"comment_status":"open","ping_status":"open","sticky":false,"template":"","format":"standard","meta":{"_jetpack_memberships_contains_paid_content":false,"footnotes":"","jetpack_publicize_message":"","jetpack_publicize_feature_enabled":true,"jetpack_social_post_already_shared":true,"jetpack_social_options":{"image_generator_settings":{"template":"highway","default_image_id":0,"font":"","enabled":false},"version":2},"_wpas_customize_per_network":false},"categories":[18],"tags":[],"class_list":["post-23482","post","type-post","status-publish","format-standard","has-post-thumbnail","hentry","category-actu-sport"],"jetpack_publicize_connections":[],"jetpack_featured_media_url":"https:\/\/i0.wp.com\/www.iceagetv.com\/radiosite\/wp-content\/uploads\/2022\/12\/La-star-mondiale-du-foot-Pele-est-mort.jpg?fit=680%2C340&ssl=1","jetpack_sharing_enabled":true,"_links":{"self":[{"href":"https:\/\/www.iceagetv.com\/radiosite\/wp-json\/wp\/v2\/posts\/23482","targetHints":{"allow":["GET"]}}],"collection":[{"href":"https:\/\/www.iceagetv.com\/radiosite\/wp-json\/wp\/v2\/posts"}],"about":[{"href":"https:\/\/www.iceagetv.com\/radiosite\/wp-json\/wp\/v2\/types\/post"}],"author":[{"embeddable":true,"href":"https:\/\/www.iceagetv.com\/radiosite\/wp-json\/wp\/v2\/users\/2"}],"replies":[{"embeddable":true,"href":"https:\/\/www.iceagetv.com\/radiosite\/wp-json\/wp\/v2\/comments?post=23482"}],"version-history":[{"count":1,"href":"https:\/\/www.iceagetv.com\/radiosite\/wp-json\/wp\/v2\/posts\/23482\/revisions"}],"predecessor-version":[{"id":23484,"href":"https:\/\/www.iceagetv.com\/radiosite\/wp-json\/wp\/v2\/posts\/23482\/revisions\/23484"}],"wp:featuredmedia":[{"embeddable":true,"href":"https:\/\/www.iceagetv.com\/radiosite\/wp-json\/wp\/v2\/media\/23483"}],"wp:attachment":[{"href":"https:\/\/www.iceagetv.com\/radiosite\/wp-json\/wp\/v2\/media?parent=23482"}],"wp:term":[{"taxonomy":"category","embeddable":true,"href":"https:\/\/www.iceagetv.com\/radiosite\/wp-json\/wp\/v2\/categories?post=23482"},{"taxonomy":"post_tag","embeddable":true,"href":"https:\/\/www.iceagetv.com\/radiosite\/wp-json\/wp\/v2\/tags?post=23482"}],"curies":[{"name":"wp","href":"https:\/\/api.w.org\/{rel}","templated":true}]}}