{"id":23494,"date":"2022-12-30T19:26:00","date_gmt":"2022-12-30T19:26:00","guid":{"rendered":"https:\/\/www.iceagetv.com\/radiosite\/?p=23494"},"modified":"2022-12-30T19:26:00","modified_gmt":"2022-12-30T19:26:00","slug":"reveillon-de-la-saint-sylvestre-environ-90-000-policiers-et-gendarmes-mobilises","status":"publish","type":"post","link":"https:\/\/www.iceagetv.com\/radiosite\/reveillon-de-la-saint-sylvestre-environ-90-000-policiers-et-gendarmes-mobilises\/","title":{"rendered":"R\u00e9veillon de la Saint-Sylvestre : environ 90.000 policiers et gendarmes mobilis\u00e9s"},"content":{"rendered":"\n<p><strong>Le minist\u00e8re de l&rsquo;Int\u00e9rieur et la pr\u00e9fecture de police de Paris ont indiqu\u00e9 qu&rsquo;environ 90.000&nbsp;policiers et gendarmes seront mobilis\u00e9s en France&nbsp;pour la nuit du Nouvel an, apr\u00e8s deux ans de restrictions pour cause de&nbsp;Covid-19 . G\u00e9rald Darmanin appelle les forces de l&rsquo;ordre \u00ab\u00a0\u00e0 la plus grande vigilance\u00a0\u00bb.<\/strong><\/p>\n\n\n\n<p>Quelque 90.000 policiers et gendarmes seront mobilis\u00e9s en France, dont 5.400 \u00e0\u00a0<a href=\"https:\/\/www.europe1.fr\/dossiers\/paris\">Paris<\/a>, pour la nuit du Nouvel An, apr\u00e8s deux ans de restrictions pour cause de\u00a0<a href=\"https:\/\/www.europe1.fr\/dossiers\/coronavirus\">Covid-19<\/a>, ont indiqu\u00e9 vendredi le ministre de l&rsquo;Int\u00e9rieur\u00a0<a href=\"https:\/\/www.europe1.fr\/dossiers\/gerald-darmanin\">G\u00e9rald Darmanin<\/a>\u00a0et la pr\u00e9fecture de police de Paris.\u00a0Le \u00ab\u00a0niveau \u00e9lev\u00e9 et persistant de menace terroriste\u00a0\u00bb et les \u00ab\u00a0r\u00e9cents \u00e9v\u00e8nements survenus \u00e0 Paris contre la communaut\u00e9 kurde\u00a0\u00bb doivent \u00ab\u00a0conduire \u00e0 la plus grande vigilance\u00a0\u00bb, \u00e9crit le ministre Darmanin dans une note adress\u00e9e aux pr\u00e9fets<\/p>\n\n\n\n<h2 class=\"wp-block-heading\">Les transports en commun particuli\u00e8rement surveill\u00e9s<\/h2>\n\n\n\n<p>Les transports en commun seront particuli\u00e8rement surveill\u00e9s, ajoute le ministre, et des points de filtrage pour acc\u00e9der aux lieux de rassemblements avec fouille et palpations pourront \u00eatre mis en place.&nbsp;Sur le volet violences urbaines, habituellement plus fr\u00e9quentes la nuit du 31 d\u00e9cembre, G\u00e9rald Darmanin demande \u00ab\u00a0l&rsquo;interpellation syst\u00e9matiquement des fauteurs de troubles\u00a0\u00bb.&nbsp;Il appelle aussi \u00e0 mener des op\u00e9rations de lutte contre la conduite sous l&#8217;empire d&rsquo;alcool ou de stup\u00e9fiants, d\u00e8s la nuit du 30 d\u00e9cembre.<\/p>\n\n\n\n<p>A Paris, o\u00f9&nbsp;<a href=\"https:\/\/www.europe1.fr\/societe\/feu-dartifice-chanson-francaise-les-celebrations-du-nouvel-an-sont-de-retour-a-paris-4157625\">le traditionnel feu d&rsquo;artifice \u00e0 minuit est de retour sur les Champs-Elys\u00e9es<\/a>, 5.400 policiers et gendarmes seront mobilis\u00e9s, a de son c\u00f4t\u00e9 indiqu\u00e9 la pr\u00e9fecture de police.&nbsp;Le dispositif sera particuli\u00e8rement renforc\u00e9 sur la c\u00e9l\u00e8bre avenue, o\u00f9 la mairie de Paris attend 500.000 personnes.<a><\/a><\/p>\n\n\n\n<h2 class=\"wp-block-heading\">95.000 policiers et gendarmes mobilis\u00e9s en 2021<\/h2>\n\n\n\n<p>La vente \u00e0 emporter d&rsquo;alcool et sa consommation sur la voie publique sont interdites de vendredi soir \u00e0 lundi matin dans un p\u00e9rim\u00e8tre autour des Champs-Elys\u00e9es. Des restrictions de circulation et des points de filtrage du public avec fouilles sont \u00e9galement pr\u00e9vus.<\/p>\n","protected":false},"excerpt":{"rendered":"<p>Le minist\u00e8re de l&rsquo;Int\u00e9rieur et la pr\u00e9fecture de police de Paris ont indiqu\u00e9 qu&rsquo;environ 90.000&nbsp;policiers et gendarmes seront mobilis\u00e9s en France&nbsp;pour la nuit du Nouvel an, apr\u00e8s deux ans de restrictions pour cause de&nbsp;Covid-19 . G\u00e9rald Darmanin appelle les forces de l&rsquo;ordre \u00ab\u00a0\u00e0 la plus grande vigilance\u00a0\u00bb. Quelque 90.000 policiers et gendarmes seront mobilis\u00e9s en [&hellip;]<\/p>\n","protected":false},"author":2,"featured_media":23495,"comment_status":"open","ping_status":"open","sticky":false,"template":"","format":"standard","meta":{"_jetpack_memberships_contains_paid_content":false,"footnotes":"","jetpack_publicize_message":"","jetpack_publicize_feature_enabled":true,"jetpack_social_post_already_shared":true,"jetpack_social_options":{"image_generator_settings":{"template":"highway","default_image_id":0,"font":"","enabled":false},"version":2},"_wpas_customize_per_network":false},"categories":[405],"tags":[],"class_list":["post-23494","post","type-post","status-publish","format-standard","has-post-thumbnail","hentry","category-actu-france-monde"],"jetpack_publicize_connections":[],"jetpack_featured_media_url":"https:\/\/i0.wp.com\/www.iceagetv.com\/radiosite\/wp-content\/uploads\/2022\/12\/Reveillon-de-la-Saint-Sylvestre.jpg?fit=680%2C340&ssl=1","jetpack_sharing_enabled":true,"_links":{"self":[{"href":"https:\/\/www.iceagetv.com\/radiosite\/wp-json\/wp\/v2\/posts\/23494","targetHints":{"allow":["GET"]}}],"collection":[{"href":"https:\/\/www.iceagetv.com\/radiosite\/wp-json\/wp\/v2\/posts"}],"about":[{"href":"https:\/\/www.iceagetv.com\/radiosite\/wp-json\/wp\/v2\/types\/post"}],"author":[{"embeddable":true,"href":"https:\/\/www.iceagetv.com\/radiosite\/wp-json\/wp\/v2\/users\/2"}],"replies":[{"embeddable":true,"href":"https:\/\/www.iceagetv.com\/radiosite\/wp-json\/wp\/v2\/comments?post=23494"}],"version-history":[{"count":1,"href":"https:\/\/www.iceagetv.com\/radiosite\/wp-json\/wp\/v2\/posts\/23494\/revisions"}],"predecessor-version":[{"id":23496,"href":"https:\/\/www.iceagetv.com\/radiosite\/wp-json\/wp\/v2\/posts\/23494\/revisions\/23496"}],"wp:featuredmedia":[{"embeddable":true,"href":"https:\/\/www.iceagetv.com\/radiosite\/wp-json\/wp\/v2\/media\/23495"}],"wp:attachment":[{"href":"https:\/\/www.iceagetv.com\/radiosite\/wp-json\/wp\/v2\/media?parent=23494"}],"wp:term":[{"taxonomy":"category","embeddable":true,"href":"https:\/\/www.iceagetv.com\/radiosite\/wp-json\/wp\/v2\/categories?post=23494"},{"taxonomy":"post_tag","embeddable":true,"href":"https:\/\/www.iceagetv.com\/radiosite\/wp-json\/wp\/v2\/tags?post=23494"}],"curies":[{"name":"wp","href":"https:\/\/api.w.org\/{rel}","templated":true}]}}