{"id":23498,"date":"2022-12-31T10:38:52","date_gmt":"2022-12-31T10:38:52","guid":{"rendered":"https:\/\/www.iceagetv.com\/radiosite\/?p=23498"},"modified":"2022-12-31T10:38:52","modified_gmt":"2022-12-31T10:38:52","slug":"lancien-pape-benoit-xvi-pape-emerite-et-predecesseur-du-pape-francois-est-decede-aujourdhui-a-lage-de-95-ans-annonce-le-vatican-sa-sante-setait-degradee-ces-derniers-jours","status":"publish","type":"post","link":"https:\/\/www.iceagetv.com\/radiosite\/lancien-pape-benoit-xvi-pape-emerite-et-predecesseur-du-pape-francois-est-decede-aujourdhui-a-lage-de-95-ans-annonce-le-vatican-sa-sante-setait-degradee-ces-derniers-jours\/","title":{"rendered":"L&rsquo;ancien pape Beno\u00eet XVI, pape \u00e9m\u00e9rite et pr\u00e9d\u00e9cesseur du pape Fran\u00e7ois, est d\u00e9c\u00e9d\u00e9 aujourd&rsquo;hui \u00e0 l&rsquo;\u00e2ge de 95 ans, annonce le Vatican &#8211; Sa sant\u00e9 s&rsquo;\u00e9tait d\u00e9grad\u00e9e ces derniers jours"},"content":{"rendered":"\n<p>Le pape \u00e9m\u00e9rite Beno\u00eet XVI, dont la renonciation en 2013 avait pris le monde entier par surprise, s&rsquo;est \u00e9teint samedi \u00e0 95 ans dans le monast\u00e8re des jardins du Vatican o\u00f9 il s&rsquo;\u00e9tait retir\u00e9. \u00ab\u00a0J&rsquo;ai la douleur de vous annoncer que le pape \u00e9m\u00e9rite, Beno\u00eet XVI, est d\u00e9c\u00e9d\u00e9 aujourd\u2019hui \u00e0 09H34, au monast\u00e8re Mater Ecclesiae, au Vatican\u00a0\u00bb, a annonc\u00e9 dans un communiqu\u00e9 le directeur du service de presse du Saint-Si\u00e8ge, Matteo Bruni.<\/p>\n\n\n\n<p>Son corps sera expos\u00e9 \u00e0 partir de lundi matin dans le cadre solennel de la basilique Saint-Pierre pour permettre aux fid\u00e8les de le saluer.<\/p>\n\n\n\n<p>La sant\u00e9 du th\u00e9ologien allemand s&rsquo;\u00e9tait d\u00e9grad\u00e9e ces derniers jours, mais le Vatican avait indiqu\u00e9 vendredi que son \u00e9tat \u00e9tait \u00ab\u00a0stationnaire\u00a0\u00bb et qu&rsquo;il avait particip\u00e9 \u00e0 la c\u00e9l\u00e9bration de la messe dans sa chambre jeudi.<\/p>\n\n\n\n<p>Les fun\u00e9railles du 265e pape devraient \u00eatre c\u00e9l\u00e9br\u00e9es par son successeur Fran\u00e7ois \u00e0 Rome, un \u00e9v\u00e9nement in\u00e9dit dans l&rsquo;histoire deux fois mill\u00e9naire de l&rsquo;Eglise catholique auquel des dizaines de milliers de personnes pourraient assister, dont des chefs d&rsquo;Etats. Son d\u00e9c\u00e8s met fin \u00e0 la cohabitation insolite de deux hommes en blanc: l&rsquo;Allemand Joseph Ratzinger, brillant th\u00e9ologien peu \u00e0 l&rsquo;aise avec les bains de foule, et l&rsquo;Argentin Jorge Bergoglio, j\u00e9suite dot\u00e9 d&rsquo;une parole incisive qui a voulu remettre les pauvres et les migrants au centre de la mission de l&rsquo;Eglise.<\/p>\n\n\n\n<p>Apr\u00e8s huit ans de pontificat marqu\u00e9 par de multiples crises, Beno\u00eet XVI avait \u00e9t\u00e9 rattrap\u00e9 d\u00e9but 2022 par le drame de la p\u00e9docriminalit\u00e9 dans l&rsquo;Eglise. Mis en cause par un rapport en Allemagne sur sa gestion des violences sexuelles lorsqu&rsquo;il \u00e9tait archev\u00eaque de Munich, il \u00e9tait sorti de son silence pour demander \u00ab\u00a0pardon\u00a0\u00bb mais avait assur\u00e9 ne jamais avoir couvert de p\u00e9docriminel.<\/p>\n\n\n\n<p>Sa renonciation, annonc\u00e9e en latin le 11 f\u00e9vrier 2013, fut une d\u00e9cision personnelle li\u00e9e \u00e0 ses forces d\u00e9clinantes et non \u00e0 la pression de scandales, avait-il assur\u00e9 dans un livre de confidences paru en 2016.<\/p>\n\n\n\n<p>Par ce geste, in\u00e9dit en six si\u00e8cles, le premier pape allemand de l&rsquo;Histoire moderne a ouvert la voie \u00e0 ses successeurs dont les forces viendraient \u00e0 d\u00e9cliner. Fran\u00e7ois, \u00e2g\u00e9 de 86 ans et souffrant de douleurs au genou, a lui-m\u00eame laiss\u00e9 \u00ab\u00a0ouverte\u00a0\u00bb cette possibilit\u00e9.<\/p>\n\n\n\n<p>Mercredi, le pape Fran\u00e7ois avait appel\u00e9 \u00e0 une \u00ab\u00a0pri\u00e8re sp\u00e9ciale\u00a0\u00bb pour son pr\u00e9d\u00e9cesseur \u00ab\u00a0gravement malade\u00a0\u00bb et \u00e9tait all\u00e9 \u00e0 son chevet au monast\u00e8re Mater Ecclesiae.<\/p>\n\n\n\n<p>Beno\u00eet XVI \u00e9tait apparu de plus en plus fragile ces derniers mois, se d\u00e9pla\u00e7ant en chaise roulante, mais il continuait de recevoir des visiteurs. Les photos de sa derni\u00e8re visite re\u00e7ue, datant du 1er d\u00e9cembre, montraient un homme fr\u00eale et visiblement affaibli.<\/p>\n\n\n\n<p>N\u00e9 en 1927, Joseph Ratzinger a enseign\u00e9 la th\u00e9ologie durant 25 ans en Allemagne avant d&rsquo;\u00eatre nomm\u00e9 archev\u00eaque de Munich.<\/p>\n\n\n\n<p>Il est ensuite devenu le strict gardien du dogme de l&rsquo;Eglise durant un autre quart de si\u00e8cle \u00e0 Rome \u00e0 la t\u00eate de la congr\u00e9gation pour la doctrine de la foi, puis pape pendant huit ans (2005-2013), succ\u00e9dant \u00e0 Jean Paul II.<\/p>\n\n\n\n<p>En tant que chef de l&rsquo;Eglise catholique, il a d\u00e9fendu une ligne conservatrice, notamment sur l&rsquo;avortement, l&rsquo;homosexualit\u00e9 ou l&rsquo;euthanasie. Ses d\u00e9clarations ont parfois choqu\u00e9, comme sur l&rsquo;islam ou l&rsquo;utilisation du pr\u00e9servatif contre le VIH.<\/p>\n\n\n\n<p>Son pontificat fut \u00e9galement marqu\u00e9 en 2012 par la fuite de documents confidentiels (\u00ab\u00a0Vatileaks\u00a0\u00bb) orchestr\u00e9e par son majordome. Le scandale avait mis en \u00e9vidence une Curie romaine (gouvernement du Vatican) min\u00e9e par les intrigues et d\u00e9nu\u00e9e de rigueur financi\u00e8re.<\/p>\n\n\n\n<p>La derni\u00e8re vid\u00e9o de Beno\u00eet XVI, diffus\u00e9e par le Vatican en ao\u00fbt, montrait un homme amaigri, muni d&rsquo;un appareil auditif, ne pouvant plus parler mais au regard toujours vif.<\/p>\n","protected":false},"excerpt":{"rendered":"<p>Le pape \u00e9m\u00e9rite Beno\u00eet XVI, dont la renonciation en 2013 avait pris le monde entier par surprise, s&rsquo;est \u00e9teint samedi \u00e0 95 ans dans le monast\u00e8re des jardins du Vatican o\u00f9 il s&rsquo;\u00e9tait retir\u00e9. \u00ab\u00a0J&rsquo;ai la douleur de vous annoncer que le pape \u00e9m\u00e9rite, Beno\u00eet XVI, est d\u00e9c\u00e9d\u00e9 aujourd\u2019hui \u00e0 09H34, au monast\u00e8re Mater Ecclesiae, [&hellip;]<\/p>\n","protected":false},"author":2,"featured_media":23499,"comment_status":"open","ping_status":"open","sticky":false,"template":"","format":"standard","meta":{"_jetpack_memberships_contains_paid_content":false,"footnotes":"","jetpack_publicize_message":"","jetpack_publicize_feature_enabled":true,"jetpack_social_post_already_shared":true,"jetpack_social_options":{"image_generator_settings":{"template":"highway","default_image_id":0,"font":"","enabled":false},"version":2},"_wpas_customize_per_network":false},"categories":[405],"tags":[],"class_list":["post-23498","post","type-post","status-publish","format-standard","has-post-thumbnail","hentry","category-actu-france-monde"],"jetpack_publicize_connections":[],"jetpack_featured_media_url":"https:\/\/i0.wp.com\/www.iceagetv.com\/radiosite\/wp-content\/uploads\/2022\/12\/Lancien-pape-Benoit-XVI.jpg?fit=679%2C293&ssl=1","jetpack_sharing_enabled":true,"_links":{"self":[{"href":"https:\/\/www.iceagetv.com\/radiosite\/wp-json\/wp\/v2\/posts\/23498","targetHints":{"allow":["GET"]}}],"collection":[{"href":"https:\/\/www.iceagetv.com\/radiosite\/wp-json\/wp\/v2\/posts"}],"about":[{"href":"https:\/\/www.iceagetv.com\/radiosite\/wp-json\/wp\/v2\/types\/post"}],"author":[{"embeddable":true,"href":"https:\/\/www.iceagetv.com\/radiosite\/wp-json\/wp\/v2\/users\/2"}],"replies":[{"embeddable":true,"href":"https:\/\/www.iceagetv.com\/radiosite\/wp-json\/wp\/v2\/comments?post=23498"}],"version-history":[{"count":1,"href":"https:\/\/www.iceagetv.com\/radiosite\/wp-json\/wp\/v2\/posts\/23498\/revisions"}],"predecessor-version":[{"id":23500,"href":"https:\/\/www.iceagetv.com\/radiosite\/wp-json\/wp\/v2\/posts\/23498\/revisions\/23500"}],"wp:featuredmedia":[{"embeddable":true,"href":"https:\/\/www.iceagetv.com\/radiosite\/wp-json\/wp\/v2\/media\/23499"}],"wp:attachment":[{"href":"https:\/\/www.iceagetv.com\/radiosite\/wp-json\/wp\/v2\/media?parent=23498"}],"wp:term":[{"taxonomy":"category","embeddable":true,"href":"https:\/\/www.iceagetv.com\/radiosite\/wp-json\/wp\/v2\/categories?post=23498"},{"taxonomy":"post_tag","embeddable":true,"href":"https:\/\/www.iceagetv.com\/radiosite\/wp-json\/wp\/v2\/tags?post=23498"}],"curies":[{"name":"wp","href":"https:\/\/api.w.org\/{rel}","templated":true}]}}