{"id":23519,"date":"2023-01-01T18:28:19","date_gmt":"2023-01-01T18:28:19","guid":{"rendered":"https:\/\/www.iceagetv.com\/radiosite\/?p=23519"},"modified":"2023-01-01T18:28:19","modified_gmt":"2023-01-01T18:28:19","slug":"gerald-darmanin-veut-perenniser-la-presence-du-raid-a-mayotte","status":"publish","type":"post","link":"https:\/\/www.iceagetv.com\/radiosite\/gerald-darmanin-veut-perenniser-la-presence-du-raid-a-mayotte\/","title":{"rendered":"G\u00c9RALD DARMANIN VEUT \u00ab\u00a0P\u00c9RENNISER LA PR\u00c9SENCE DU RAID \u00c0 MAYOTTE\u00a0\u00bb"},"content":{"rendered":"\n<p><a href=\"https:\/\/www.bfmtv.com\/politique\/gerald-darmanin-s-exprime-depuis-mayotte_VN-202212310189.html\">En d\u00e9placement sur l&rsquo;archipel pour la quatri\u00e8me fois<\/a>&nbsp;depuis qu&rsquo;il est ministre de l&rsquo;Int\u00e9rieur, G\u00e9rald Darmanin a annonc\u00e9 dimanche au micro de BFMTV vouloir \u00ab\u00a0p\u00e9renniser la pr\u00e9sence du RAID \u00e0 Mayotte\u00a0\u00bb.<\/p>\n\n\n\n<p>\u00ab\u00a0Ils ont \u00e9t\u00e9 interpell\u00e9s et tout le monde constate que depuis l&rsquo;arriv\u00e9e du\u00a0<a href=\"https:\/\/www.bfmtv.com\/paris\/essonne-une-adolescente-blessee-par-balle-par-son-voisin-le-suspect-interpelle-par-le-raid_AN-202212270256.html\">RAID<\/a>\u00a0et l&rsquo;action du GIGN, l&rsquo;\u00eele est redevenue calme, ce qui est une tr\u00e8s bonne chose\u00a0\u00bb, a d\u00e9clar\u00e9 le ministre de l&rsquo;Int\u00e9rieur.<\/p>\n\n\n\n<p>L&rsquo;archipel,&nbsp;<a href=\"https:\/\/www.bfmtv.com\/police-justice\/violences-deploiement-du-raid-que-se-passe-t-il-a-mayotte_VN-202211230505.html\">en proie \u00e0 d&rsquo;importantes violences depuis plusieurs mois<\/a>, s&rsquo;\u00e9tait vu octroyer la pr\u00e9sence exceptionnelle de 12 policiers du RAID en novembre. Cette unit\u00e9 d&rsquo;intervention d&rsquo;\u00e9lite de la police est habituellement d\u00e9ploy\u00e9e dans le cadre d&rsquo;op\u00e9rations sp\u00e9ciales, et non pour du maintien de l&rsquo;ordre.<\/p>\n\n\n\n<p>\u00ab\u00a0Le RAID a aid\u00e9 les amis du GIGN (&#8230;) pour pouvoir faire des interpellations de personnes extr\u00eamement dangereuses\u00a0\u00bb, a-t-il relev\u00e9, justifiant la pr\u00e9sence de ces \u00ab\u00a0policiers sp\u00e9cialis\u00e9s\u00a0\u00bb.Le patron de la place Beauvau s&rsquo;est aussi de nouveau exprim\u00e9 sur l&rsquo;immigration clandestine, principalement en provenance des Comores, de Madagascar et de l&rsquo;Afrique des Grands Lacs (Burundi, RDC, Rwanda, Ouganda).<\/p>\n\n\n\n<p>L&rsquo;immigration n&rsquo;est pas incontr\u00f4l\u00e9e \u00e0 Mayotte mais elle est tr\u00e8s nombreuse. On dit ici que l&rsquo;immigration ill\u00e9gale est l&rsquo;\u00e9quivalent de la population l\u00e9gale sur le territoire mahorais\u00a0\u00bb, a relay\u00e9 le ministre de l&rsquo;Int\u00e9rieur.<\/p>\n\n\n\n<blockquote class=\"wp-block-quote is-layout-flow wp-block-quote-is-layout-flow\">\n<p>\u00ab\u00a0Un maire que j&rsquo;ai rencontr\u00e9 hier me disait que 30% de sa population (mahoraise) \u00e9tait \u00e0 l&rsquo;\u00e9cole primaire\u00a0\u00bb, a-t-il illustr\u00e9.<\/p>\n<\/blockquote>\n\n\n\n<p>Affirmant que 200 \u00ab\u00a0&lsquo;\u00e9trangers\u00a0\u00bb sur 230 qui tentent d&rsquo;accoster \u00e0 Mayotte sont interpell\u00e9s chaque jour, G\u00e9rald Darmanin a toutefois sugg\u00e9r\u00e9 qu&rsquo;il fallait \u00ab\u00a0sans doute passer la vitesse sup\u00e9rieure\u00a0\u00bb.<\/p>\n\n\n\n<p>Il mise pour cela sur le renforcement de la police judiciaire de Mayotte, d\u00e9j\u00e0 embray\u00e9 le 27 d\u00e9cembre avec le lancement d&rsquo;un office d&rsquo;enqu\u00eate sp\u00e9cifique contre l&rsquo;immigration irr\u00e9guli\u00e8re.<\/p>\n\n\n\n<p>Le ministre de l&rsquo;Int\u00e9rieur a \u00e9galement \u00e9voqu\u00e9 l&rsquo;augmentation du nombre d&rsquo;agents en pr\u00e9fecture \u00ab\u00a0pour lutte contre la fraude documentaire\u00a0\u00bb, ainsi que l&rsquo;\u00e9laboration d&rsquo;un \u00ab\u00a0travail de destruction de l&rsquo;<a href=\"https:\/\/www.bfmtv.com\/police-justice\/on-est-des-hors-la-loi-au-coeur-du-plus-grand-bidonville-de-france-a-mayotte_AV-202212050327.html\">habitat ill\u00e9gal<\/a>\u00ab\u00a0, les bidonvilles.<\/p>\n","protected":false},"excerpt":{"rendered":"<p>En d\u00e9placement sur l&rsquo;archipel pour la quatri\u00e8me fois&nbsp;depuis qu&rsquo;il est ministre de l&rsquo;Int\u00e9rieur, G\u00e9rald Darmanin a annonc\u00e9 dimanche au micro de BFMTV vouloir \u00ab\u00a0p\u00e9renniser la pr\u00e9sence du RAID \u00e0 Mayotte\u00a0\u00bb. \u00ab\u00a0Ils ont \u00e9t\u00e9 interpell\u00e9s et tout le monde constate que depuis l&rsquo;arriv\u00e9e du\u00a0RAID\u00a0et l&rsquo;action du GIGN, l&rsquo;\u00eele est redevenue calme, ce qui est une tr\u00e8s [&hellip;]<\/p>\n","protected":false},"author":2,"featured_media":23520,"comment_status":"open","ping_status":"open","sticky":false,"template":"","format":"standard","meta":{"_jetpack_memberships_contains_paid_content":false,"footnotes":"","jetpack_publicize_message":"","jetpack_publicize_feature_enabled":true,"jetpack_social_post_already_shared":true,"jetpack_social_options":{"image_generator_settings":{"template":"highway","default_image_id":0,"font":"","enabled":false},"version":2},"_wpas_customize_per_network":false},"categories":[405],"tags":[],"class_list":["post-23519","post","type-post","status-publish","format-standard","has-post-thumbnail","hentry","category-actu-france-monde"],"jetpack_publicize_connections":[],"jetpack_featured_media_url":"https:\/\/i0.wp.com\/www.iceagetv.com\/radiosite\/wp-content\/uploads\/2023\/01\/LA-PRESENCE-DU-RAID-A-MAYOTTE.jpg?fit=650%2C415&ssl=1","jetpack_sharing_enabled":true,"_links":{"self":[{"href":"https:\/\/www.iceagetv.com\/radiosite\/wp-json\/wp\/v2\/posts\/23519","targetHints":{"allow":["GET"]}}],"collection":[{"href":"https:\/\/www.iceagetv.com\/radiosite\/wp-json\/wp\/v2\/posts"}],"about":[{"href":"https:\/\/www.iceagetv.com\/radiosite\/wp-json\/wp\/v2\/types\/post"}],"author":[{"embeddable":true,"href":"https:\/\/www.iceagetv.com\/radiosite\/wp-json\/wp\/v2\/users\/2"}],"replies":[{"embeddable":true,"href":"https:\/\/www.iceagetv.com\/radiosite\/wp-json\/wp\/v2\/comments?post=23519"}],"version-history":[{"count":1,"href":"https:\/\/www.iceagetv.com\/radiosite\/wp-json\/wp\/v2\/posts\/23519\/revisions"}],"predecessor-version":[{"id":23521,"href":"https:\/\/www.iceagetv.com\/radiosite\/wp-json\/wp\/v2\/posts\/23519\/revisions\/23521"}],"wp:featuredmedia":[{"embeddable":true,"href":"https:\/\/www.iceagetv.com\/radiosite\/wp-json\/wp\/v2\/media\/23520"}],"wp:attachment":[{"href":"https:\/\/www.iceagetv.com\/radiosite\/wp-json\/wp\/v2\/media?parent=23519"}],"wp:term":[{"taxonomy":"category","embeddable":true,"href":"https:\/\/www.iceagetv.com\/radiosite\/wp-json\/wp\/v2\/categories?post=23519"},{"taxonomy":"post_tag","embeddable":true,"href":"https:\/\/www.iceagetv.com\/radiosite\/wp-json\/wp\/v2\/tags?post=23519"}],"curies":[{"name":"wp","href":"https:\/\/api.w.org\/{rel}","templated":true}]}}