{"id":23529,"date":"2023-01-02T06:10:48","date_gmt":"2023-01-02T06:10:48","guid":{"rendered":"https:\/\/www.iceagetv.com\/radiosite\/?p=23529"},"modified":"2023-01-02T06:10:48","modified_gmt":"2023-01-02T06:10:48","slug":"23529-2","status":"publish","type":"post","link":"https:\/\/www.iceagetv.com\/radiosite\/23529-2\/","title":{"rendered":""},"content":{"rendered":"\n<h1 class=\"wp-block-heading\">Le pr\u00e9sident Lula veut reconstruire le Br\u00e9sil et r\u00e9concilier les Br\u00e9siliens<\/h1>\n\n\n\n<p>\u00a0Le nouveau pr\u00e9sident du Br\u00e9sil Luiz Inacio Lula da Silva s&rsquo;est engag\u00e9 dimanche apr\u00e8s son intronisation au Congr\u00e8s \u00ab\u00a0\u00e0 reconstruire le pays\u00a0\u00bb et \u00e0 r\u00e9concilier des Br\u00e9siliens tr\u00e8s divis\u00e9s, en \u00e9voquant le bilan \u00ab\u00a0d\u00e9sastreux\u00a0\u00bb de son pr\u00e9d\u00e9cesseur Jair Bolsonaro.<\/p>\n\n\n\n<p>\u00ab\u00a0Je vais gouverner pour 215 millions de Br\u00e9siliens, et pas seulement ceux qui ont vot\u00e9 pour moi\u00a0\u00bb, a lanc\u00e9 devant une mar\u00e9e humaine un Lula visiblement \u00e9prouv\u00e9, \u00e0 77 ans, par une longue journ\u00e9e de c\u00e9r\u00e9monies et la chaleur estivale de Brasilia.<\/p>\n\n\n\n<p>Submerg\u00e9 par l&rsquo;\u00e9motion et s&rsquo;interrompant \u00e0 cause de sanglots, le chef historique de la gauche s&rsquo;est engag\u00e9 \u00e0 lutter contre la faim, \u00ab\u00a0le plus grave des crimes\u00a0\u00bb et \u00e0 \u00ab\u00a0combattre toutes les formes d&rsquo;in\u00e9galit\u00e9s\u00a0\u00bb. \u00ab\u00a0Plus personne ne sera un citoyen de seconde classe\u00a0\u00bb, a-t-il promis.<\/p>\n\n\n\n<p><a><\/a><a href=\"https:\/\/information.tv5monde.com\/info\/le-president-lula-veut-reconstruire-le-bresil-et-reconcilier-les-bresiliens-483604#photo1\"><\/a><a href=\"https:\/\/information.tv5monde.com\/video\/jpg\/23cd0677-a99d-4c8c-a06a-b4069b7d947c.jpg\"><\/a><a href=\"https:\/\/information.tv5monde.com\/video\/qt-hi\/23cd0677-a99d-4c8c-a06a-b4069b7d947c.640x360.mp4\"><\/a>\u00ab\u00a0C&rsquo;est comme une renaissance\u00a0\u00bb, a dit \u00e0 l&rsquo;AFP Lurdiana Ara\u00fajo, coiff\u00e9e d&rsquo;une casquette rouge. \u00ab\u00a0Nous avons pass\u00e9 quatre ans \u00e0 souffrir. Aujourd&rsquo;hui nous assistons \u00e0 une renaissance de la d\u00e9mocratie\u00a0\u00bb, insiste cette Br\u00e9silienne, qui a attendu des heures pour assister au discours de Lula devant le palais pr\u00e9sidentiel du Planalto.<\/p>\n\n\n\n<p>Peu avant, Lula avait accus\u00e9 Jair Bolsonaro, son pr\u00e9d\u00e9cesseur d&rsquo;extr\u00eame droite, qui a snob\u00e9 les c\u00e9r\u00e9monies, d&rsquo;avoir \u00ab\u00a0\u00e9puis\u00e9 les ressources de la sant\u00e9, d\u00e9mantel\u00e9 l&rsquo;\u00e9ducation, la culture, la science et la technologie et d\u00e9truit la protection de l&rsquo;environnement\u00a0\u00bb<\/p>\n","protected":false},"excerpt":{"rendered":"<p>Le pr\u00e9sident Lula veut reconstruire le Br\u00e9sil et r\u00e9concilier les Br\u00e9siliens \u00a0Le nouveau pr\u00e9sident du Br\u00e9sil Luiz Inacio Lula da Silva s&rsquo;est engag\u00e9 dimanche apr\u00e8s son intronisation au Congr\u00e8s \u00ab\u00a0\u00e0 reconstruire le pays\u00a0\u00bb et \u00e0 r\u00e9concilier des Br\u00e9siliens tr\u00e8s divis\u00e9s, en \u00e9voquant le bilan \u00ab\u00a0d\u00e9sastreux\u00a0\u00bb de son pr\u00e9d\u00e9cesseur Jair Bolsonaro. \u00ab\u00a0Je vais gouverner pour 215 [&hellip;]<\/p>\n","protected":false},"author":2,"featured_media":23530,"comment_status":"open","ping_status":"open","sticky":false,"template":"","format":"standard","meta":{"_jetpack_memberships_contains_paid_content":false,"footnotes":"","jetpack_publicize_message":"","jetpack_publicize_feature_enabled":true,"jetpack_social_post_already_shared":true,"jetpack_social_options":{"image_generator_settings":{"template":"highway","default_image_id":0,"font":"","enabled":false},"version":2},"_wpas_customize_per_network":false},"categories":[405],"tags":[],"class_list":["post-23529","post","type-post","status-publish","format-standard","has-post-thumbnail","hentry","category-actu-france-monde"],"jetpack_publicize_connections":[],"jetpack_featured_media_url":"https:\/\/i0.wp.com\/www.iceagetv.com\/radiosite\/wp-content\/uploads\/2023\/01\/Screenshot_20230102_071044.jpg?fit=850%2C656&ssl=1","jetpack_sharing_enabled":true,"_links":{"self":[{"href":"https:\/\/www.iceagetv.com\/radiosite\/wp-json\/wp\/v2\/posts\/23529","targetHints":{"allow":["GET"]}}],"collection":[{"href":"https:\/\/www.iceagetv.com\/radiosite\/wp-json\/wp\/v2\/posts"}],"about":[{"href":"https:\/\/www.iceagetv.com\/radiosite\/wp-json\/wp\/v2\/types\/post"}],"author":[{"embeddable":true,"href":"https:\/\/www.iceagetv.com\/radiosite\/wp-json\/wp\/v2\/users\/2"}],"replies":[{"embeddable":true,"href":"https:\/\/www.iceagetv.com\/radiosite\/wp-json\/wp\/v2\/comments?post=23529"}],"version-history":[{"count":1,"href":"https:\/\/www.iceagetv.com\/radiosite\/wp-json\/wp\/v2\/posts\/23529\/revisions"}],"predecessor-version":[{"id":23531,"href":"https:\/\/www.iceagetv.com\/radiosite\/wp-json\/wp\/v2\/posts\/23529\/revisions\/23531"}],"wp:featuredmedia":[{"embeddable":true,"href":"https:\/\/www.iceagetv.com\/radiosite\/wp-json\/wp\/v2\/media\/23530"}],"wp:attachment":[{"href":"https:\/\/www.iceagetv.com\/radiosite\/wp-json\/wp\/v2\/media?parent=23529"}],"wp:term":[{"taxonomy":"category","embeddable":true,"href":"https:\/\/www.iceagetv.com\/radiosite\/wp-json\/wp\/v2\/categories?post=23529"},{"taxonomy":"post_tag","embeddable":true,"href":"https:\/\/www.iceagetv.com\/radiosite\/wp-json\/wp\/v2\/tags?post=23529"}],"curies":[{"name":"wp","href":"https:\/\/api.w.org\/{rel}","templated":true}]}}