{"id":23540,"date":"2023-01-02T16:54:16","date_gmt":"2023-01-02T16:54:16","guid":{"rendered":"https:\/\/www.iceagetv.com\/radiosite\/?p=23540"},"modified":"2023-01-02T16:54:16","modified_gmt":"2023-01-02T16:54:16","slug":"lacademie-des-cesar-decide-de-mettre-en-retrait-pour-sa-prochaine-ceremonie-les-personnes-mises-en-cause-par-la-justice-pour-des-faits-de-violence","status":"publish","type":"post","link":"https:\/\/www.iceagetv.com\/radiosite\/lacademie-des-cesar-decide-de-mettre-en-retrait-pour-sa-prochaine-ceremonie-les-personnes-mises-en-cause-par-la-justice-pour-des-faits-de-violence\/","title":{"rendered":"L&rsquo;Acad\u00e9mie des C\u00e9sar d\u00e9cide de mettre en retrait, pour sa prochaine c\u00e9r\u00e9monie, les personnes \u00ab\u00a0mises en cause par la justice pour des faits de violence\u00a0\u00bb"},"content":{"rendered":"\n<p>L&rsquo;Acad\u00e9mie des C\u00e9sar a d\u00e9cid\u00e9 de mettre en retrait, pour sa prochaine c\u00e9r\u00e9monie, les personnes \u00ab\u00a0mises en cause par la justice pour des faits de violence\u00a0\u00bb.&nbsp;\u00ab\u00a0Par respect pour les victimes (m\u00eame pr\u00e9sum\u00e9es en cas de mise en examen ou de condamnation non d\u00e9finitive), il a \u00e9t\u00e9 d\u00e9cid\u00e9 de ne pas mettre en lumi\u00e8re des personnes qui seraient mises en cause par la justice pour des faits de violence\u00a0\u00bb, d\u00e9clare l&rsquo;Acad\u00e9mie des C\u00e9sar dans un communiqu\u00e9.<\/p>\n\n\n\n<p>Cette annonce intervient dans la foul\u00e9e de l&rsquo;enqu\u00eate visant Sofiane Bennacer, jeune com\u00e9dien r\u00e9v\u00e9l\u00e9 dans Les Amandiers et mis en examen pour viols.<\/p>\n\n\n\n<p>En novembre, l\u2019Acad\u00e9mie des C\u00e9sar avait annonc\u00e9 qu\u2019elle ouvrirait, \u00ab dans les meilleurs d\u00e9lais \u00bb, une r\u00e9flexion sur son r\u00e8glement, qui ne pr\u00e9voyait pas jusque-l\u00e0 l\u2019hypoth\u00e8se d\u2019une mise en cause judiciaire d\u2019un participant \u00e0 un film susceptible d\u2019\u00eatre \u00e9lu.<\/p>\n","protected":false},"excerpt":{"rendered":"<p>L&rsquo;Acad\u00e9mie des C\u00e9sar a d\u00e9cid\u00e9 de mettre en retrait, pour sa prochaine c\u00e9r\u00e9monie, les personnes \u00ab\u00a0mises en cause par la justice pour des faits de violence\u00a0\u00bb.&nbsp;\u00ab\u00a0Par respect pour les victimes (m\u00eame pr\u00e9sum\u00e9es en cas de mise en examen ou de condamnation non d\u00e9finitive), il a \u00e9t\u00e9 d\u00e9cid\u00e9 de ne pas mettre en lumi\u00e8re des personnes [&hellip;]<\/p>\n","protected":false},"author":2,"featured_media":23541,"comment_status":"open","ping_status":"open","sticky":false,"template":"","format":"standard","meta":{"_jetpack_memberships_contains_paid_content":false,"footnotes":"","jetpack_publicize_message":"","jetpack_publicize_feature_enabled":true,"jetpack_social_post_already_shared":true,"jetpack_social_options":{"image_generator_settings":{"template":"highway","default_image_id":0,"font":"","enabled":false},"version":2},"_wpas_customize_per_network":false},"categories":[68],"tags":[],"class_list":["post-23540","post","type-post","status-publish","format-standard","has-post-thumbnail","hentry","category-actu-culturelle"],"jetpack_publicize_connections":[],"jetpack_featured_media_url":"https:\/\/i0.wp.com\/www.iceagetv.com\/radiosite\/wp-content\/uploads\/2023\/01\/LAcademie-des-Cesar-decide-de-mettre-en-retrait.jpg?fit=605%2C265&ssl=1","jetpack_sharing_enabled":true,"_links":{"self":[{"href":"https:\/\/www.iceagetv.com\/radiosite\/wp-json\/wp\/v2\/posts\/23540","targetHints":{"allow":["GET"]}}],"collection":[{"href":"https:\/\/www.iceagetv.com\/radiosite\/wp-json\/wp\/v2\/posts"}],"about":[{"href":"https:\/\/www.iceagetv.com\/radiosite\/wp-json\/wp\/v2\/types\/post"}],"author":[{"embeddable":true,"href":"https:\/\/www.iceagetv.com\/radiosite\/wp-json\/wp\/v2\/users\/2"}],"replies":[{"embeddable":true,"href":"https:\/\/www.iceagetv.com\/radiosite\/wp-json\/wp\/v2\/comments?post=23540"}],"version-history":[{"count":1,"href":"https:\/\/www.iceagetv.com\/radiosite\/wp-json\/wp\/v2\/posts\/23540\/revisions"}],"predecessor-version":[{"id":23542,"href":"https:\/\/www.iceagetv.com\/radiosite\/wp-json\/wp\/v2\/posts\/23540\/revisions\/23542"}],"wp:featuredmedia":[{"embeddable":true,"href":"https:\/\/www.iceagetv.com\/radiosite\/wp-json\/wp\/v2\/media\/23541"}],"wp:attachment":[{"href":"https:\/\/www.iceagetv.com\/radiosite\/wp-json\/wp\/v2\/media?parent=23540"}],"wp:term":[{"taxonomy":"category","embeddable":true,"href":"https:\/\/www.iceagetv.com\/radiosite\/wp-json\/wp\/v2\/categories?post=23540"},{"taxonomy":"post_tag","embeddable":true,"href":"https:\/\/www.iceagetv.com\/radiosite\/wp-json\/wp\/v2\/tags?post=23540"}],"curies":[{"name":"wp","href":"https:\/\/api.w.org\/{rel}","templated":true}]}}