{"id":23549,"date":"2023-01-04T10:57:11","date_gmt":"2023-01-04T10:57:11","guid":{"rendered":"https:\/\/www.iceagetv.com\/radiosite\/?p=23549"},"modified":"2023-01-04T10:57:11","modified_gmt":"2023-01-04T10:57:11","slug":"le-porte-parole-du-gouvernement-olivier-veran-indique-que-la-menace-de-coupures-de-courant-cet-hiver-semble-secarter","status":"publish","type":"post","link":"https:\/\/www.iceagetv.com\/radiosite\/le-porte-parole-du-gouvernement-olivier-veran-indique-que-la-menace-de-coupures-de-courant-cet-hiver-semble-secarter\/","title":{"rendered":"Le porte-parole du gouvernement Olivier V\u00e9ran indique que la menace de coupures de courant cet hiver \u00ab\u00a0semble s&rsquo;\u00e9carter"},"content":{"rendered":"\n<p>Ce matin, le porte-parole du gouvernement Olivier V\u00e9ran faisait le premier compte rendu du Conseil des ministres de l&rsquo;ann\u00e9e. Il est notamment revenu sur le risque de coupures de courant en France.<\/p>\n\n\n\n<p>Olivier V\u00e9ran a indiqu\u00e9 que la menace de coupures de courant cet hiver \u00ab\u00a0semble s&rsquo;\u00e9carter\u00a0\u00bb. \u00ab\u00a0Les derniers indicateurs sont plut\u00f4t rassurants\u00a0\u00bb, a-t-il pr\u00e9cis\u00e9 devant les journalistes.&nbsp;<\/p>\n\n\n\n<p>La semaine derni\u00e8re, la consommation d&rsquo;\u00e9lectricit\u00e9 a recul\u00e9 de 8,5% par rapport \u00e0 la moyenne des ann\u00e9es pr\u00e9c\u00e9dentes, selon les chiffres du gestionnaire RTE.<\/p>\n","protected":false},"excerpt":{"rendered":"<p>Ce matin, le porte-parole du gouvernement Olivier V\u00e9ran faisait le premier compte rendu du Conseil des ministres de l&rsquo;ann\u00e9e. Il est notamment revenu sur le risque de coupures de courant en France. Olivier V\u00e9ran a indiqu\u00e9 que la menace de coupures de courant cet hiver \u00ab\u00a0semble s&rsquo;\u00e9carter\u00a0\u00bb. \u00ab\u00a0Les derniers indicateurs sont plut\u00f4t rassurants\u00a0\u00bb, a-t-il pr\u00e9cis\u00e9 [&hellip;]<\/p>\n","protected":false},"author":2,"featured_media":23550,"comment_status":"open","ping_status":"open","sticky":false,"template":"","format":"standard","meta":{"_jetpack_memberships_contains_paid_content":false,"footnotes":"","jetpack_publicize_message":"","jetpack_publicize_feature_enabled":true,"jetpack_social_post_already_shared":true,"jetpack_social_options":{"image_generator_settings":{"template":"highway","default_image_id":0,"font":"","enabled":false},"version":2},"_wpas_customize_per_network":false},"categories":[405],"tags":[],"class_list":["post-23549","post","type-post","status-publish","format-standard","has-post-thumbnail","hentry","category-actu-france-monde"],"jetpack_publicize_connections":[],"jetpack_featured_media_url":"https:\/\/i0.wp.com\/www.iceagetv.com\/radiosite\/wp-content\/uploads\/2023\/01\/Le-porte-parole-du-gouvernement-Olivier-Veran.jpg?fit=679%2C293&ssl=1","jetpack_sharing_enabled":true,"_links":{"self":[{"href":"https:\/\/www.iceagetv.com\/radiosite\/wp-json\/wp\/v2\/posts\/23549","targetHints":{"allow":["GET"]}}],"collection":[{"href":"https:\/\/www.iceagetv.com\/radiosite\/wp-json\/wp\/v2\/posts"}],"about":[{"href":"https:\/\/www.iceagetv.com\/radiosite\/wp-json\/wp\/v2\/types\/post"}],"author":[{"embeddable":true,"href":"https:\/\/www.iceagetv.com\/radiosite\/wp-json\/wp\/v2\/users\/2"}],"replies":[{"embeddable":true,"href":"https:\/\/www.iceagetv.com\/radiosite\/wp-json\/wp\/v2\/comments?post=23549"}],"version-history":[{"count":1,"href":"https:\/\/www.iceagetv.com\/radiosite\/wp-json\/wp\/v2\/posts\/23549\/revisions"}],"predecessor-version":[{"id":23551,"href":"https:\/\/www.iceagetv.com\/radiosite\/wp-json\/wp\/v2\/posts\/23549\/revisions\/23551"}],"wp:featuredmedia":[{"embeddable":true,"href":"https:\/\/www.iceagetv.com\/radiosite\/wp-json\/wp\/v2\/media\/23550"}],"wp:attachment":[{"href":"https:\/\/www.iceagetv.com\/radiosite\/wp-json\/wp\/v2\/media?parent=23549"}],"wp:term":[{"taxonomy":"category","embeddable":true,"href":"https:\/\/www.iceagetv.com\/radiosite\/wp-json\/wp\/v2\/categories?post=23549"},{"taxonomy":"post_tag","embeddable":true,"href":"https:\/\/www.iceagetv.com\/radiosite\/wp-json\/wp\/v2\/tags?post=23549"}],"curies":[{"name":"wp","href":"https:\/\/api.w.org\/{rel}","templated":true}]}}