{"id":23552,"date":"2023-01-04T14:21:44","date_gmt":"2023-01-04T14:21:44","guid":{"rendered":"https:\/\/www.iceagetv.com\/radiosite\/?p=23552"},"modified":"2023-01-04T14:21:44","modified_gmt":"2023-01-04T14:21:44","slug":"cout-de-lenergie-les-restaurateurs-seront-recus-jeudi-a-bercy","status":"publish","type":"post","link":"https:\/\/www.iceagetv.com\/radiosite\/cout-de-lenergie-les-restaurateurs-seront-recus-jeudi-a-bercy\/","title":{"rendered":"CO\u00dbT DE L&rsquo;\u00c9NERGIE: LES RESTAURATEURS SERONT RE\u00c7US JEUDI \u00c0 BERCY"},"content":{"rendered":"\n<p>Les repr\u00e9sentants des restaurateurs r\u00e9clament des aides pour payer leurs factures d&rsquo;\u00e9nergie, mais Bruno Le Maire a d\u00e9j\u00e0 pr\u00e9venu qu&rsquo;ils ne devaient pas s&rsquo;attendre aux m\u00eames aides que les boulangers.<\/p>\n\n\n\n<p>Les repr\u00e9sentants des restaurateurs, qui r\u00e9clament&nbsp;<a href=\"https:\/\/www.bfmtv.com\/politique\/gouvernement\/ca-peut-faire-peter-les-campagnes-pourquoi-le-gouvernement-accelere-pour-aider-les-boulangers_AN-202301030584.html\">des aides pour payer leurs factures d&rsquo;\u00e9nergie<\/a>, seront re\u00e7us jeudi \u00e0 17 heures par le ministre de l&rsquo;Economie Bruno Le Maire et la ministre d\u00e9l\u00e9gu\u00e9e aux PME Olivia Gr\u00e9goire, a annonc\u00e9 Bercy mercredi.<\/p>\n\n\n\n<p>Bruno Le Maire avait annonc\u00e9 cette rencontre dans la matin\u00e9e sur France Inter, tout en pr\u00e9venant les restaurateurs qu&rsquo;ils ne devaient pas s&rsquo;attendre\u00a0<a href=\"https:\/\/www.bfmtv.com\/economie\/entreprises\/prix-de-l-energie-les-boulangers-dont-les-factures-ont-explose-pourront-resilier-leur-contrat-sans-frais_AV-202301030417.html\">aux m\u00eames aides que les boulangers<\/a>. Ceux-ci ont obtenu de pouvoir ren\u00e9gocier leurs factures d&rsquo;\u00e9lectricit\u00e9 ou de gaz sans p\u00e9nalit\u00e9s.<\/p>\n\n\n\n<p>La situation est tr\u00e8s diff\u00e9rente. Je viens rappeler un principe cl\u00e9 de l&rsquo;ann\u00e9e 2023: les aides seront cibl\u00e9es d\u00e9sormais sur ceux qui en ont le plus besoin\u00a0\u00bb, a d\u00e9clar\u00e9 le ministre. \u00ab\u00a0Les boulangers ont l&rsquo;augmentation du prix du beurre, de la farine, de toutes les mati\u00e8res premi\u00e8res, de 20, 30, 40% et de l&rsquo;\u00e9lectricit\u00e9. Ce sont les seuls qui sont dans ce cas\u00a0\u00bb, \u00e0 l&rsquo;exception de quelques autres professions comme \u00ab\u00a0les bouchers, qui sont aussi en vraie difficult\u00e9\u00a0\u00bb, a expliqu\u00e9 Bruno Le Maire.<\/p>\n\n\n\n<blockquote class=\"wp-block-quote is-layout-flow wp-block-quote-is-layout-flow\">\n<p>\u00ab\u00a0Les restaurateurs, ce n&rsquo;est pas la m\u00eame situation. On va \u00e9videmment les recevoir comme on l&rsquo;a fait chaque fois, mais chacun n&rsquo;aura pas les m\u00eames dispositifs\u00a0\u00bb, a-t-il insist\u00e9.<\/p>\n<\/blockquote>\n\n\n\n<h2 class=\"wp-block-heading\">Bouclier tarifaire<\/h2>\n\n\n\n<blockquote class=\"wp-block-quote is-layout-flow wp-block-quote-is-layout-flow\">\n<p>Mais les difficult\u00e9s rencontr\u00e9es par les restaurateurs sont \u00ab\u00a0tr\u00e8s proches de celles des boulangers\u00a0\u00bb, a r\u00e9agi aupr\u00e8s de l&rsquo;AFP Franck Trouet, porte-parole du syndicat patronal des ind\u00e9pendants de l&rsquo;h\u00f4tellerie-restauration, le GNI.Nous sommes nous aussi de gros consommateurs d&rsquo;\u00e9nergie, tr\u00e8s impact\u00e9s parce que le bouclier tarifaire ne s&rsquo;applique pas (&#8230;) nous avons subi l&rsquo;inflation de la masse salariale et celle des mati\u00e8res premi\u00e8res [\u2026] parce que les \u00e9leveurs [et] les agriculteurs nous r\u00e9percutent leurs probl\u00e8mes de prix\u00a0\u00bb, a-t-il d\u00e9taill\u00e9.<\/p>\n<\/blockquote>\n","protected":false},"excerpt":{"rendered":"<p>Les repr\u00e9sentants des restaurateurs r\u00e9clament des aides pour payer leurs factures d&rsquo;\u00e9nergie, mais Bruno Le Maire a d\u00e9j\u00e0 pr\u00e9venu qu&rsquo;ils ne devaient pas s&rsquo;attendre aux m\u00eames aides que les boulangers. Les repr\u00e9sentants des restaurateurs, qui r\u00e9clament&nbsp;des aides pour payer leurs factures d&rsquo;\u00e9nergie, seront re\u00e7us jeudi \u00e0 17 heures par le ministre de l&rsquo;Economie Bruno Le [&hellip;]<\/p>\n","protected":false},"author":2,"featured_media":23553,"comment_status":"open","ping_status":"open","sticky":false,"template":"","format":"standard","meta":{"_jetpack_memberships_contains_paid_content":false,"footnotes":"","jetpack_publicize_message":"","jetpack_publicize_feature_enabled":true,"jetpack_social_post_already_shared":true,"jetpack_social_options":{"image_generator_settings":{"template":"highway","default_image_id":0,"font":"","enabled":false},"version":2},"_wpas_customize_per_network":false},"categories":[405],"tags":[],"class_list":["post-23552","post","type-post","status-publish","format-standard","has-post-thumbnail","hentry","category-actu-france-monde"],"jetpack_publicize_connections":[],"jetpack_featured_media_url":"https:\/\/i0.wp.com\/www.iceagetv.com\/radiosite\/wp-content\/uploads\/2023\/01\/COUT-DE-LENERGIE.jpg?fit=680%2C383&ssl=1","jetpack_sharing_enabled":true,"_links":{"self":[{"href":"https:\/\/www.iceagetv.com\/radiosite\/wp-json\/wp\/v2\/posts\/23552","targetHints":{"allow":["GET"]}}],"collection":[{"href":"https:\/\/www.iceagetv.com\/radiosite\/wp-json\/wp\/v2\/posts"}],"about":[{"href":"https:\/\/www.iceagetv.com\/radiosite\/wp-json\/wp\/v2\/types\/post"}],"author":[{"embeddable":true,"href":"https:\/\/www.iceagetv.com\/radiosite\/wp-json\/wp\/v2\/users\/2"}],"replies":[{"embeddable":true,"href":"https:\/\/www.iceagetv.com\/radiosite\/wp-json\/wp\/v2\/comments?post=23552"}],"version-history":[{"count":1,"href":"https:\/\/www.iceagetv.com\/radiosite\/wp-json\/wp\/v2\/posts\/23552\/revisions"}],"predecessor-version":[{"id":23554,"href":"https:\/\/www.iceagetv.com\/radiosite\/wp-json\/wp\/v2\/posts\/23552\/revisions\/23554"}],"wp:featuredmedia":[{"embeddable":true,"href":"https:\/\/www.iceagetv.com\/radiosite\/wp-json\/wp\/v2\/media\/23553"}],"wp:attachment":[{"href":"https:\/\/www.iceagetv.com\/radiosite\/wp-json\/wp\/v2\/media?parent=23552"}],"wp:term":[{"taxonomy":"category","embeddable":true,"href":"https:\/\/www.iceagetv.com\/radiosite\/wp-json\/wp\/v2\/categories?post=23552"},{"taxonomy":"post_tag","embeddable":true,"href":"https:\/\/www.iceagetv.com\/radiosite\/wp-json\/wp\/v2\/tags?post=23552"}],"curies":[{"name":"wp","href":"https:\/\/api.w.org\/{rel}","templated":true}]}}