{"id":23572,"date":"2023-01-06T15:58:47","date_gmt":"2023-01-06T15:58:47","guid":{"rendered":"https:\/\/www.iceagetv.com\/radiosite\/?p=23572"},"modified":"2023-01-06T15:58:47","modified_gmt":"2023-01-06T15:58:47","slug":"crise-de-lenergie-totalenergies-electricite-et-gaz-france-propose-de-ramener-les-contrats-des-tpe-a-un-prix-annuel-moyen-de-320e-ht-le-mwh","status":"publish","type":"post","link":"https:\/\/www.iceagetv.com\/radiosite\/crise-de-lenergie-totalenergies-electricite-et-gaz-france-propose-de-ramener-les-contrats-des-tpe-a-un-prix-annuel-moyen-de-320e-ht-le-mwh\/","title":{"rendered":"Crise de l&rsquo;\u00e9nergie: Total\u00c9nergies \u00c9lectricit\u00e9 et Gaz France propose de ramener les contrats des TPE \u00e0 un prix annuel moyen de 320\u20ac HT le MWh"},"content":{"rendered":"\n<p>TotalEnergies est entr\u00e9 dans le march\u00e9 de l\u2019\u00e9lectricit\u00e9 en 2017 avec l\u2019ambition de devenir un acteur int\u00e9gr\u00e9 de la production \u00e0 la distribution.&nbsp;TotalEnergies \u00c9lectricit\u00e9 et Gaz France&nbsp;vend ainsi de l\u2019\u00e9lectricit\u00e9 \u00e0 5,7 millions de sites et dispose en France d\u2019un parc de production de centrales \u00e0 gaz de 2,6 GW et d\u2019un parc d\u2019\u00e9nergies renouvelables de 1,5 GW ne couvrant qu\u2019une partie de ses ventes et le conduisant \u00e0 s\u2019approvisionner sur le march\u00e9 de gros.<\/p>\n\n\n\n<p>TotalEnergies \u00c9lectricit\u00e9 et Gaz France&nbsp;a d\u00fb prendre en compte le co\u00fbt de cet approvisionnement, qui a atteint des niveaux records pouvant aller au-del\u00e0 de 1000 \u20ac le m\u00e9gawattheure (MWh), dans les offres propos\u00e9es entre ao\u00fbt et novembre 2022 aux clients professionnels.<\/p>\n\n\n\n<p>TotalEnergies note par ailleurs que les r\u00e9sultats des activit\u00e9s de production d\u2019\u00e9lectricit\u00e9 ont fait l\u2019objet de nouvelles taxes (taxation des rentes infra-marginales) dans le cadre de la derni\u00e8re loi de finances ne permettant pas \u00e0 son activit\u00e9 int\u00e9gr\u00e9e de production et de distribution d\u2019\u00e9lectricit\u00e9 d\u2019atteindre l\u2019\u00e9quilibre financier sur l\u2019ann\u00e9e 2022.<\/p>\n\n\n\n<p>Conscient de l\u2019impact majeur des prix de l\u2019\u00e9lectricit\u00e9 sur l\u2019activit\u00e9 \u00e9conomique des TPE et au nom de la solidarit\u00e9 nationale,&nbsp;TotalEnergies \u00c9lectricit\u00e9 et Gaz France&nbsp;veut se mobiliser pour les aider \u00e0 faire face aux difficult\u00e9s caus\u00e9es par cette crise \u00e9nerg\u00e9tique sans pr\u00e9c\u00e9dent.<\/p>\n\n\n\n<p>Compte tenu de la baisse des cours de l\u2019\u00e9lectricit\u00e9 observ\u00e9e en ce d\u00e9but d\u2019ann\u00e9e 2023,&nbsp;TotalEnergies \u00c9lectricit\u00e9 et Gaz France&nbsp;publiera lundi une mise \u00e0 jour de sa grille tarifaire Horizon \u00e9lectricit\u00e9 qui tiendra compte de la baisse r\u00e9cente des prix de l\u2019\u00e9lectricit\u00e9, au tarif de 320 \u20ac HT le m\u00e9gawattheure (MWh).&nbsp;<\/p>\n\n\n\n<p>En outre,&nbsp;TotalEnergies \u00c9lectricit\u00e9 et Gaz France&nbsp;est pr\u00eat \u00e0 engager des r\u00e9visions de tarifs avec les TPE (soci\u00e9t\u00e9 avec un chiffre d\u2019affaires ou un bilan inf\u00e9rieur \u00e0 2 millions d\u2019euros annuel et moins de 10 salari\u00e9s) ayant sign\u00e9 un contrat Horizon entre le 1er ao\u00fbt et le 30 novembre 2022.&nbsp;TotalEnergies \u00c9lectricit\u00e9 et Gaz France&nbsp;propose de ramener ces contrats \u00e0 un prix annuel moyen de 320 \u20ac HT le MWh apr\u00e8s prise en compte du m\u00e9canisme d\u2019amortissement mis en place par les pouvoirs publics au b\u00e9n\u00e9fice des TPE. Ainsi, ces TPE b\u00e9n\u00e9ficieront d\u2019un tarif \u00e9quivalent au tarif Horizon propos\u00e9 \u00e0 compter de janvier 2023. Les TPE concern\u00e9es qui en feront la demande b\u00e9n\u00e9ficieront de ces nouveaux tarifs avec effet r\u00e9troactif \u00e0 la date d\u2019application des contrats.&nbsp;<\/p>\n\n\n\n<p>Pour mettre en \u0153uvre ces propositions,&nbsp;TotalEnergies \u00c9lectricit\u00e9 et Gaz France&nbsp;a la volont\u00e9 d\u2019engager un dialogue constructif avec les pouvoirs publics de fa\u00e7on \u00e0 d\u00e9finir les m\u00e9canismes permettant \u00e0 la fois de r\u00e9pondre aux demandes des TPE et \u00e0 celles des fournisseurs d\u2019\u00e9lectricit\u00e9, int\u00e9gr\u00e9s ou non, d\u2019exercer leur activit\u00e9 de production et distribution d\u2019\u00e9lectricit\u00e9 dans des conditions \u00e9conomiquement viables.<\/p>\n","protected":false},"excerpt":{"rendered":"<p>TotalEnergies est entr\u00e9 dans le march\u00e9 de l\u2019\u00e9lectricit\u00e9 en 2017 avec l\u2019ambition de devenir un acteur int\u00e9gr\u00e9 de la production \u00e0 la distribution.&nbsp;TotalEnergies \u00c9lectricit\u00e9 et Gaz France&nbsp;vend ainsi de l\u2019\u00e9lectricit\u00e9 \u00e0 5,7 millions de sites et dispose en France d\u2019un parc de production de centrales \u00e0 gaz de 2,6 GW et d\u2019un parc d\u2019\u00e9nergies renouvelables [&hellip;]<\/p>\n","protected":false},"author":2,"featured_media":23573,"comment_status":"open","ping_status":"open","sticky":false,"template":"","format":"standard","meta":{"_jetpack_memberships_contains_paid_content":false,"footnotes":"","jetpack_publicize_message":"","jetpack_publicize_feature_enabled":true,"jetpack_social_post_already_shared":true,"jetpack_social_options":{"image_generator_settings":{"template":"highway","default_image_id":0,"font":"","enabled":false},"version":2},"_wpas_customize_per_network":false},"categories":[405],"tags":[],"class_list":["post-23572","post","type-post","status-publish","format-standard","has-post-thumbnail","hentry","category-actu-france-monde"],"jetpack_publicize_connections":[],"jetpack_featured_media_url":"https:\/\/i0.wp.com\/www.iceagetv.com\/radiosite\/wp-content\/uploads\/2023\/01\/TotalEnergies-Electricite-et-Gaz.jpg?fit=679%2C293&ssl=1","jetpack_sharing_enabled":true,"_links":{"self":[{"href":"https:\/\/www.iceagetv.com\/radiosite\/wp-json\/wp\/v2\/posts\/23572","targetHints":{"allow":["GET"]}}],"collection":[{"href":"https:\/\/www.iceagetv.com\/radiosite\/wp-json\/wp\/v2\/posts"}],"about":[{"href":"https:\/\/www.iceagetv.com\/radiosite\/wp-json\/wp\/v2\/types\/post"}],"author":[{"embeddable":true,"href":"https:\/\/www.iceagetv.com\/radiosite\/wp-json\/wp\/v2\/users\/2"}],"replies":[{"embeddable":true,"href":"https:\/\/www.iceagetv.com\/radiosite\/wp-json\/wp\/v2\/comments?post=23572"}],"version-history":[{"count":1,"href":"https:\/\/www.iceagetv.com\/radiosite\/wp-json\/wp\/v2\/posts\/23572\/revisions"}],"predecessor-version":[{"id":23574,"href":"https:\/\/www.iceagetv.com\/radiosite\/wp-json\/wp\/v2\/posts\/23572\/revisions\/23574"}],"wp:featuredmedia":[{"embeddable":true,"href":"https:\/\/www.iceagetv.com\/radiosite\/wp-json\/wp\/v2\/media\/23573"}],"wp:attachment":[{"href":"https:\/\/www.iceagetv.com\/radiosite\/wp-json\/wp\/v2\/media?parent=23572"}],"wp:term":[{"taxonomy":"category","embeddable":true,"href":"https:\/\/www.iceagetv.com\/radiosite\/wp-json\/wp\/v2\/categories?post=23572"},{"taxonomy":"post_tag","embeddable":true,"href":"https:\/\/www.iceagetv.com\/radiosite\/wp-json\/wp\/v2\/tags?post=23572"}],"curies":[{"name":"wp","href":"https:\/\/api.w.org\/{rel}","templated":true}]}}