{"id":23583,"date":"2023-01-07T17:16:37","date_gmt":"2023-01-07T17:16:37","guid":{"rendered":"https:\/\/www.iceagetv.com\/radiosite\/?p=23583"},"modified":"2023-01-07T17:16:37","modified_gmt":"2023-01-07T17:16:37","slug":"gilets-jaunes-a-paris-toulouse-et-strasbourg-un-appel-a-la-manifestation-tres-peu-suivi","status":"publish","type":"post","link":"https:\/\/www.iceagetv.com\/radiosite\/gilets-jaunes-a-paris-toulouse-et-strasbourg-un-appel-a-la-manifestation-tres-peu-suivi\/","title":{"rendered":"GILETS JAUNES: \u00c0 PARIS, TOULOUSE ET STRASBOURG, UN APPEL \u00c0 LA MANIFESTATION TR\u00c8S PEU SUIVI"},"content":{"rendered":"\n<p>Plusieurs centaines de gilets jaunes se sont mobilis\u00e9s ce samedi \u00e0 Paris, Toulouse, Strasbourg ou Mulhouse, contre la r\u00e9forme des retraites, l&rsquo;inflation et la hausse du co\u00fbt de l&rsquo;\u00e9nergie.<\/p>\n\n\n\n<p>De l&rsquo;aveu m\u00eame de certains manifestants,&nbsp;<a href=\"https:\/\/www.bfmtv.com\/societe\/manifestation-des-gilets-jaunes-a-quoi-s-attendre-pour-cette-nouvelle-journee-de-mobilisation_AV-202301070027.html\">la mobilisation des gilets jaunes<\/a>&nbsp;\u00e9tait \u00ab\u00a0plut\u00f4t faible\u00a0\u00bb ce samedi. Selon notre reporter pr\u00e9sent dans le cort\u00e8ge parisien, environ 500 personnes \u00e9taient pr\u00e9sentes dans les rues de la capitale. Le dernier d\u00e9fil\u00e9 des Gilets jaunes, le 19 novembre, avait rassembl\u00e9 680 contestataires \u00e0 Paris,&nbsp;<a href=\"https:\/\/www.bfmtv.com\/paris\/plusieurs-centaines-de-gilets-jaunes-manifestent-a-paris-pour-les-quatre-ans-du-mouvement_AD-202211190397.html\">selon la pr\u00e9fecture de police<\/a>.<\/p>\n\n\n\n<p>Les manifestants, partis de la place Breteuil (7e arrondissement), aux environ de 14h45, pour rejoindre la place du bataillon du Pacifique (10e arrondissement), avaient plus revendications \u00e0 d\u00e9fendre, comme leur opposition \u00e0 la r\u00e9forme des retraites, et souhaitant rappeler l&rsquo;importance de l&rsquo;inflation et du co\u00fbt de l&rsquo;\u00e9nergie.<\/p>\n\n\n\n<p>Parmi les politiques pr\u00e9sents dans ce cort\u00e8ge, encadr\u00e9s par plusieurs centaines de gendarmes et de CRS, se trouvaient notamment les d\u00e9put\u00e9s LFI Antoine L\u00e9aument et Thomas Portes.<\/p>\n\n\n\n<p>Les organisateurs parlaient cependant d&rsquo;un engouement particulier en amont du 7 janvier. \u00ab\u00a0Je pense qu&rsquo;il y aura du monde en raison du d\u00e9ni d\u00e9mocratique, de l&rsquo;inflation, des factures. C&rsquo;est la merde socialement\u00a0\u00bb, expliquait l&rsquo;un des organisateurs \u00e0 BFMTV, pr\u00e9cisant qu&rsquo;une dizaine de ronds points tenus \u00e0 travers la France dans le pass\u00e9 se sont \u00ab\u00a0r\u00e9activ\u00e9s\u00a0\u00bb derni\u00e8rement en vue de cette manifestation.<\/p>\n\n\n\n<p>L&rsquo;organisateur expliquait que la manifestation s&rsquo;inscrit dans la logique de celles qui se tiennent depuis un an.<\/p>\n","protected":false},"excerpt":{"rendered":"<p>Plusieurs centaines de gilets jaunes se sont mobilis\u00e9s ce samedi \u00e0 Paris, Toulouse, Strasbourg ou Mulhouse, contre la r\u00e9forme des retraites, l&rsquo;inflation et la hausse du co\u00fbt de l&rsquo;\u00e9nergie. De l&rsquo;aveu m\u00eame de certains manifestants,&nbsp;la mobilisation des gilets jaunes&nbsp;\u00e9tait \u00ab\u00a0plut\u00f4t faible\u00a0\u00bb ce samedi. Selon notre reporter pr\u00e9sent dans le cort\u00e8ge parisien, environ 500 personnes \u00e9taient [&hellip;]<\/p>\n","protected":false},"author":2,"featured_media":23584,"comment_status":"open","ping_status":"open","sticky":false,"template":"","format":"standard","meta":{"_jetpack_memberships_contains_paid_content":false,"footnotes":"","jetpack_publicize_message":"","jetpack_publicize_feature_enabled":true,"jetpack_social_post_already_shared":true,"jetpack_social_options":{"image_generator_settings":{"template":"highway","default_image_id":0,"font":"","enabled":false},"version":2},"_wpas_customize_per_network":false},"categories":[405],"tags":[],"class_list":["post-23583","post","type-post","status-publish","format-standard","has-post-thumbnail","hentry","category-actu-france-monde"],"jetpack_publicize_connections":[],"jetpack_featured_media_url":"https:\/\/i0.wp.com\/www.iceagetv.com\/radiosite\/wp-content\/uploads\/2023\/01\/UN-APPEL-A-LA-MANIFESTATION-TRES-PEU-SUIVI.jpg?fit=680%2C383&ssl=1","jetpack_sharing_enabled":true,"_links":{"self":[{"href":"https:\/\/www.iceagetv.com\/radiosite\/wp-json\/wp\/v2\/posts\/23583","targetHints":{"allow":["GET"]}}],"collection":[{"href":"https:\/\/www.iceagetv.com\/radiosite\/wp-json\/wp\/v2\/posts"}],"about":[{"href":"https:\/\/www.iceagetv.com\/radiosite\/wp-json\/wp\/v2\/types\/post"}],"author":[{"embeddable":true,"href":"https:\/\/www.iceagetv.com\/radiosite\/wp-json\/wp\/v2\/users\/2"}],"replies":[{"embeddable":true,"href":"https:\/\/www.iceagetv.com\/radiosite\/wp-json\/wp\/v2\/comments?post=23583"}],"version-history":[{"count":1,"href":"https:\/\/www.iceagetv.com\/radiosite\/wp-json\/wp\/v2\/posts\/23583\/revisions"}],"predecessor-version":[{"id":23585,"href":"https:\/\/www.iceagetv.com\/radiosite\/wp-json\/wp\/v2\/posts\/23583\/revisions\/23585"}],"wp:featuredmedia":[{"embeddable":true,"href":"https:\/\/www.iceagetv.com\/radiosite\/wp-json\/wp\/v2\/media\/23584"}],"wp:attachment":[{"href":"https:\/\/www.iceagetv.com\/radiosite\/wp-json\/wp\/v2\/media?parent=23583"}],"wp:term":[{"taxonomy":"category","embeddable":true,"href":"https:\/\/www.iceagetv.com\/radiosite\/wp-json\/wp\/v2\/categories?post=23583"},{"taxonomy":"post_tag","embeddable":true,"href":"https:\/\/www.iceagetv.com\/radiosite\/wp-json\/wp\/v2\/tags?post=23583"}],"curies":[{"name":"wp","href":"https:\/\/api.w.org\/{rel}","templated":true}]}}