{"id":23586,"date":"2023-01-08T12:04:13","date_gmt":"2023-01-08T12:04:13","guid":{"rendered":"https:\/\/www.iceagetv.com\/radiosite\/?p=23586"},"modified":"2023-01-08T12:04:13","modified_gmt":"2023-01-08T12:04:13","slug":"reforme-des-retraites-les-syndicats-ulceres-par-le-probable-report-de-lage-de-depart-a-64-ans","status":"publish","type":"post","link":"https:\/\/www.iceagetv.com\/radiosite\/reforme-des-retraites-les-syndicats-ulceres-par-le-probable-report-de-lage-de-depart-a-64-ans\/","title":{"rendered":"R\u00e9forme des retraites : les syndicats ulc\u00e9r\u00e9s par le probable report de l&rsquo;\u00e2ge de d\u00e9part \u00e0 64 ans"},"content":{"rendered":"\n<p>Elisabeth Borne joue gros. Consciente de la fronde que risque de susciter le projet de r\u00e9forme des retraites qui sera d\u00e9voil\u00e9 ce mardi 10 janvier, la Premi\u00e8re ministre a d&rsquo;ailleurs demand\u00e9 \u00e0 son gouvernement de<em>&nbsp;\u00ab\u00a0r\u00e9sister aux vents contraires\u00a0\u00bb<\/em>. Mais elle assure qu&rsquo;elle<em>&nbsp;\u00ab\u00a0ne se pose pas la question dans (les) termes\u00a0\u00bb<\/em>&nbsp;de son maintien ou pas \u00e0 Matignon selon l&rsquo;issue du projet.&nbsp;<em>\u00ab\u00a0Je suis \u00e0 ma t\u00e2che\u00a0\u00bb<\/em>, dit-elle.&nbsp;<\/p>\n\n\n\n<p>Lors d&rsquo;une conf\u00e9rence de presse en pr\u00e9sence de plusieurs ministres, Elisabeth Borne pourrait, selon plusieurs de ses interlocuteurs, proposer\u00a0<a href=\"https:\/\/www.tf1info.fr\/politique\/reforme-des-retraites-age-de-depart-a-64-ans-piste-de-report-tres-largement-envisagee-par-le-gouvernement-2244251.html\">un report de l&rsquo;\u00e2ge l\u00e9gal de d\u00e9part \u00e0 64 ans<\/a>, au lieu de 62 actuellement, apr\u00e8s avoir envisag\u00e9 65 ans. Une mesure contre laquelle les syndicats pr\u00e9voient d\u00e9j\u00e0 de manifester, et ce, malgr\u00e9 des mesures d&rsquo;accompagnement annonc\u00e9es sur l&#8217;emploi des seniors ou la p\u00e9nibilit\u00e9.<\/p>\n\n\n\n<p><em>Si Emmanuel Macron veut en faire sa m\u00e8re des r\u00e9formes (&#8230;) pour nous, ce sera la m\u00e8re des batailles\u00a0\u00bb<\/em>, pr\u00e9vient d&rsquo;ores et d\u00e9j\u00e0 le patron de FO Fr\u00e9d\u00e9ric Souillot, oppos\u00e9 \u00e0 cette r\u00e9forme comme l&rsquo;ensemble des organisations syndicales et l&rsquo;essentiel des oppositions. La pierre d&rsquo;achoppement reste la mesure d&rsquo;\u00e2ge. Plus de deux tiers des Fran\u00e7ais (68%) sont d\u00e9favorables au report \u00e0 64 ans, selon un sondage Ifop-Fiducial.&nbsp;<\/p>\n\n\n\n<p><em>\u00ab\u00a0Il faut que ce soit clair, m\u00eame avec des mesures positives sur les carri\u00e8res longues ou la p\u00e9nibilit\u00e9, on reste oppos\u00e9 \u00e0 la r\u00e9forme avec une mesure d\u2019\u00e2ge. Il n\u2019y aura pas de deal avec la CFDT\u00a0\u00bb<\/em>\u00a0en cas de report de l&rsquo;\u00e2ge l\u00e9gal et\u00a0<em>\u00ab\u00a0on fera tout pour que le gouvernement recule\u00a0\u00bb<\/em>, avertit de son c\u00f4t\u00e9 son leader Laurent Berger dans\u00a0<a href=\"https:\/\/www.leparisien.fr\/politique\/lavertissement-de-laurent-berger-sur-les-retraites-il-ny-aura-pas-de-deal-avec-la-cfdt-07-01-2023-YWJDRQRTKRB63GSS56KWUUO66U.php\">Le Parisien<\/a>. Le gouvernement reste toutefois d\u00e9termin\u00e9.\u00a0<em>\u00ab\u00a0Ce n&rsquo;est pas parce qu&rsquo;une r\u00e9forme est impopulaire qu&rsquo;il ne faut pas la faire\u00a0\u00bb,<\/em>\u00a0assure son porte-parole Olivier V\u00e9ran, faisant appel \u00e0\u00a0<em>\u00ab\u00a0l&rsquo;esprit de responsabilit\u00e9\u00a0\u00bb.\u00a0<\/em>Il reconna\u00eet des d\u00e9saccords sur les\u00a0<em>\u00ab\u00a0solutions\u00a0\u00bb<\/em>. La CFDT a des propositions pour relever le taux d&#8217;emploi des seniors qui permettra de combler le d\u00e9ficit. Tous les syndicats d\u00e9fendent une hausse des cotisations patronales, piste aussi \u00e9voqu\u00e9e par le Haut-commissaire au Plan Fran\u00e7ois Bayrou, mais \u00e9cart\u00e9e par l&rsquo;ex\u00e9cutif.<\/p>\n\n\n\n<h2 class=\"wp-block-heading\">Les syndicats se r\u00e9unissent mardi soir<\/h2>\n\n\n\n<p>\u00c0 d\u00e9faut de convaincre les syndicats, re\u00e7us comme les forces politiques \u00e0 plusieurs reprises \u00e0 Matignon depuis octobre, le gouvernement esp\u00e8re rallier les \u00e9lus LR, divis\u00e9s sur cette r\u00e9forme pourtant proche de ce que vote chaque ann\u00e9e le S\u00e9nat, \u00e0 majorit\u00e9 de droite.&nbsp;<a href=\"https:\/\/www.tf1info.fr\/politique\/reforme-des-retraites-eric-ciotti-president-des-republicains-pret-a-voter-une-reforme-juste-2244268.html\">Le patron de LR Eric Ciotti<\/a>&nbsp;se dit pr\u00eat, dans le JDD, \u00e0&nbsp;<em>\u00ab\u00a0voter une r\u00e9forme juste\u00a0\u00bb<\/em>&nbsp;et \u00e9tal\u00e9e dans le temps, avec un \u00e2ge de d\u00e9part relev\u00e9 \u00e0 64 ans en 2032 et un minimum \u00e0 1.200 euros, y compris pour les retrait\u00e9s actuels.<\/p>\n\n\n\n<p>Un vote LR permettrait \u00e0 l&rsquo;ex\u00e9cutif de ne pas d\u00e9gainer le 49.3 pour faire adopter par l&rsquo;Assembl\u00e9e sa r\u00e9forme qui devrait passer par un projet de loi de financement rectificative de la S\u00e9cu. Le texte sera examin\u00e9 en Conseil des ministres le 23 janvier, mais les syndicats, qui se r\u00e9unissent mardi soir, envisagent de mobiliser avant cette date, alors qu&rsquo;\u00e0 gauche, la Nupes tient meeting les 10 et 17 janvier et que LFI manifeste le 21.<\/p>\n","protected":false},"excerpt":{"rendered":"<p>Elisabeth Borne joue gros. Consciente de la fronde que risque de susciter le projet de r\u00e9forme des retraites qui sera d\u00e9voil\u00e9 ce mardi 10 janvier, la Premi\u00e8re ministre a d&rsquo;ailleurs demand\u00e9 \u00e0 son gouvernement de&nbsp;\u00ab\u00a0r\u00e9sister aux vents contraires\u00a0\u00bb. Mais elle assure qu&rsquo;elle&nbsp;\u00ab\u00a0ne se pose pas la question dans (les) termes\u00a0\u00bb&nbsp;de son maintien ou pas \u00e0 [&hellip;]<\/p>\n","protected":false},"author":2,"featured_media":23587,"comment_status":"open","ping_status":"open","sticky":false,"template":"","format":"standard","meta":{"_jetpack_memberships_contains_paid_content":false,"footnotes":"","jetpack_publicize_message":"","jetpack_publicize_feature_enabled":true,"jetpack_social_post_already_shared":true,"jetpack_social_options":{"image_generator_settings":{"template":"highway","default_image_id":0,"font":"","enabled":false},"version":2},"_wpas_customize_per_network":false},"categories":[405],"tags":[],"class_list":["post-23586","post","type-post","status-publish","format-standard","has-post-thumbnail","hentry","category-actu-france-monde"],"jetpack_publicize_connections":[],"jetpack_featured_media_url":"https:\/\/i0.wp.com\/www.iceagetv.com\/radiosite\/wp-content\/uploads\/2023\/01\/les-syndicats-ulceres-par-le-probable-report-de-lage-de-depart-a-64-ans.jpg?fit=680%2C383&ssl=1","jetpack_sharing_enabled":true,"_links":{"self":[{"href":"https:\/\/www.iceagetv.com\/radiosite\/wp-json\/wp\/v2\/posts\/23586","targetHints":{"allow":["GET"]}}],"collection":[{"href":"https:\/\/www.iceagetv.com\/radiosite\/wp-json\/wp\/v2\/posts"}],"about":[{"href":"https:\/\/www.iceagetv.com\/radiosite\/wp-json\/wp\/v2\/types\/post"}],"author":[{"embeddable":true,"href":"https:\/\/www.iceagetv.com\/radiosite\/wp-json\/wp\/v2\/users\/2"}],"replies":[{"embeddable":true,"href":"https:\/\/www.iceagetv.com\/radiosite\/wp-json\/wp\/v2\/comments?post=23586"}],"version-history":[{"count":1,"href":"https:\/\/www.iceagetv.com\/radiosite\/wp-json\/wp\/v2\/posts\/23586\/revisions"}],"predecessor-version":[{"id":23588,"href":"https:\/\/www.iceagetv.com\/radiosite\/wp-json\/wp\/v2\/posts\/23586\/revisions\/23588"}],"wp:featuredmedia":[{"embeddable":true,"href":"https:\/\/www.iceagetv.com\/radiosite\/wp-json\/wp\/v2\/media\/23587"}],"wp:attachment":[{"href":"https:\/\/www.iceagetv.com\/radiosite\/wp-json\/wp\/v2\/media?parent=23586"}],"wp:term":[{"taxonomy":"category","embeddable":true,"href":"https:\/\/www.iceagetv.com\/radiosite\/wp-json\/wp\/v2\/categories?post=23586"},{"taxonomy":"post_tag","embeddable":true,"href":"https:\/\/www.iceagetv.com\/radiosite\/wp-json\/wp\/v2\/tags?post=23586"}],"curies":[{"name":"wp","href":"https:\/\/api.w.org\/{rel}","templated":true}]}}