{"id":23597,"date":"2023-01-09T17:28:55","date_gmt":"2023-01-09T17:28:55","guid":{"rendered":"https:\/\/www.iceagetv.com\/radiosite\/?p=23597"},"modified":"2023-01-09T17:28:55","modified_gmt":"2023-01-09T17:28:55","slug":"au-bresil-lula-condamne-les-actes-terroristes-survenus-a-brasilia-apres-lassaut-des-bolsonaristes","status":"publish","type":"post","link":"https:\/\/www.iceagetv.com\/radiosite\/au-bresil-lula-condamne-les-actes-terroristes-survenus-a-brasilia-apres-lassaut-des-bolsonaristes\/","title":{"rendered":"Au Br\u00e9sil, Lula condamne \u00ab\u00a0les actes terroristes\u00a0\u00bb survenus \u00e0 Brasilia, apr\u00e8s l\u2019assaut des bolsonaristes"},"content":{"rendered":"\n<p>Le pr\u00e9sident br\u00e9silien, Luiz Inacio Lula da Silva, les chefs du S\u00e9nat, de la Chambre des d\u00e9put\u00e9s et de la Cour supr\u00eame ont condamn\u00e9, lundi 9\u00a0janvier,\u00a0<em>\u00ab\u00a0les actes terroristes, de vandalisme, criminels et putschistes\u00a0\u00bb\u00a0<\/em>survenus la veille \u00e0 Brasilia, dans une d\u00e9claration commune publi\u00e9e\u00a0<a rel=\"noreferrer noopener\" href=\"https:\/\/twitter.com\/LulaOficial\/status\/1612449662618959875?s=20&amp;t=ii822ra-fKKcWjGutifgDw\" target=\"_blank\">sur le compte Twitter du chef de l\u2019Etat<\/a>.Dimanche, des centaines de partisans de l\u2019ex-pr\u00e9sident d\u2019extr\u00eame droite Jair Bolsonaro ont pris d\u2019assaut plusieurs b\u00e2timents officiels de la capitale br\u00e9silienne. Apr\u00e8s plusieurs heures de chaos, les forces de l\u2019ordre ont repris le contr\u00f4le du palais pr\u00e9sidentiel, du Congr\u00e8s et de la Cour supr\u00eame. Plus de 300\u00a0personnes ont \u00e9t\u00e9 interpell\u00e9es, et le Parquet g\u00e9n\u00e9ral a demand\u00e9 l\u2019ouverture imm\u00e9diate d\u2019investigations pour \u00e9tablir\u00a0<em>\u00ab\u00a0la responsabilit\u00e9 des personnes impliqu\u00e9es\u00a0\u00bb<\/em>\u00a0dans l\u2019attaque des b\u00e2timents.<em>\u00a0Les putschistes qui ont promu la destruction des propri\u00e9t\u00e9s publiques \u00e0 Brasilia sont en train d\u2019\u00eatre identifi\u00e9s et seront punis.\u00a0<\/em>[Lundi]\u00a0<em>nous reprenons le travail au palais de Planalto. D\u00e9mocratie toujours\u00a0\u00bb<\/em>,\u00a0<a rel=\"noreferrer noopener\" href=\"https:\/\/twitter.com\/LulaOficial\/status\/1612280715231612928\" target=\"_blank\">a tweet\u00e9<\/a>\u00a0Lula \u00e0 son retour \u00e0 Brasilia tard dimanche soir.<\/p>\n\n\n\n<p>La place des Trois-Pouvoirs avait \u00e9t\u00e9 boucl\u00e9e par les autorit\u00e9s. Mais les bolsonaristes, pour beaucoup habill\u00e9s du maillot jaune de la Sele\u00e7ao, la s\u00e9lection de football du Br\u00e9sil, un symbole qu\u2019ils se sont appropri\u00e9s, sont parvenus \u00e0 forcer les cordons de s\u00e9curit\u00e9.<\/p>\n\n\n\n<p>Ils ont provoqu\u00e9 des d\u00e9g\u00e2ts consid\u00e9rables dans les trois immenses palais \u2013 le Congr\u00e8s, la Cour supr\u00eame et le palais pr\u00e9sidentiel \u00e0 Brasilia \u2013, qui sont des tr\u00e9sors de l\u2019architecture moderne et regorgent d\u2019\u0153uvres d\u2019art. Des tableaux d\u2019une valeur inestimable ont \u00e9t\u00e9 endommag\u00e9s, dont\u00a0<em>Les Mul\u00e2tres<\/em>, du peintre moderniste Di Cavalcanti, expos\u00e9 au palais pr\u00e9sidentiel et perc\u00e9 de plusieurs trous, selon des photos circulant sur les r\u00e9seaux sociaux.<\/p>\n\n\n\n<p>Selon la cha\u00eene CNN, des manifestants ont mis le feu au tapis d\u2019un salon du Congr\u00e8s. Un syndicat de presse a fait \u00e9tat de l\u2019agression de cinq journalistes. Parmi eux, un photographe de l\u2019Agence France-Presse a \u00e9t\u00e9 frapp\u00e9 et s\u2019est fait voler tout son mat\u00e9riel.<\/p>\n\n\n\n<p>Le cri de ralliement\u00a0<em>\u00ab\u00a0intervention militaire\u00a0\u00bb<\/em>\u00a0(pour chasser Lula du pouvoir) a continu\u00e9 de s\u2019\u00e9lever de la foule rest\u00e9e aux abords du Congr\u00e8s des heures durant, malgr\u00e9 les fum\u00e9es des gaz lacrymog\u00e8nes ou les canons \u00e0 eau de la police.Des bolsonaristes manifestaient d\u00e9j\u00e0 devant des casernes militaires depuis la d\u00e9faite du pr\u00e9sident sortant. Ils r\u00e9clamaient l\u2019intervention de l\u2019arm\u00e9e pour emp\u00eacher Lula de revenir au pouvoir pour un troisi\u00e8me mandat, apr\u00e8s ceux de 2003 \u00e0 2010. Certains d\u2019entre eux ont \u00e9galement bloqu\u00e9 des axes routiers pendant plus d\u2019une semaine apr\u00e8s l\u2019\u00e9lection.<\/p>\n","protected":false},"excerpt":{"rendered":"<p>Le pr\u00e9sident br\u00e9silien, Luiz Inacio Lula da Silva, les chefs du S\u00e9nat, de la Chambre des d\u00e9put\u00e9s et de la Cour supr\u00eame ont condamn\u00e9, lundi 9\u00a0janvier,\u00a0\u00ab\u00a0les actes terroristes, de vandalisme, criminels et putschistes\u00a0\u00bb\u00a0survenus la veille \u00e0 Brasilia, dans une d\u00e9claration commune publi\u00e9e\u00a0sur le compte Twitter du chef de l\u2019Etat.Dimanche, des centaines de partisans de l\u2019ex-pr\u00e9sident [&hellip;]<\/p>\n","protected":false},"author":2,"featured_media":23598,"comment_status":"open","ping_status":"open","sticky":false,"template":"","format":"standard","meta":{"_jetpack_memberships_contains_paid_content":false,"footnotes":"","jetpack_publicize_message":"","jetpack_publicize_feature_enabled":true,"jetpack_social_post_already_shared":true,"jetpack_social_options":{"image_generator_settings":{"template":"highway","default_image_id":0,"font":"","enabled":false},"version":2},"_wpas_customize_per_network":false},"categories":[405],"tags":[],"class_list":["post-23597","post","type-post","status-publish","format-standard","has-post-thumbnail","hentry","category-actu-france-monde"],"jetpack_publicize_connections":[],"jetpack_featured_media_url":"https:\/\/i0.wp.com\/www.iceagetv.com\/radiosite\/wp-content\/uploads\/2023\/01\/Lula-condamne.jpg?fit=664%2C422&ssl=1","jetpack_sharing_enabled":true,"_links":{"self":[{"href":"https:\/\/www.iceagetv.com\/radiosite\/wp-json\/wp\/v2\/posts\/23597","targetHints":{"allow":["GET"]}}],"collection":[{"href":"https:\/\/www.iceagetv.com\/radiosite\/wp-json\/wp\/v2\/posts"}],"about":[{"href":"https:\/\/www.iceagetv.com\/radiosite\/wp-json\/wp\/v2\/types\/post"}],"author":[{"embeddable":true,"href":"https:\/\/www.iceagetv.com\/radiosite\/wp-json\/wp\/v2\/users\/2"}],"replies":[{"embeddable":true,"href":"https:\/\/www.iceagetv.com\/radiosite\/wp-json\/wp\/v2\/comments?post=23597"}],"version-history":[{"count":1,"href":"https:\/\/www.iceagetv.com\/radiosite\/wp-json\/wp\/v2\/posts\/23597\/revisions"}],"predecessor-version":[{"id":23599,"href":"https:\/\/www.iceagetv.com\/radiosite\/wp-json\/wp\/v2\/posts\/23597\/revisions\/23599"}],"wp:featuredmedia":[{"embeddable":true,"href":"https:\/\/www.iceagetv.com\/radiosite\/wp-json\/wp\/v2\/media\/23598"}],"wp:attachment":[{"href":"https:\/\/www.iceagetv.com\/radiosite\/wp-json\/wp\/v2\/media?parent=23597"}],"wp:term":[{"taxonomy":"category","embeddable":true,"href":"https:\/\/www.iceagetv.com\/radiosite\/wp-json\/wp\/v2\/categories?post=23597"},{"taxonomy":"post_tag","embeddable":true,"href":"https:\/\/www.iceagetv.com\/radiosite\/wp-json\/wp\/v2\/tags?post=23597"}],"curies":[{"name":"wp","href":"https:\/\/api.w.org\/{rel}","templated":true}]}}