{"id":23603,"date":"2023-01-10T17:47:10","date_gmt":"2023-01-10T17:47:10","guid":{"rendered":"https:\/\/www.iceagetv.com\/radiosite\/?p=23603"},"modified":"2023-01-10T17:47:10","modified_gmt":"2023-01-10T17:47:10","slug":"retraites-elisabeth-borne-le-1er-septembre-lage-de-depart-sera-releve-de-3-mois-par-an-pour-arriver-a-64-ans-en-2030-pour-une-retraite-a-taux-plein-il-faudra-avoir-travailler-43-ans-des-202","status":"publish","type":"post","link":"https:\/\/www.iceagetv.com\/radiosite\/retraites-elisabeth-borne-le-1er-septembre-lage-de-depart-sera-releve-de-3-mois-par-an-pour-arriver-a-64-ans-en-2030-pour-une-retraite-a-taux-plein-il-faudra-avoir-travailler-43-ans-des-202\/","title":{"rendered":"Retraites &#8211; Elisabeth Borne : \u00ab\u00a0Le 1er septembre l&rsquo;\u00e2ge de d\u00e9part sera relev\u00e9 de 3 mois par an pour arriver \u00e0 64 ans en 2030 &#8211; Pour une retraite \u00e0 taux plein, il faudra avoir travailler 43 ans d\u00e8s 2027\u00a0\u00bb"},"content":{"rendered":"\n<p><strong>Marine Le Pen r\u00e9agit \u00e9galement sur les r\u00e9seaux sociaux :<\/strong>\u00a0\u00ab\u00a0Apr\u00e8s avoir \u00e9t\u00e9 \u00e9lu gr\u00e2ce \u00e0 la gauche et \u00e0 la France insoumise, Emmanuel Macron va tenter d\u00e9sormais, avec le soutien de LR, de faire passer la retraite \u00e0 64 ans. Les Fran\u00e7ais peuvent compter sur toute notre d\u00e9termination pour faire barrage \u00e0 cette r\u00e9forme injuste.\u00a0\u00bbElisabeth Borne reprend la parole : \u00ab\u00a0Nous voulons pr\u00e9server le syst\u00e8me par r\u00e9partition et le rendre plus jeune. Nous voulons rassurer les plus jeunes et leur montrer qu&rsquo;ils auront une retraite. Il faut montrer que notre pays est capable de se transformer pour un projet juste et \u00e9quilibr\u00e9\u00a0\u00bb<strong>Jean-Luc M\u00e9lenchon vient de r\u00e9agir sur Twitter : \u00ab\u00a0La r\u00e9forme #Macron #Borne c\u2019est une grave r\u00e9gression sociale.\u00a0\u00bb<\/strong>C&rsquo;est d\u00e9sormais officiel, l\u2019\u00e2ge l\u00e9gal \u00e0 partir duquel il est possible de partir \u00e0 la retraite sera progressivement relev\u00e9 \u00e0 compter du 1er septembre 2023, \u00e0 raison de 3 mois par ann\u00e9e de naissance. Il sera ainsi fix\u00e9 \u00e0 63 ans et 3 mois en 2027, \u00e0 la fin du quinquennat, puis atteindra la cible de 64 ans en 2030. Pour b\u00e9n\u00e9ficier d\u2019une retraite \u00e0 taux plein, il faudra \u00e9galement, d\u00e8s 2027, avoir travaill\u00e9 43 ans, soit la dur\u00e9e de cotisation vot\u00e9e dans le cadre de la loi Touraine de 2014. Par ailleurs, le dispositif permettant de partir \u00e0 la retraite \u00e0 67 ans avec un taux plein automatique et sans d\u00e9cote, m\u00eame sans 43 annuit\u00e9s, est maintenu par le gouvernement.<\/p>\n\n\n\n<p><strong>&nbsp;Elisabeth Borne d\u00e9marre sa conf\u00e9rence de presse.&nbsp;<\/strong>\u00ab\u00a0C&rsquo;est pour le pr\u00e9server que nous devons faire \u00e9voluer le syst\u00e8me de retraites. Pr\u00e9senter un tel projet est toujours un moment de v\u00e9rit\u00e9. C&rsquo;est un choix politique essentiel. Il y a une r\u00e9alit\u00e9 que chacun conna\u00eet. Le nombre de ceux qui cotisent pour les retraites diminue par rapport au nombre de retrait\u00e9s. C&rsquo;est un fait. Nous devons \u00eatre capables de regarder la r\u00e9alit\u00e9 en face.<\/p>\n\n\n\n<p>La n\u00e9cessit\u00e9 d&rsquo;adapter notre syst\u00e8me pour le pr\u00e9server a \u00e9t\u00e9 au coeur de la campagne pr\u00e9sidentielle et des l\u00e9gislatives. Ce n&rsquo;est une surprise pour personne.&nbsp;Nous proposons un projet qui finance exclusivement nos retraites. Chaque euro cotis\u00e9 servira \u00e0 financer nos retraites, rien d&rsquo;autres. Ensuite, nous refusons d&rsquo;augmenter le co\u00fbt du travail. Enfin, nous pr\u00e9sentons un projet qui garantit l&rsquo;\u00e9quilibre du syst\u00e8me en 2030.\u00a0\u00bb<\/p>\n\n\n\n<p>Nous ne sommes pas \u00e9gaux devant le travail. On ne peut pas demander \u00e0 chacun de travailler uniform\u00e9ment plus longtemps.&nbsp;Je suis bien consciente que cela n&rsquo;est neutre, mais pour l&rsquo;avenir de notre syst\u00e8me, nous proposons que ceux qui le peuvent travaillent progressivement plus longtemps.<\/p>\n\n\n\n<p><strong>A partir du 1er septembre l&rsquo;\u00e2ge de d\u00e9part sera relev\u00e9 de 3 mois par an pour arriver \u00e0 64 ans en 2030<\/strong>.&nbsp;<strong>Pour une retraite \u00e0 taux plein, il faudra avoir travailler 43 ans d\u00e8s 2027. La plupart des r\u00e9gimes sp\u00e9ciaux vont \u00eatre ferm\u00e9s pour les nouveaux entrants. C&rsquo;est une question d&rsquo;\u00e9quit\u00e9. Le minimum de pension augmente de 100 euros par an pour une carri\u00e8re compl\u00e8te.<\/strong><\/p>\n\n\n\n<p>La r\u00e9forme pr\u00e9voit plusieurs mesures pour pr\u00e9venir l&rsquo;usure professionnelle, notamment la cr\u00e9ation d'\u00a0\u00bbun fonds d&rsquo;investissement dans la pr\u00e9vention de l&rsquo;usure professionnelle\u00a0\u00bb ou encore l&rsquo;\u00e9largissement du compte professionnel de pr\u00e9vention (C2P) \u00e0 de nouveaux salari\u00e9s.<\/p>\n\n\n\n<p>Quand on regarde l&rsquo;\u00e9conomie fran\u00e7aise, il y a un point r\u00e9voltant, le taux d&#8217;emploi des seniors. C&rsquo;est r\u00e9voltant, et je p\u00e8se mes mots. C&rsquo;est une perte de comp\u00e9tences, un g\u00e2chis d&rsquo;exp\u00e9rience et d&rsquo;humanit\u00e9, c&rsquo;est un g\u00e2chis collectif.<\/p>\n\n\n\n<p>Une personne qui aurait commenc\u00e9 \u00e0 travailler le jour de ses 16 ans pourra partir \u00e0 60 ans.&nbsp;Ceux qui ont commenc\u00e9 avant 16 ans pourront partir d\u00e8s 58 ans, ceux entre 16 et 18 ans \u00e0 partir de 60 ans et ceux entre 18 et 20 ans \u00e0 partir de 62 ans.<\/p>\n","protected":false},"excerpt":{"rendered":"<p>Marine Le Pen r\u00e9agit \u00e9galement sur les r\u00e9seaux sociaux :\u00a0\u00ab\u00a0Apr\u00e8s avoir \u00e9t\u00e9 \u00e9lu gr\u00e2ce \u00e0 la gauche et \u00e0 la France insoumise, Emmanuel Macron va tenter d\u00e9sormais, avec le soutien de LR, de faire passer la retraite \u00e0 64 ans. Les Fran\u00e7ais peuvent compter sur toute notre d\u00e9termination pour faire barrage \u00e0 cette r\u00e9forme injuste.\u00a0\u00bbElisabeth [&hellip;]<\/p>\n","protected":false},"author":2,"featured_media":23604,"comment_status":"open","ping_status":"open","sticky":false,"template":"","format":"standard","meta":{"_jetpack_memberships_contains_paid_content":false,"footnotes":"","jetpack_publicize_message":"","jetpack_publicize_feature_enabled":true,"jetpack_social_post_already_shared":true,"jetpack_social_options":{"image_generator_settings":{"template":"highway","default_image_id":0,"font":"","enabled":false},"version":2},"_wpas_customize_per_network":false},"categories":[405],"tags":[],"class_list":["post-23603","post","type-post","status-publish","format-standard","has-post-thumbnail","hentry","category-actu-france-monde"],"jetpack_publicize_connections":[],"jetpack_featured_media_url":"https:\/\/i0.wp.com\/www.iceagetv.com\/radiosite\/wp-content\/uploads\/2023\/01\/Retraites-Elisabeth-Borne.jpg?fit=679%2C293&ssl=1","jetpack_sharing_enabled":true,"_links":{"self":[{"href":"https:\/\/www.iceagetv.com\/radiosite\/wp-json\/wp\/v2\/posts\/23603","targetHints":{"allow":["GET"]}}],"collection":[{"href":"https:\/\/www.iceagetv.com\/radiosite\/wp-json\/wp\/v2\/posts"}],"about":[{"href":"https:\/\/www.iceagetv.com\/radiosite\/wp-json\/wp\/v2\/types\/post"}],"author":[{"embeddable":true,"href":"https:\/\/www.iceagetv.com\/radiosite\/wp-json\/wp\/v2\/users\/2"}],"replies":[{"embeddable":true,"href":"https:\/\/www.iceagetv.com\/radiosite\/wp-json\/wp\/v2\/comments?post=23603"}],"version-history":[{"count":1,"href":"https:\/\/www.iceagetv.com\/radiosite\/wp-json\/wp\/v2\/posts\/23603\/revisions"}],"predecessor-version":[{"id":23605,"href":"https:\/\/www.iceagetv.com\/radiosite\/wp-json\/wp\/v2\/posts\/23603\/revisions\/23605"}],"wp:featuredmedia":[{"embeddable":true,"href":"https:\/\/www.iceagetv.com\/radiosite\/wp-json\/wp\/v2\/media\/23604"}],"wp:attachment":[{"href":"https:\/\/www.iceagetv.com\/radiosite\/wp-json\/wp\/v2\/media?parent=23603"}],"wp:term":[{"taxonomy":"category","embeddable":true,"href":"https:\/\/www.iceagetv.com\/radiosite\/wp-json\/wp\/v2\/categories?post=23603"},{"taxonomy":"post_tag","embeddable":true,"href":"https:\/\/www.iceagetv.com\/radiosite\/wp-json\/wp\/v2\/tags?post=23603"}],"curies":[{"name":"wp","href":"https:\/\/api.w.org\/{rel}","templated":true}]}}