{"id":23608,"date":"2023-01-11T12:18:00","date_gmt":"2023-01-11T12:18:00","guid":{"rendered":"https:\/\/www.iceagetv.com\/radiosite\/?p=23608"},"modified":"2023-01-11T12:18:00","modified_gmt":"2023-01-11T12:18:00","slug":"attaque-au-couteau-gare-du-nord-6-personnes-blessees-dont-une-en-urgence-absolue-plus-lagresseur-dont-le-pronostic-vital-est-engage-a-cette-heure-on-ne-connait-pas-lidentite-de-lindividu","status":"publish","type":"post","link":"https:\/\/www.iceagetv.com\/radiosite\/attaque-au-couteau-gare-du-nord-6-personnes-blessees-dont-une-en-urgence-absolue-plus-lagresseur-dont-le-pronostic-vital-est-engage-a-cette-heure-on-ne-connait-pas-lidentite-de-lindividu\/","title":{"rendered":"Attaque au couteau Gare du Nord: 6 personnes bless\u00e9es, dont une en urgence absolue, plus l&rsquo;agresseur dont le pronostic vital est engag\u00e9 &#8211; \u00ab\u00a0A cette heure, on ne connait pas l&rsquo;identit\u00e9 de l&rsquo;individu"},"content":{"rendered":"\n<p>Une enqu\u00eate a \u00e9t\u00e9 ouverte par le parquet de Paris. La brigade criminelle a \u00e9t\u00e9 charg\u00e9e des investigations, annonce le parquet de Paris<\/p>\n\n\n\n<p><strong>&nbsp;Le point sur ce que l&rsquo;on sait ce matin<\/strong><\/p>\n\n\n\n<p>Six personnes ont \u00e9t\u00e9 bless\u00e9es l\u00e9g\u00e8rement par arme blanche, mercredi gare du Nord \u00e0 Paris, par un homme aussit\u00f4t ma\u00eetris\u00e9 par les policiers sur place, a-t-on appris de source polici\u00e8re et aupr\u00e8s du parquet de Paris. Les faits se sont d\u00e9roul\u00e9s vers 06H45 au sein de la gare, situ\u00e9e en plein coeur du 10e arrondissement de Paris, \u00e0 une heure de forte affluence.<\/p>\n\n\n\n<p>Aucun \u00e9l\u00e9ment ne permettait \u00e0 9H00 d&rsquo;\u00e9voquer une attaque terroriste, selon une source proche du dossier. L&rsquo;hypoth\u00e8se terroriste&nbsp;\u00ab\u00a0n&rsquo;est pas privil\u00e9gi\u00e9e\u00a0\u00bb,&nbsp;a-t-on comment\u00e9. Le parquet a ouvert une enqu\u00eate confi\u00e9e \u00e0 la brigade criminelle de la police judiciaire de Paris. Pour une raison qui n&rsquo;a pas encore \u00e9t\u00e9 d\u00e9termin\u00e9e, l&rsquo;homme a bless\u00e9 plusieurs personnes avec une arme blanche. Les policiers l&rsquo;ont ma\u00eetris\u00e9 en faisant usage de leur arme \u00e0 plusieurs reprises, a-t-on ajout\u00e9 de m\u00eame source.<\/p>\n\n\n\n<p>L&rsquo;agresseur, dont le pronostic vital est engag\u00e9, a \u00e9t\u00e9 pris en charge sur place par les secours, avant d&rsquo;\u00eatre hospitalis\u00e9, selon le parquet. Un p\u00e9rim\u00e8tre de s\u00e9curit\u00e9 a \u00e9t\u00e9 aussit\u00f4t d\u00e9ploy\u00e9. Des rubans portant la mention +ne pas franchir+ de la police nationale \u00e9taient encore install\u00e9s au sein de la gare et s&rsquo;\u00e9tendaient entre les voies 11 \u00e0 18, \u00e0 8H30, a constat\u00e9 un journaliste de l&rsquo;AFP. Une annonce \u00e9tait diffus\u00e9e pr\u00e9venant les voyageurs de retards pour leur train.&nbsp;<\/p>\n\n\n\n<p>\u00ab\u00a0La gare continue d\u2019\u00eatre exploit\u00e9e normalement, pas d\u2019interruption du trafic\u00a0\u00bb, a comment\u00e9 aupr\u00e8s de l&rsquo;AFP un porte-parole de la SNCF. Des policiers installaient des grands voiles blancs sous l&rsquo;escalier d&rsquo;acc\u00e8s \u00e0 l&rsquo;Eurostar pour masquer la vue de l&rsquo;endroit aux voyageurs . Le ministre de l&rsquo;Int\u00e9rieur G\u00e9rald Darmanin a r\u00e9agi sur Twitter en \u00e9crivant:&nbsp;\u00ab\u00a0Merci aux forces de l&rsquo;ordre pour leur r\u00e9action courageuse et efficace\u00a0\u00bb.&nbsp;Il est arriv\u00e9 sur place \u00e0 9H00 entour\u00e9 d&rsquo;un cons\u00e9quent dispositif de s\u00e9curit\u00e9 pour&nbsp;\u00ab\u00a0remercier les forces de l&rsquo;ordre\u00a0\u00bb, a pr\u00e9cis\u00e9 son entourage.<\/p>\n\n\n\n<p>Le pr\u00e9fet de police de Paris Laurent Nunez,la procureure de Paris Laure Beccuau et la maire de Paris, Anne Hidalgo \u00e9taient sur place pour accueillir le ministre de l&rsquo;Int\u00e9rieur. La gare du Nord est la premi\u00e8re gare d\u2019Europe et la troisi\u00e8me gare mondiale en termes de flux puisqu&rsquo;elle accueille 700 000 personnes par jours et plus de 220 millions de visiteurs par an. Les trains au d\u00e9part desservent le nord de la France, mais \u00e9galement des destinations internationales comme Londres via l\u2019Eurostar, ou la Belgique et les Pays-Bas via le Thalys.<\/p>\n\n\n\n<p><strong>Le ministre de l&rsquo;Int\u00e9rieur, G\u00e9rald Darmanin, s&rsquo;exprime devant les journalistes<\/strong><\/p>\n\n\n\n<p><strong>\u00ab\u00a0Je me suis rendu aupr\u00e8s des effectifs de police ce matin (&#8230;) A 6h42, les premiers actes sur les victimes ont \u00e9t\u00e9 faits. A 6h43, deux policiers ont tir\u00e9 par trois fois sur l&rsquo;agresseur\u00a0\u00bb. \u00ab\u00a0A cette heure, on ne connait pas l&rsquo;identit\u00e9 de l&rsquo;individu (&#8230;) A ma connaissance, l&rsquo;agresseur n&rsquo;a rien dit pendant l&rsquo;attaque\u00a0\u00bb<\/strong><\/p>\n","protected":false},"excerpt":{"rendered":"<p>Une enqu\u00eate a \u00e9t\u00e9 ouverte par le parquet de Paris. La brigade criminelle a \u00e9t\u00e9 charg\u00e9e des investigations, annonce le parquet de Paris &nbsp;Le point sur ce que l&rsquo;on sait ce matin Six personnes ont \u00e9t\u00e9 bless\u00e9es l\u00e9g\u00e8rement par arme blanche, mercredi gare du Nord \u00e0 Paris, par un homme aussit\u00f4t ma\u00eetris\u00e9 par les policiers [&hellip;]<\/p>\n","protected":false},"author":2,"featured_media":23609,"comment_status":"open","ping_status":"open","sticky":false,"template":"","format":"standard","meta":{"_jetpack_memberships_contains_paid_content":false,"footnotes":"","jetpack_publicize_message":"","jetpack_publicize_feature_enabled":true,"jetpack_social_post_already_shared":true,"jetpack_social_options":{"image_generator_settings":{"template":"highway","default_image_id":0,"font":"","enabled":false},"version":2},"_wpas_customize_per_network":false},"categories":[405],"tags":[],"class_list":["post-23608","post","type-post","status-publish","format-standard","has-post-thumbnail","hentry","category-actu-france-monde"],"jetpack_publicize_connections":[],"jetpack_featured_media_url":"https:\/\/i0.wp.com\/www.iceagetv.com\/radiosite\/wp-content\/uploads\/2023\/01\/Attaque-au-couteau-Gare-du-Nord.jpg?fit=679%2C293&ssl=1","jetpack_sharing_enabled":true,"_links":{"self":[{"href":"https:\/\/www.iceagetv.com\/radiosite\/wp-json\/wp\/v2\/posts\/23608","targetHints":{"allow":["GET"]}}],"collection":[{"href":"https:\/\/www.iceagetv.com\/radiosite\/wp-json\/wp\/v2\/posts"}],"about":[{"href":"https:\/\/www.iceagetv.com\/radiosite\/wp-json\/wp\/v2\/types\/post"}],"author":[{"embeddable":true,"href":"https:\/\/www.iceagetv.com\/radiosite\/wp-json\/wp\/v2\/users\/2"}],"replies":[{"embeddable":true,"href":"https:\/\/www.iceagetv.com\/radiosite\/wp-json\/wp\/v2\/comments?post=23608"}],"version-history":[{"count":1,"href":"https:\/\/www.iceagetv.com\/radiosite\/wp-json\/wp\/v2\/posts\/23608\/revisions"}],"predecessor-version":[{"id":23610,"href":"https:\/\/www.iceagetv.com\/radiosite\/wp-json\/wp\/v2\/posts\/23608\/revisions\/23610"}],"wp:featuredmedia":[{"embeddable":true,"href":"https:\/\/www.iceagetv.com\/radiosite\/wp-json\/wp\/v2\/media\/23609"}],"wp:attachment":[{"href":"https:\/\/www.iceagetv.com\/radiosite\/wp-json\/wp\/v2\/media?parent=23608"}],"wp:term":[{"taxonomy":"category","embeddable":true,"href":"https:\/\/www.iceagetv.com\/radiosite\/wp-json\/wp\/v2\/categories?post=23608"},{"taxonomy":"post_tag","embeddable":true,"href":"https:\/\/www.iceagetv.com\/radiosite\/wp-json\/wp\/v2\/tags?post=23608"}],"curies":[{"name":"wp","href":"https:\/\/api.w.org\/{rel}","templated":true}]}}