{"id":23611,"date":"2023-01-11T13:53:20","date_gmt":"2023-01-11T13:53:20","guid":{"rendered":"https:\/\/www.iceagetv.com\/radiosite\/?p=23611"},"modified":"2023-01-11T13:53:20","modified_gmt":"2023-01-11T13:53:20","slug":"noel-le-graet-est-officiellement-mis-en-retrait-de-la-presidence-de-la-fff-jusqua-la-publication-du-rapport-de-laudit-florence-hardouin-directrice-generale-de-la-fff-mise-a-pied-a-titre-conser","status":"publish","type":"post","link":"https:\/\/www.iceagetv.com\/radiosite\/noel-le-graet-est-officiellement-mis-en-retrait-de-la-presidence-de-la-fff-jusqua-la-publication-du-rapport-de-laudit-florence-hardouin-directrice-generale-de-la-fff-mise-a-pied-a-titre-conser\/","title":{"rendered":"No\u00ebl Le Gra\u00ebt est officiellement mis en retrait de la pr\u00e9sidence de la FFF jusqu&rsquo;\u00e0 la publication du rapport de l&rsquo;audit &#8211; Florence Hardouin, directrice g\u00e9n\u00e9rale de la FFF, mise \u00e0 pied \u00e0 titre conservatoire"},"content":{"rendered":"\n<p><strong>Voici le communiqu\u00e9 de presse de la F\u00e9d\u00e9ration Fran\u00e7aise de Football<\/strong><\/p>\n\n\n\n<p><strong>\u00ab No\u00ebl Le Gra\u00ebt, en accord avec le Comit\u00e9 ex\u00e9cutif de la FFF r\u00e9uni ce jour \u00e0 Paris, a choisi de se mettre en retrait de ses fonctions de pr\u00e9sident de la F\u00e9d\u00e9ration jusqu\u2019\u00e0 la communication d\u00e9finitive de l\u2019audit diligent\u00e9 par le minist\u00e8re des Sports<\/strong>, et dans l\u2019attente de son analyse par le Comex de la FFF.<\/p>\n\n\n\n<p><strong>Le Comex de la FFF a par ailleurs d\u00e9cid\u00e9 la mise \u00e0 pied \u00e0 titre conservatoire de Florence Hardouin, directrice g\u00e9n\u00e9rale de la FFF.<\/strong>&nbsp;\u00c0 compter de ce jour, Philippe Diallo, vice-pr\u00e9sident d\u00e9l\u00e9gu\u00e9 de la FFF, assurera l\u2019int\u00e9rim de ces deux fonctions.<\/p>\n\n\n\n<p>Enfin, le Comex de la FFF, inform\u00e9 des modalit\u00e9s de la prolongation du contrat de Didier Deschamps \u00e0 la t\u00eate de l\u2019\u00c9quipe de France jusqu\u2019en 2026, l\u2019a valid\u00e9e \u00e0 l\u2019unanimit\u00e9. \u00bb<\/p>\n\n\n\n<p>Le Comit\u00e9 ex\u00e9cutif n&rsquo;a pas appr\u00e9ci\u00e9 d&rsquo;apprendre samedi le renouvellement de Deschamps \u00e0 la t\u00eate des Bleus jusqu&rsquo;en 2026 en pleine Assembl\u00e9e g\u00e9n\u00e9rale, comme les autres participants, un sujet qui n&rsquo;avait pas \u00e9t\u00e9 abord\u00e9 lors de sa r\u00e9union, la veille. La sortie irrespectueuse de Le Gra\u00ebt \u00e0 l&rsquo;\u00e9gard de Zizou, dimanche sur RMC, a \u00e9galement embras\u00e9 le football fran\u00e7ais et suscit\u00e9 de nombreuses r\u00e9actions indign\u00e9es.<\/p>\n\n\n\n<p>Le Breton s&rsquo;est excus\u00e9 lundi, via un communiqu\u00e9 transmis \u00e0 l&rsquo;AFP, mais il devra de nouveau en r\u00e9pondre devant le Comex. Le t\u00e9moignage de l&rsquo;agente Sonia Souid, en l&rsquo;accusant directement d&rsquo;avances \u00e0 r\u00e9p\u00e9tition, n&rsquo;a fait qu&rsquo;accabler encore un peu plus le pr\u00e9sident octog\u00e9naire alors que sa gestion, ainsi que celle de sa directrice g\u00e9n\u00e9rale Florence Hardouin, et ses comportements sexistes suppos\u00e9s, notamment aupr\u00e8s d&rsquo;anciennes salari\u00e9es, font l&rsquo;objet d&rsquo;une mission d&rsquo;audit et de contr\u00f4le diligent\u00e9e par la ministre des Sports.<\/p>\n\n\n\n<p>Les conclusions de cet audit sont attendues fin janvier, mais des premiers \u00e9l\u00e9ments ont d&rsquo;ores et d\u00e9j\u00e0 fuit\u00e9. France Inter a ainsi r\u00e9v\u00e9l\u00e9 que \u00ab\u00a0plusieurs femmes\u00a0\u00bb avaient \u00ab\u00a0d\u00e9nonc\u00e9 (&#8230;) l&rsquo;attitude de No\u00ebl Le Gra\u00ebt \u00e0 leur \u00e9gard\u00a0\u00bb, ce qui a \u00e9t\u00e9 confirm\u00e9 \u00e0 l&rsquo;AFP par une source proche du dossier. Selon la radio publique, une ancienne cadre a \u00ab\u00a0montr\u00e9 aux inspecteurs des textos et des messages WhatsApp\u00a0\u00bb qui \u00ab\u00a0ne sont certes pas illicites mais (&#8230;) posent question compte tenu du lien hi\u00e9rarchique\u00a0\u00bb.<\/p>\n","protected":false},"excerpt":{"rendered":"<p>Voici le communiqu\u00e9 de presse de la F\u00e9d\u00e9ration Fran\u00e7aise de Football \u00ab No\u00ebl Le Gra\u00ebt, en accord avec le Comit\u00e9 ex\u00e9cutif de la FFF r\u00e9uni ce jour \u00e0 Paris, a choisi de se mettre en retrait de ses fonctions de pr\u00e9sident de la F\u00e9d\u00e9ration jusqu\u2019\u00e0 la communication d\u00e9finitive de l\u2019audit diligent\u00e9 par le minist\u00e8re des [&hellip;]<\/p>\n","protected":false},"author":2,"featured_media":23612,"comment_status":"open","ping_status":"open","sticky":false,"template":"","format":"standard","meta":{"_jetpack_memberships_contains_paid_content":false,"footnotes":"","jetpack_publicize_message":"","jetpack_publicize_feature_enabled":true,"jetpack_social_post_already_shared":true,"jetpack_social_options":{"image_generator_settings":{"template":"highway","default_image_id":0,"font":"","enabled":false},"version":2},"_wpas_customize_per_network":false},"categories":[18],"tags":[],"class_list":["post-23611","post","type-post","status-publish","format-standard","has-post-thumbnail","hentry","category-actu-sport"],"jetpack_publicize_connections":[],"jetpack_featured_media_url":"https:\/\/i0.wp.com\/www.iceagetv.com\/radiosite\/wp-content\/uploads\/2023\/01\/Noel-Le-Graet-est-officiellement-mis-en-retrait.jpg?fit=679%2C293&ssl=1","jetpack_sharing_enabled":true,"_links":{"self":[{"href":"https:\/\/www.iceagetv.com\/radiosite\/wp-json\/wp\/v2\/posts\/23611","targetHints":{"allow":["GET"]}}],"collection":[{"href":"https:\/\/www.iceagetv.com\/radiosite\/wp-json\/wp\/v2\/posts"}],"about":[{"href":"https:\/\/www.iceagetv.com\/radiosite\/wp-json\/wp\/v2\/types\/post"}],"author":[{"embeddable":true,"href":"https:\/\/www.iceagetv.com\/radiosite\/wp-json\/wp\/v2\/users\/2"}],"replies":[{"embeddable":true,"href":"https:\/\/www.iceagetv.com\/radiosite\/wp-json\/wp\/v2\/comments?post=23611"}],"version-history":[{"count":1,"href":"https:\/\/www.iceagetv.com\/radiosite\/wp-json\/wp\/v2\/posts\/23611\/revisions"}],"predecessor-version":[{"id":23613,"href":"https:\/\/www.iceagetv.com\/radiosite\/wp-json\/wp\/v2\/posts\/23611\/revisions\/23613"}],"wp:featuredmedia":[{"embeddable":true,"href":"https:\/\/www.iceagetv.com\/radiosite\/wp-json\/wp\/v2\/media\/23612"}],"wp:attachment":[{"href":"https:\/\/www.iceagetv.com\/radiosite\/wp-json\/wp\/v2\/media?parent=23611"}],"wp:term":[{"taxonomy":"category","embeddable":true,"href":"https:\/\/www.iceagetv.com\/radiosite\/wp-json\/wp\/v2\/categories?post=23611"},{"taxonomy":"post_tag","embeddable":true,"href":"https:\/\/www.iceagetv.com\/radiosite\/wp-json\/wp\/v2\/tags?post=23611"}],"curies":[{"name":"wp","href":"https:\/\/api.w.org\/{rel}","templated":true}]}}